{"id":191896,"date":"2007-12-01T03:59:39","date_gmt":"2007-12-01T03:59:39","guid":{"rendered":"http:\/\/diariodominicano.ddns.net\/?p=191896"},"modified":"2007-12-01T03:59:39","modified_gmt":"2007-12-01T03:59:39","slug":"vargas-maldonado-emplaza-gobierno-cumplir-ley-de-educacion","status":"publish","type":"post","link":"https:\/\/diariodominicano.com\/?p=191896","title":{"rendered":"Vargas Maldonado emplaza Gobierno cumplir Ley de Educaci\u00f3n"},"content":{"rendered":"<p><body><\/p>\n<p class=\"titulogrande1\">Vargas  Maldonado emplaza Gobierno cumplir Ley de Educaci\u00f3n<\/p>\n<p>&#13;<\/p>\n<p align=\"justify\" class=\"text1noticias\"><strong><img loading=\"lazy\" decoding=\"async\" src=\"http:\/\/localhost:8080\/pictures\/miguel vargas foto.jpg\" width=\"269\" height=\"275\" hspace=\"4\" align=\"left\" \/>Santo Domingo.-<\/strong> El  Candidato presidencial perredeista Miguel Vargas Maldonado afirm\u00f3 que el  presidente Leonel Fern\u00e1ndez enga\u00f1a a la poblaci\u00f3n, pint\u00e1ndole un pa\u00eds que  desmiente una y otra vez la realidad de hechos como los dados a conocer en el  Informe Anual de la   Organizaci\u00f3n de las Naciones Unidas para la Educaci\u00f3n, la Ciencia y la Educaci\u00f3n, UNESCO.\u00a0\u00a0 <\/p>\n<p>&#13;<\/p>\n<p align=\"justify\" class=\"text1noticias\">Dijo que en ese informe se  establece que el pa\u00eds ocupa uno de los \u00faltimos lugares de Am\u00e9rica Latina en el  cumplimiento de las metas de educaci\u00f3n de la Cumbre del Milenio, y que si se toman en cuenta  que la UNESCO  fomenta el concepto \u201ceducaci\u00f3n para el desarrollo\u201d, al reportar el fracaso del  pa\u00eds en esa \u00e1rea est\u00e1 diciendo que bajo el gobierno del presidente Fern\u00e1ndez en  vez de pa`lante es para atr\u00e1s que va el pa\u00eds, y que en vez de progreso lo que  vive el pueblo es retroceso.<\/p>\n<p>&#13;<\/p>\n<p align=\"justify\" class=\"text1noticias\">Declar\u00f3 que \u201cesta nueva  evidencia de la incapacidad del gobierno se suma a otros importantes  indicadores del desempe\u00f1o fracasado del presidente candidato, lo que no pueden  ocultar ni los m\u00e1s de 15 mil millones de pesos que gasta en propaganda pol\u00edtica  para vender una imagen desmentida cada d\u00eda por la situaci\u00f3n de pobreza e  indigencia que vive la mayor\u00eda de nuestra poblaci\u00f3n\u201d.<\/p>\n<p>&#13;<\/p>\n<p align=\"justify\" class=\"text1noticias\">Vargas Maldonado habl\u00f3 sobre  estos temas antes de salir a una visita de dos d\u00edas a La Vega y Santiago, donde  sostendr\u00e1 encuentros con la militancia de su partido, contactar\u00e1 a empresarios  y personalidades independientes y se reunir\u00e1 con participantes en los  movimientos externos que respaldan su candidatura presidencial. El domingo har\u00e1  el trabajo de crecimiento en el Distrito Nacional. <\/p>\n<p>&#13;<\/p>\n<p align=\"justify\" class=\"text1noticias\">Emplaza  a cumplir Ley de Educaci\u00f3n<\/p>\n<p>&#13;<\/p>\n<p align=\"justify\" class=\"text1noticias\">Con respecto a la inversi\u00f3n  en educaci\u00f3n dijo que \u00e9l se ha comprometido a cumplir la ley otorgando el 4 por  ciento del PIB a la educaci\u00f3n \u201cy yo demando al presidente Fern\u00e1ndez que cumpla  con la ley, pues si \u00e9l no lo hace, entonces lo haremos nosotros tan pronto  ganemos la Presidencia  de la Rep\u00fablica  con el apoyo de todos los dominicanos y dominicanas que quieren un pa\u00eds de  avances reales y no de fantas\u00eda propagand\u00edstica\u201d.<\/p>\n<p>&#13;<\/p>\n<p align=\"justify\" class=\"text1noticias\">Cit\u00f3 como otra evidencia del  fracaso del presidente Fern\u00e1ndez que el Programa Mundial de Alimentos (PMA) de  las Naciones Unidas advirti\u00f3 que los problemas de hambre y desnutrici\u00f3n en la Rep\u00fablica Dominicana  son cr\u00f3nicos,\u00a0 y que con frecuencia son  ocultados dentro del tema de pobreza.<\/p>\n<p>&#13;<\/p>\n<p align=\"justify\" class=\"text1noticias\">Sostuvo que el problema de la  desnutrici\u00f3n cr\u00f3nica infantil se ha agravado en los \u00faltimos a\u00f1os, mientras  estad\u00edsticas de la   Organizaci\u00f3n de las Naciones Unidas para la Agricultura y la Alimentaci\u00f3n, FAO,  indican que el hambre afecta a m\u00e1s de dos millones de personas.<\/p>\n<p>&#13;<\/p>\n<p align=\"justify\" class=\"text1noticias\">\u201cTambi\u00e9n hemos visto en estos  d\u00edas\u201d, apunt\u00f3 el candidato presidencial perrede\u00edsta, que conforme a datos que  suministrara la organizaci\u00f3n Transparencia Internacional, en el pa\u00eds ha crecido  la corrupci\u00f3n, y no debe ser para menos puesto que cada d\u00eda estalla un nuevo  esc\u00e1ndalo de corrupci\u00f3n resultando el \u00faltimo y m\u00e1s espectacular el oscuro  manejo de un pr\u00e9stamo por 130 millones de d\u00f3lares concertado ilegalmente por el  presidente Fern\u00e1ndez, y del que hay 30 millones de d\u00f3lares que no aparecen por  ning\u00fan lado.<\/p>\n<p>&#13;<\/p>\n<p align=\"justify\" class=\"text1noticias\">\u201cOtro grav\u00edsimo dato\u201d,  ampli\u00f3, \u201ces el informe de la Fundaci\u00f3n Conrad Adenauer, que se acaba de  conocer en el pa\u00eds, seg\u00fan el cual bajo la administraci\u00f3n del presidente  reeleccionista el desarrollo democr\u00e1tico ha tenido un severo retroceso en  \u00edndices como las libertades civiles, la inseguridad, la participaci\u00f3n de los  partidos pol\u00edticos, el desempe\u00f1o en salud y educaci\u00f3n y las crisis de  gobierno\u201d.<\/p>\n<p>&#13;<\/p>\n<p align=\"justify\" class=\"text1noticias\">Este retroceso lo hemos  denunciado al demandar al presidente Fern\u00e1ndez que cumpla la ley que disponer  del 10% de los fondos no especializados del Presupuesto para que los  ayuntamientos puedan prestar mejores servicios a la gente.<\/p>\n<p>&#13;<\/p>\n<p align=\"justify\" class=\"text1noticias\">Tambi\u00e9n hemos puntualizado  que es retroceso de desarrollo democr\u00e1tico cuando el presidente candidato se  niega a entregar el 4% del Producto Bruto Interno a la educaci\u00f3n, lo mismo que  cuando se embarga en incrementar sustancialmente la deuda externa del pa\u00eds sin  someterla al Congreso, como manda la Constituci\u00f3n.<\/p>\n<p>&#13;<\/p>\n<p align=\"justify\" class=\"text1noticias\">\u201cEstas evidencias son  aportadas por los organismos internacionales, que no intervienen en la  actividad pol\u00edtica nacional, y son ellos los que demuestran que el presidente  Leonel Fern\u00e1ndez ha fracasado y que sus supuestos grandes \u00e9xitos no son m\u00e1s que  un derroche de los dineros p\u00fablicos en propaganda pol\u00edtica que no responde a  verdad\u201d, puntualiz\u00f3.<\/p>\n<p>&#13;<\/p>\n<p align=\"justify\" class=\"text1noticias\">Asegur\u00f3 que para superar esa  situaci\u00f3n es que est\u00e1 organizando su candidatura presidencial en base a grandes  acuerdos y alianzas con los sectores pol\u00edticos y de la sociedad civil, en base  a una pol\u00edtica de respeto, unidad y consenso, que son los mejores instrumentos  para que trabajemos todos juntos por el desarrollo nacional.<\/p>\n<p>&#13;<\/p>\n<h6> 2007-12-01 03:59:39 <\/h6>\n<p><!--\n<link rel=\"stylesheet\" href=\"css\/bootstrap.min.css\">\n\n\n<ul class=\"pagination\">\n\t    \n\t\n\n<li >\n\t<a href='?page_no=34643'>Previous<\/a>\n\t<\/li>\n\n\n       \n    \n\n<li><a href='?page_no=1'>1<\/a><\/li>\n\n\n\n<li><a href='?page_no=2'>2<\/a><\/li>\n\n\n\n<li><a>...<\/a><\/li>\n\n\n\n<li><a href='?page_no=34642'>34642<\/a><\/li>\n\n\n\n<li><a href='?page_no=34643'>34643<\/a><\/li>\n\n\n\n<li class='active'><a>34644<\/a><\/li>\n\n\n\n<li><a href='?page_no=34645'>34645<\/a><\/li>\n\n\n\n<li><a href='?page_no=34646'>34646<\/a><\/li>\n\n\n\n<li><a>...<\/a><\/li>\n\n\n\n<li><a href='?page_no=36999'>36999<\/a><\/li>\n\n\n\n<li><a href='?page_no=37000'>37000<\/a><\/li>\n\n    \n\t\n\n<li >\n\t<a href='?page_no=34645'>Next<\/a>\n\t<\/li>\n\n\n    \n\n<li><a href='?page_no=37000'>Last &rsaquo;&rsaquo;<\/a><\/li>\n\n<\/ul>\n\n\n--><br \/>\n<\/body><\/p>\n","protected":false},"excerpt":{"rendered":"<p>Vargas Maldonado emplaza Gobierno cumplir Ley de Educaci\u00f3n &#13; Santo Domingo.- El Candidato presidencial perredeista Miguel Vargas Maldonado afirm\u00f3 que el presidente Leonel Fern\u00e1ndez enga\u00f1a a la poblaci\u00f3n, pint\u00e1ndole un pa\u00eds que desmiente una y otra vez la realidad de hechos como los dados a conocer en el Informe Anual de la Organizaci\u00f3n de las [&hellip;]<\/p>\n","protected":false},"author":3,"featured_media":0,"comment_status":"open","ping_status":"open","sticky":false,"template":"","format":"standard","meta":{"footnotes":""},"categories":[22],"tags":[],"class_list":["post-191896","post","type-post","status-publish","format-standard","hentry","category-politica"],"_links":{"self":[{"href":"https:\/\/diariodominicano.com\/index.php?rest_route=\/wp\/v2\/posts\/191896","targetHints":{"allow":["GET"]}}],"collection":[{"href":"https:\/\/diariodominicano.com\/index.php?rest_route=\/wp\/v2\/posts"}],"about":[{"href":"https:\/\/diariodominicano.com\/index.php?rest_route=\/wp\/v2\/types\/post"}],"author":[{"embeddable":true,"href":"https:\/\/diariodominicano.com\/index.php?rest_route=\/wp\/v2\/users\/3"}],"replies":[{"embeddable":true,"href":"https:\/\/diariodominicano.com\/index.php?rest_route=%2Fwp%2Fv2%2Fcomments&post=191896"}],"version-history":[{"count":0,"href":"https:\/\/diariodominicano.com\/index.php?rest_route=\/wp\/v2\/posts\/191896\/revisions"}],"wp:attachment":[{"href":"https:\/\/diariodominicano.com\/index.php?rest_route=%2Fwp%2Fv2%2Fmedia&parent=191896"}],"wp:term":[{"taxonomy":"category","embeddable":true,"href":"https:\/\/diariodominicano.com\/index.php?rest_route=%2Fwp%2Fv2%2Fcategories&post=191896"},{"taxonomy":"post_tag","embeddable":true,"href":"https:\/\/diariodominicano.com\/index.php?rest_route=%2Fwp%2Fv2%2Ftags&post=191896"}],"curies":[{"name":"wp","href":"https:\/\/api.w.org\/{rel}","templated":true}]}}