{"id":191895,"date":"2007-12-01T04:26:31","date_gmt":"2007-12-01T04:26:31","guid":{"rendered":"http:\/\/diariodominicano.ddns.net\/?p=191895"},"modified":"2007-12-01T04:26:31","modified_gmt":"2007-12-01T04:26:31","slug":"aristy-castro-dice-revolucionara-educacion-dominicana","status":"publish","type":"post","link":"https:\/\/diariodominicano.com\/?p=191895","title":{"rendered":"Aristy Castro dice revolucionar\u00e1 educaci\u00f3n dominicana"},"content":{"rendered":"<p><body><\/p>\n<p class=\"titulogrande1\">Aristy Castro dice revolucionar\u00e1  educaci\u00f3n dominicana<\/p>\n<p>&#13;<\/p>\n<p align=\"justify\" class=\"text1noticias\"><strong><img loading=\"lazy\" decoding=\"async\" src=\"http:\/\/localhost:8080\/pictures\/amablearisty.jpg\" width=\"269\" height=\"320\" hspace=\"4\" align=\"left\" \/>SAMANA.-<\/strong>  El candidato presidencial del Partido Reformista Social Cristiano (PRSC)  declar\u00f3 que \u201crevolucionar\u00e1\u201d la educaci\u00f3n dominicana invirtiendo en ese sector  por encima de lo establecido en la Ley General de Educaci\u00f3n para que el pa\u00eds cumpla  con los Objetivos del Milenio en el \u00e1mbito educacional.<\/p>\n<p>&#13;<\/p>\n<p align=\"justify\" class=\"text1noticias\">Amable Aristy Castro dijo que en su gobierno destinar\u00e1 a la educaci\u00f3n el 4 por  ciento del Producto Interno Bruto (PIB) como est\u00e1 establecido por ley, \u201cy no el  1.8% y 1.9% como han invertido los gobiernos de los partidos Revolucionario  Dominicano ( PRD) y de la Liberaci\u00f3n Dominicana (PLD). <br \/>&#13;<br \/>\n  <br \/>&#13;<br \/>\n  Agreg\u00f3  que \u201cla educaci\u00f3n es el camino m\u00e1s expedito para liberar un pueblo de la  miseria, el subdesarrollo y el atraso\u201d. <br \/>&#13;<br \/>\n  <br \/>&#13;<br \/>\n  Asegur\u00f3  que en su gobierno la educaci\u00f3n ser\u00e1 la prioridad n\u00famero uno, garantiz\u00e1ndole a  los estudiantes planteles\u00a0 bien equipados, \u201cdonde no falten pupitres,  pizarras, bibliotecas y dem\u00e1s utensilios escolares\u201d.\u00a0 <br \/>&#13;<br \/>\n  <br \/>&#13;<br \/>\n  Dijo  que \u201c profesores est\u00e9n permanentemente capacit\u00e1ndose para ofrecer una educaci\u00f3n  de calidad y perciban buenos salarios para que haya un mayor rendimiento porque  as\u00ed no tienen que recurrir al pluriempleos, como est\u00e1 la mayor\u00eda en la  actualidad\u201d. <br \/>&#13;<br \/>\n  <br \/>&#13;<br \/>\n  Prometi\u00f3  promover la transformaci\u00f3n de la educaci\u00f3n segundaria con bachilleratos  t\u00e9cnicos que permita a la juventud incorporarse a las labores productivas y  costear en parte su formaci\u00f3n universitaria.\u00a0 <br \/>&#13;<br \/>\n  <br \/>&#13;<br \/>\n  Manifest\u00f3  que el pa\u00eds necesita de bachilleres preparados para asumir tareas en el sector  privado y p\u00fablico en base a la demanda laborar existente en el sector turismo,  la industria, el comercio y otras \u00e1reas productivas. <br \/>&#13;<br \/>\n  <br \/>&#13;<br \/>\n  El  candidato presidencial reformista dijo asimismo que promover\u00e1 un amplio  programa de becas para estudiantes meritorios en base a su \u00edndice acad\u00e9mico  para cursar carreras universitarias y t\u00e9cnicas tanto en el pa\u00eds como en el  extranjero. <br \/>&#13;<br \/>\n  <br \/>&#13;<br \/>\n\u201cTambi\u00e9n  vamos a promover la repatriaci\u00f3n de talentos que han tenido que emigrar por la  falta de oportunidad en el pa\u00eds\u201d, agreg\u00f3. <br \/>&#13;<br \/>\n<br \/>&#13;<br \/>\nAmable  Aristy se pronunci\u00f3 en estos t\u00e9rminos al entregar un cheque de 175 mil pesos a  la promoci\u00f3n \u201cEstudiantes Caminando hacia el \u00c9xito\u201d, del \u201cLiceo Profesora Belka  Morel Castilla\u201d, en Las Terrernas. <br \/>&#13;<br \/>\n<br \/>&#13;<br \/>\nRecord\u00f3  que en su carrera pol\u00edtica ha apadrinado m\u00e1s de 3 mil promociones de  bachilleres y que ha gestionado becas a m\u00e1s de 2 mil estudiantes. <br \/>&#13;<br \/>\n<br \/>&#13;<br \/>\nIndic\u00f3  asimismo que la esperanza del desarrollo de la Rep\u00fablica est\u00e1 en  garantizar el acceso a la educaci\u00f3n a la juventud dominicana por lo que su  gobierno tendr\u00e1 como prioridad la educaci\u00f3n. <br \/>&#13;<br \/>\n<br \/>&#13;<br \/>\nEl  aspirante a la Presidencia  de la Rep\u00fablica  tambi\u00e9n encabez\u00f3 una marcha denominada \u201ccacerolazo contra la pobreza\u201d en Las  Terreras y otra en el distrito municipal de El Lim\u00f3n, de aqu\u00ed, donde distribuy\u00f3  pollos, sillas de ruedas, canastillas, colchones, mosquiteros y dinero en  efectivo. Tambi\u00e9n realiz\u00f3 operativos m\u00e9dicos y de fumigaci\u00f3n. <br \/>&#13;<br \/>\n<br \/>&#13;<br \/>\nEstuvo  acompa\u00f1ado de los dirigentes reformistas Ram\u00f3n Rogelio Genao, V\u00edctor G\u00f3mez  Casanova, Santiago Pi\u00f1a, Julio Boyer, entre otros. <\/p>\n<p>&#13;<\/p>\n<h6> 2007-12-01 04:26:31 <\/h6>\n<p><!--\n<link rel=\"stylesheet\" href=\"css\/bootstrap.min.css\">\n\n\n<ul class=\"pagination\">\n\t    \n\t\n\n<li >\n\t<a href='?page_no=34642'>Previous<\/a>\n\t<\/li>\n\n\n       \n    \n\n<li><a href='?page_no=1'>1<\/a><\/li>\n\n\n\n<li><a href='?page_no=2'>2<\/a><\/li>\n\n\n\n<li><a>...<\/a><\/li>\n\n\n\n<li><a href='?page_no=34641'>34641<\/a><\/li>\n\n\n\n<li><a href='?page_no=34642'>34642<\/a><\/li>\n\n\n\n<li class='active'><a>34643<\/a><\/li>\n\n\n\n<li><a href='?page_no=34644'>34644<\/a><\/li>\n\n\n\n<li><a href='?page_no=34645'>34645<\/a><\/li>\n\n\n\n<li><a>...<\/a><\/li>\n\n\n\n<li><a href='?page_no=36999'>36999<\/a><\/li>\n\n\n\n<li><a href='?page_no=37000'>37000<\/a><\/li>\n\n    \n\t\n\n<li >\n\t<a href='?page_no=34644'>Next<\/a>\n\t<\/li>\n\n\n    \n\n<li><a href='?page_no=37000'>Last &rsaquo;&rsaquo;<\/a><\/li>\n\n<\/ul>\n\n\n--><br \/>\n<\/body><\/p>\n","protected":false},"excerpt":{"rendered":"<p>Aristy Castro dice revolucionar\u00e1 educaci\u00f3n dominicana &#13; SAMANA.- El candidato presidencial del Partido Reformista Social Cristiano (PRSC) declar\u00f3 que \u201crevolucionar\u00e1\u201d la educaci\u00f3n dominicana invirtiendo en ese sector por encima de lo establecido en la Ley General de Educaci\u00f3n para que el pa\u00eds cumpla con los Objetivos del Milenio en el \u00e1mbito educacional. &#13; Amable Aristy [&hellip;]<\/p>\n","protected":false},"author":3,"featured_media":0,"comment_status":"open","ping_status":"open","sticky":false,"template":"","format":"standard","meta":{"footnotes":""},"categories":[22],"tags":[],"class_list":["post-191895","post","type-post","status-publish","format-standard","hentry","category-politica"],"_links":{"self":[{"href":"https:\/\/diariodominicano.com\/index.php?rest_route=\/wp\/v2\/posts\/191895","targetHints":{"allow":["GET"]}}],"collection":[{"href":"https:\/\/diariodominicano.com\/index.php?rest_route=\/wp\/v2\/posts"}],"about":[{"href":"https:\/\/diariodominicano.com\/index.php?rest_route=\/wp\/v2\/types\/post"}],"author":[{"embeddable":true,"href":"https:\/\/diariodominicano.com\/index.php?rest_route=\/wp\/v2\/users\/3"}],"replies":[{"embeddable":true,"href":"https:\/\/diariodominicano.com\/index.php?rest_route=%2Fwp%2Fv2%2Fcomments&post=191895"}],"version-history":[{"count":0,"href":"https:\/\/diariodominicano.com\/index.php?rest_route=\/wp\/v2\/posts\/191895\/revisions"}],"wp:attachment":[{"href":"https:\/\/diariodominicano.com\/index.php?rest_route=%2Fwp%2Fv2%2Fmedia&parent=191895"}],"wp:term":[{"taxonomy":"category","embeddable":true,"href":"https:\/\/diariodominicano.com\/index.php?rest_route=%2Fwp%2Fv2%2Fcategories&post=191895"},{"taxonomy":"post_tag","embeddable":true,"href":"https:\/\/diariodominicano.com\/index.php?rest_route=%2Fwp%2Fv2%2Ftags&post=191895"}],"curies":[{"name":"wp","href":"https:\/\/api.w.org\/{rel}","templated":true}]}}