{"id":191893,"date":"2007-12-02T23:35:31","date_gmt":"2007-12-02T23:35:31","guid":{"rendered":"http:\/\/diariodominicano.ddns.net\/?p=191893"},"modified":"2007-12-02T23:35:31","modified_gmt":"2007-12-02T23:35:31","slug":"reinaldo-pared-el-senado-aprobara-el-proyecto-de-presupuesto-complementario-en-la-sesion-del-martes","status":"publish","type":"post","link":"https:\/\/diariodominicano.com\/?p=191893","title":{"rendered":"Reinaldo Pared: el  Senado aprobar\u00e1 el proyecto de presupuesto complementario en la sesi\u00f3n del martes"},"content":{"rendered":"<p><body><\/p>\n<p align=\"justify\"><span class=\"titulogrande1\">Reinaldo Pared: El Senado aprobar\u00e1 el proyecto de presupuesto complementario en la sesi\u00f3n del  martes <\/span><br \/>&#13;<br \/>\n  \u00a0<br \/>&#13;<br \/>\n  <span class=\"text1noticias\"><strong><img loading=\"lazy\" decoding=\"async\" src=\"http:\/\/localhost:8080\/pictures\/reinaldo pared11.jpg\" width=\"269\" height=\"242\" hspace=\"4\" align=\"left\" \/>SANTO DOMINGO.-<\/strong> El presidente del Senado de la Rep\u00fablica asegur\u00f3 que  ese poder del Estado conocer\u00e1 este martes y aprobar\u00e1 cuanto antes el  presupuesto complementario que por m\u00e1s de 11 mil millones de pesos  someti\u00f3\u00a0 el Poder Ejecutivo al Congreso Nacional.<br \/>&#13;<br \/>\n  <br \/>&#13;<br \/>\n  Reinaldo  Pared P\u00e9rez dijo que tal y como sucedi\u00f3 con una iniciativa similar que envi\u00f3 a  mediado de a\u00f1o el Poder Ejecutivo a las C\u00e1maras Legislativas, en esta ocasi\u00f3n  los senadores y los diputados lo sancionar\u00e1n positivamente.<br \/>&#13;<br \/>\n  <br \/>&#13;<br \/>\nAgreg\u00f3 que  con m\u00e1s raz\u00f3n en los actuales momentos debido a que el gobierno necesita  recursos para destinarlos a los trabajos que se est\u00e1n haciendo como  consecuencias de las devastaciones que caus\u00f3 la tormenta Noel a su paso por el  pa\u00eds.<br \/>&#13;<br \/>\n<br \/>&#13;<br \/>\nEntrevistado  por H\u00e9ctor Herrera Cabral en el programa D`AGENDA que cada domingo se difunde  por Telesistema Canal 11, Pared\u00a0 P\u00e9rez  dijo que los presupuestos complementarios sometidos por el gobierno al Congreso  Nacional es un fiel cumplimiento a lo que establece la ley y una muestra m\u00e1s de  la transparencia con que se maneja la administraci\u00f3n del presidente Leonel  Fern\u00e1ndez.<br \/>&#13;<br \/>\n<br \/>&#13;<br \/>\n En tal  sentido dijo que el Poder Legislativo se siente altamente satisfecho con esa  actitud del presidente Fern\u00e1ndez Reyna.<br \/>&#13;<br \/>\n <br \/>&#13;<br \/>\n \u201cEste  martes vamos a conocer el Presupuesto Complementario sometido por el Poder  ejecutivo y te puedo asegurar que no habr\u00e1 ning\u00fan tipo de problema para que esa  iniciativa reciba una sanci\u00f3n favorable\u201d, reiter\u00f3 el presidente del Senado.<br \/>&#13;<br \/>\n<br \/>&#13;<br \/>\nInsisti\u00f3  en que el Gobierno necesita de recursos para reparar y construir viviendas,  carreteras, caminos vecinales, canales de riesgo, escuelas y asistir a los  productores agropecuarios que fueron afectados por el paso del fen\u00f3meno  atmosf\u00e9rico.<\/span><\/p>\n<p>&#13;<\/p>\n<p align=\"justify\" class=\"text1noticias\">\u201cLas autoridades necesitan recursos para reconstruir el pa\u00eds y el Congreso  Nacional no ser\u00e1 obst\u00e1culo para ello\u201d, precis\u00f3 el dirigente peledeista.<\/p>\n<p>&#13;<\/p>\n<p align=\"justify\" class=\"text1noticias\"><strong>La encuesta Penn And Schoen<br \/>&#13;<br \/>\n  <br \/>&#13;<br \/>\n<\/strong>El  secretario general del Partido de la Liberaci\u00f3n Dominicana  dijo que esa organizaci\u00f3n pol\u00edtica tiene varias encuestas que confirman los  datos ofrecidos por la firma norteamericana Penn and Schoen seg\u00fan la cual  si las elecciones fueran en estos momentos el presidente Leonel Fern\u00e1ndez  ganar\u00eda en primera vuelta.<br \/>&#13;<br \/>\n  <br \/>&#13;<br \/>\nReinaldo  Pared P\u00e9rez asegur\u00f3 que despu\u00e9s del paso de la tormenta Noel el nivel de  aceptaci\u00f3n de la candidatura de Fern\u00e1ndez Reyna ha aumentado entre cinco y  siete puntos.<br \/>&#13;<br \/>\n<br \/>&#13;<br \/>\nExplic\u00f3  que lo contrario sucede con \u00a0el candidato perredeista Miguel Vargas  Maldonado cuyo nivel de preferencia se mantiene estancado y en el peor de los  casos est\u00e1 retrocediendo.<br \/>&#13;<br \/>\n<br \/>&#13;<br \/>\n\u201cNo  tengo ninguna duda de que el compa\u00f1ero presidente Leonel Fern\u00e1ndez ganar\u00e1 los  pr\u00f3ximos comicios del 16 de mayo en la primera vuelta\u201d, reiter\u00f3 el secretario  general peledeista.<br \/>&#13;<br \/>\n<br \/>&#13;<br \/>\nReinaldo Pared calific\u00f3 como pura demagogia  los acuerdos que est\u00e1 suscribiendo Vargas Maldonado con distintos  sectores de la vida nacional para ejecutar acciones gubernamental una vez obtenga  la Presidencia  de la Rep\u00fablica.<br \/>&#13;<br \/>\n<br \/>&#13;<br \/>\nDijo que los perredeistas son expertos en firmar  acuerdos que nunca han cumplido, e inclusive entre ellos mismos.<br \/>&#13;<br \/>\n<br \/>&#13;<br \/>\nRecord\u00f3 los compromisos que asumieron los dirigentes del PRD, con el doctor  Jos\u00e9 Francisco Pe\u00f1a G\u00f3mez a la cabeza, con el famoso dos y dos que nunca  respetaron.<\/p>\n<p>&#13;<\/p>\n<h6> 2007-12-02 23:35:31 <\/h6>\n<p><!--\n<link rel=\"stylesheet\" href=\"css\/bootstrap.min.css\">\n\n\n<ul class=\"pagination\">\n\t    \n\t\n\n<li >\n\t<a href='?page_no=34640'>Previous<\/a>\n\t<\/li>\n\n\n       \n    \n\n<li><a href='?page_no=1'>1<\/a><\/li>\n\n\n\n<li><a href='?page_no=2'>2<\/a><\/li>\n\n\n\n<li><a>...<\/a><\/li>\n\n\n\n<li><a href='?page_no=34639'>34639<\/a><\/li>\n\n\n\n<li><a href='?page_no=34640'>34640<\/a><\/li>\n\n\n\n<li class='active'><a>34641<\/a><\/li>\n\n\n\n<li><a href='?page_no=34642'>34642<\/a><\/li>\n\n\n\n<li><a href='?page_no=34643'>34643<\/a><\/li>\n\n\n\n<li><a>...<\/a><\/li>\n\n\n\n<li><a href='?page_no=36999'>36999<\/a><\/li>\n\n\n\n<li><a href='?page_no=37000'>37000<\/a><\/li>\n\n    \n\t\n\n<li >\n\t<a href='?page_no=34642'>Next<\/a>\n\t<\/li>\n\n\n    \n\n<li><a href='?page_no=37000'>Last &rsaquo;&rsaquo;<\/a><\/li>\n\n<\/ul>\n\n\n--><br \/>\n<\/body><\/p>\n","protected":false},"excerpt":{"rendered":"<p>Reinaldo Pared: El Senado aprobar\u00e1 el proyecto de presupuesto complementario en la sesi\u00f3n del martes &#13; \u00a0&#13; SANTO DOMINGO.- El presidente del Senado de la Rep\u00fablica asegur\u00f3 que ese poder del Estado conocer\u00e1 este martes y aprobar\u00e1 cuanto antes el presupuesto complementario que por m\u00e1s de 11 mil millones de pesos someti\u00f3\u00a0 el Poder Ejecutivo [&hellip;]<\/p>\n","protected":false},"author":3,"featured_media":0,"comment_status":"open","ping_status":"open","sticky":false,"template":"","format":"standard","meta":{"footnotes":""},"categories":[22],"tags":[],"class_list":["post-191893","post","type-post","status-publish","format-standard","hentry","category-politica"],"_links":{"self":[{"href":"https:\/\/diariodominicano.com\/index.php?rest_route=\/wp\/v2\/posts\/191893","targetHints":{"allow":["GET"]}}],"collection":[{"href":"https:\/\/diariodominicano.com\/index.php?rest_route=\/wp\/v2\/posts"}],"about":[{"href":"https:\/\/diariodominicano.com\/index.php?rest_route=\/wp\/v2\/types\/post"}],"author":[{"embeddable":true,"href":"https:\/\/diariodominicano.com\/index.php?rest_route=\/wp\/v2\/users\/3"}],"replies":[{"embeddable":true,"href":"https:\/\/diariodominicano.com\/index.php?rest_route=%2Fwp%2Fv2%2Fcomments&post=191893"}],"version-history":[{"count":0,"href":"https:\/\/diariodominicano.com\/index.php?rest_route=\/wp\/v2\/posts\/191893\/revisions"}],"wp:attachment":[{"href":"https:\/\/diariodominicano.com\/index.php?rest_route=%2Fwp%2Fv2%2Fmedia&parent=191893"}],"wp:term":[{"taxonomy":"category","embeddable":true,"href":"https:\/\/diariodominicano.com\/index.php?rest_route=%2Fwp%2Fv2%2Fcategories&post=191893"},{"taxonomy":"post_tag","embeddable":true,"href":"https:\/\/diariodominicano.com\/index.php?rest_route=%2Fwp%2Fv2%2Ftags&post=191893"}],"curies":[{"name":"wp","href":"https:\/\/api.w.org\/{rel}","templated":true}]}}