{"id":191892,"date":"2007-12-03T00:46:37","date_gmt":"2007-12-03T00:46:37","guid":{"rendered":"http:\/\/diariodominicano.ddns.net\/?p=191892"},"modified":"2007-12-03T00:46:37","modified_gmt":"2007-12-03T00:46:37","slug":"plan-social-de-la-presidencia-entrega-ayuda","status":"publish","type":"post","link":"https:\/\/diariodominicano.com\/?p=191892","title":{"rendered":"Plan Social de la Presidencia entrega ayuda"},"content":{"rendered":"<p><body><\/p>\n<p class=\"titulogrande1\">Plan Social de la   Presidencia entrega ayuda <\/p>\n<p>&#13;<\/p>\n<p align=\"justify\" class=\"text1noticias\"><strong>COTUI.-<\/strong> El director  general del Plan de Asistencia Social de la Presidencia, Emigdio  Sosa, encabez\u00f3 este domingo un reparto de ayuda alimentaria y de enseres para  el hogar en la provincia Juan S\u00e1nchez Ram\u00edrez, donaciones que\u00a0fueron  distribuidas entre personas afectadas\u00a0por la tormenta\u00a0Noel, a un  costo de RD$14 millones148 mil pesos.<br \/>&#13;<br \/>\n  <br \/>&#13;<br \/>\n  Sosa inform\u00f3 que el  operativo tiene como objetivo reducir los efectos devastadores dejados por la  tormenta en esa provincia y para ello, seg\u00fan explic\u00f3 fueron identificados unos  40 puntos neur\u00e1lgicos\u00a0y realiz\u00f3 un inventario de las personas m\u00e1s  necesitadas, las cuales recibieron la ayuda gubernamental.<br \/>&#13;<br \/>\n  <br \/>&#13;<br \/>\n  Precis\u00f3 que el  levantamiento se hizo en colaboraci\u00f3n con la gobernaci\u00f3n de Juan S\u00e1nchez  Ram\u00edrez para beneficiar a la mayor cantidad de personas afectadas.<br \/>&#13;<br \/>\n  <br \/>&#13;<br \/>\n  El funcionario explic\u00f3  que entreg\u00f3 47 mil 160 bolsas de comida, 300 cilindros de gas propano de 50 libras, 300 estufas de  mesa de cuatro hornillas, 530 mosquiteros, 150 box spring, 200 colchones, 730  s\u00e1banas, 200 unidades de salami, 110 cajas de agua\u00a0 y una paca de ropa de 100 libras.<br \/>&#13;<br \/>\n  <br \/>&#13;<br \/>\n  El director del Plan de  Asistencia Social de la   Presidencia afirm\u00f3 que el presidente Leonel Fern\u00e1ndez est\u00e1  muy interesado en la recuperaci\u00f3n del pa\u00eds lo m\u00e1s pronto posible. <br \/>&#13;<br \/>\n  <br \/>&#13;<br \/>\n  Emigdio Sosa se\u00f1al\u00f3 que  con los operativos la instituci\u00f3n que dirige contribuye a mitigar los da\u00f1os  causados por el fen\u00f3meno natural.<br \/>&#13;<br \/>\n  <br \/>&#13;<br \/>\n  Asimismo dijo que  pr\u00f3ximamente informar\u00e1 a la opini\u00f3n p\u00fablica aspectos del programa de reparto  que ejecutar\u00e1 el Plan de Asistencia Social de la Presidencia con motivo  de las tradicionales fiestas navide\u00f1as. <\/p>\n<p>&#13;<\/p>\n<h6> 2007-12-03 00:46:37 <\/h6>\n<p><!--\n<link rel=\"stylesheet\" href=\"css\/bootstrap.min.css\">\n\n\n<ul class=\"pagination\">\n\t    \n\t\n\n<li >\n\t<a href='?page_no=34639'>Previous<\/a>\n\t<\/li>\n\n\n       \n    \n\n<li><a href='?page_no=1'>1<\/a><\/li>\n\n\n\n<li><a href='?page_no=2'>2<\/a><\/li>\n\n\n\n<li><a>...<\/a><\/li>\n\n\n\n<li><a href='?page_no=34638'>34638<\/a><\/li>\n\n\n\n<li><a href='?page_no=34639'>34639<\/a><\/li>\n\n\n\n<li class='active'><a>34640<\/a><\/li>\n\n\n\n<li><a href='?page_no=34641'>34641<\/a><\/li>\n\n\n\n<li><a href='?page_no=34642'>34642<\/a><\/li>\n\n\n\n<li><a>...<\/a><\/li>\n\n\n\n<li><a href='?page_no=36999'>36999<\/a><\/li>\n\n\n\n<li><a href='?page_no=37000'>37000<\/a><\/li>\n\n    \n\t\n\n<li >\n\t<a href='?page_no=34641'>Next<\/a>\n\t<\/li>\n\n\n    \n\n<li><a href='?page_no=37000'>Last &rsaquo;&rsaquo;<\/a><\/li>\n\n<\/ul>\n\n\n--><br \/>\n<\/body><\/p>\n","protected":false},"excerpt":{"rendered":"<p>Plan Social de la Presidencia entrega ayuda &#13; COTUI.- El director general del Plan de Asistencia Social de la Presidencia, Emigdio Sosa, encabez\u00f3 este domingo un reparto de ayuda alimentaria y de enseres para el hogar en la provincia Juan S\u00e1nchez Ram\u00edrez, donaciones que\u00a0fueron distribuidas entre personas afectadas\u00a0por la tormenta\u00a0Noel, a un costo de RD$14 [&hellip;]<\/p>\n","protected":false},"author":3,"featured_media":0,"comment_status":"open","ping_status":"open","sticky":false,"template":"","format":"standard","meta":{"footnotes":""},"categories":[22],"tags":[],"class_list":["post-191892","post","type-post","status-publish","format-standard","hentry","category-politica"],"_links":{"self":[{"href":"https:\/\/diariodominicano.com\/index.php?rest_route=\/wp\/v2\/posts\/191892","targetHints":{"allow":["GET"]}}],"collection":[{"href":"https:\/\/diariodominicano.com\/index.php?rest_route=\/wp\/v2\/posts"}],"about":[{"href":"https:\/\/diariodominicano.com\/index.php?rest_route=\/wp\/v2\/types\/post"}],"author":[{"embeddable":true,"href":"https:\/\/diariodominicano.com\/index.php?rest_route=\/wp\/v2\/users\/3"}],"replies":[{"embeddable":true,"href":"https:\/\/diariodominicano.com\/index.php?rest_route=%2Fwp%2Fv2%2Fcomments&post=191892"}],"version-history":[{"count":0,"href":"https:\/\/diariodominicano.com\/index.php?rest_route=\/wp\/v2\/posts\/191892\/revisions"}],"wp:attachment":[{"href":"https:\/\/diariodominicano.com\/index.php?rest_route=%2Fwp%2Fv2%2Fmedia&parent=191892"}],"wp:term":[{"taxonomy":"category","embeddable":true,"href":"https:\/\/diariodominicano.com\/index.php?rest_route=%2Fwp%2Fv2%2Fcategories&post=191892"},{"taxonomy":"post_tag","embeddable":true,"href":"https:\/\/diariodominicano.com\/index.php?rest_route=%2Fwp%2Fv2%2Ftags&post=191892"}],"curies":[{"name":"wp","href":"https:\/\/api.w.org\/{rel}","templated":true}]}}