{"id":191890,"date":"2007-12-03T13:34:35","date_gmt":"2007-12-03T13:34:35","guid":{"rendered":"http:\/\/diariodominicano.ddns.net\/?p=191890"},"modified":"2007-12-03T13:34:35","modified_gmt":"2007-12-03T13:34:35","slug":"vargas-maldonado-considera-elecciones-del-colegio-de-abogados-fueron-convertidas-en-una-disputa-anticipada-entre-el-prd-y-el-pld","status":"publish","type":"post","link":"https:\/\/diariodominicano.com\/?p=191890","title":{"rendered":"Vargas Maldonado considera elecciones del Colegio de Abogados fueron convertidas en una disputa anticipada entre el PRD y el PLD"},"content":{"rendered":"<p><body><\/p>\n<p align=\"justify\"><span class=\"titulogrande1\">Vargas Maldonado considera elecciones del Colegio de Abogados fueron convertidas en una disputa  anticipada entre el PRD y el PLD<\/span><br \/>&#13;<br \/>\n  <br \/>&#13;<br \/>\n    <strong>Vargas Maldonado \u00a0encabez\u00f3 \u00a0una rueda de prensa en su  comando campa\u00f1a, acompa\u00f1ado de el secretario general del PRD, Orlando Jorge  Mera, P\u00e9rez V\u00f3lquez, \u00a0B\u00e9lgica Soler,  presidenta del  Frente de Abogados del PRD, Enmanuel Esquea Guerrero,  presidente de la   Comisi\u00f3n Consultiva\u00a0 y el diputado Henry Sarraff, Neney  Cabrera, jefe de campa\u00f1a, y el director de comunicaciones, Carlos Gabriel  Garc\u00eda. <\/strong><\/p>\n<p>&#13;<\/p>\n<p align=\"justify\" class=\"text1noticias\"><strong><img loading=\"lazy\" decoding=\"async\" src=\"http:\/\/localhost:8080\/pictures\/vargas maldonado saluda.jpg\" width=\"269\" height=\"181\" hspace=\"4\" align=\"left\" \/>SANTO DOMINGO.-<\/strong> El candidato presidencial del PRD, Miguel Vargas Maldonado,  afirm\u00f3 el domingo que las elecciones del  Colegio Dominicano de Abogados \u00a0fueron convertidas en una disputa  anticipada entre los partidos Revolucionario Dominicano y de la Liberaci\u00f3n Dominicana,  con el apoyo log\u00edstico del gobierno, en el que a su juicio result\u00f3 perdedor el  presidente Leonel Fern\u00e1ndez. <br \/>&#13;<br \/>\n  <br \/>&#13;<br \/>\nLa   Direcci\u00f3n de Comunicaciones del partido blanco inform\u00f3 que el  candidato del PRD asegur\u00f3 que el triunfo del doctor Rafael P\u00e9rez V\u00f3lquez,  apoyado por el Frente de Abogados perredeista,  como presidente del  gremio que agrupa los profesionales del derecho, refleja la expresi\u00f3n de  lo que a su juicio ocurrir\u00e1 \u00a0el pr\u00f3ximo 16 de mayo, \u00abcuando  derrote \u00a0a al candidato Leonel Fern\u00e1ndez, \u00a0en la primera vuelta  electoral. <br \/>&#13;<br \/>\n<br \/>&#13;<br \/>\nVargas Maldonado destac\u00f3 el trabajo desplegado por el frente de  abogados del PRD para lograr esa victoria, lo que a su juicio demuestra la gran  consolidaci\u00f3n y unidad del partido blanco. <br \/>&#13;<br \/>\n<br \/>&#13;<br \/>\n\u00abAqu\u00ed tengo los n\u00fameros, que se me parecen mucho a lo que va  a ocurrir el pr\u00f3ximo 16 de mayo del 2008. El compa\u00f1ero P\u00e9rez Volquez fue electo  con un 53 por ciento de la votaci\u00f3n contra un 40 por ciento de su m\u00e1s cercano  competidor. Para que tengan una idea los amigos comunicadores de c\u00f3mo ser\u00e1 ese  escenario tambi\u00e9n en las elecciones nacionales, porque es una muestra, que  constituye una expresi\u00f3n de la realidad de lo que se est\u00e1 viendo en el  pa\u00eds\u00bb, manifest\u00f3 Vargas. <br \/>&#13;<br \/>\n<br \/>&#13;<br \/>\nVargas Maldonado \u00a0encabez\u00f3 \u00a0una rueda de prensa en su  comando campa\u00f1a, acompa\u00f1ado de el secretario general del PRD, Orlando Jorge  Mera, P\u00e9rez V\u00f3lquez, \u00a0B\u00e9lgica Soler,  presidenta del  Frente de Abogados del PRD, Enmanuel Esquea \u00a0Guerrero,  presidente de la   Comisi\u00f3n Consultiva\u00a0 y el diputado Henry Sarraff, Neney  Cabrera, jefe de campa\u00f1a, y el director de comunicaciones, Carlos Gabriel  Garc\u00eda. <br \/>&#13;<br \/>\n<br \/>&#13;<br \/>\nEl presidente electo  del Colegio de Abogados, mostr\u00f3 \u00a0su satisfacci\u00f3n por los resultados del  certamen, y agradeci\u00f3 al candidato presidencial del PRD el apoyo moral que le  dio \u00a0durante todo el proceso en el que  result\u00f3 ganador. <\/p>\n<p>&#13;<\/p>\n<h6> 2007-12-03 13:34:35 <\/h6>\n<p><!--\n<link rel=\"stylesheet\" href=\"css\/bootstrap.min.css\">\n\n\n<ul class=\"pagination\">\n\t    \n\t\n\n<li >\n\t<a href='?page_no=34637'>Previous<\/a>\n\t<\/li>\n\n\n       \n    \n\n<li><a href='?page_no=1'>1<\/a><\/li>\n\n\n\n<li><a href='?page_no=2'>2<\/a><\/li>\n\n\n\n<li><a>...<\/a><\/li>\n\n\n\n<li><a href='?page_no=34636'>34636<\/a><\/li>\n\n\n\n<li><a href='?page_no=34637'>34637<\/a><\/li>\n\n\n\n<li class='active'><a>34638<\/a><\/li>\n\n\n\n<li><a href='?page_no=34639'>34639<\/a><\/li>\n\n\n\n<li><a href='?page_no=34640'>34640<\/a><\/li>\n\n\n\n<li><a>...<\/a><\/li>\n\n\n\n<li><a href='?page_no=36999'>36999<\/a><\/li>\n\n\n\n<li><a href='?page_no=37000'>37000<\/a><\/li>\n\n    \n\t\n\n<li >\n\t<a href='?page_no=34639'>Next<\/a>\n\t<\/li>\n\n\n    \n\n<li><a href='?page_no=37000'>Last &rsaquo;&rsaquo;<\/a><\/li>\n\n<\/ul>\n\n\n--><br \/>\n<\/body><\/p>\n","protected":false},"excerpt":{"rendered":"<p>Vargas Maldonado considera elecciones del Colegio de Abogados fueron convertidas en una disputa anticipada entre el PRD y el PLD&#13; &#13; Vargas Maldonado \u00a0encabez\u00f3 \u00a0una rueda de prensa en su comando campa\u00f1a, acompa\u00f1ado de el secretario general del PRD, Orlando Jorge Mera, P\u00e9rez V\u00f3lquez, \u00a0B\u00e9lgica Soler, presidenta del Frente de Abogados del PRD, Enmanuel Esquea [&hellip;]<\/p>\n","protected":false},"author":3,"featured_media":0,"comment_status":"open","ping_status":"open","sticky":false,"template":"","format":"standard","meta":{"footnotes":""},"categories":[22],"tags":[],"class_list":["post-191890","post","type-post","status-publish","format-standard","hentry","category-politica"],"_links":{"self":[{"href":"https:\/\/diariodominicano.com\/index.php?rest_route=\/wp\/v2\/posts\/191890","targetHints":{"allow":["GET"]}}],"collection":[{"href":"https:\/\/diariodominicano.com\/index.php?rest_route=\/wp\/v2\/posts"}],"about":[{"href":"https:\/\/diariodominicano.com\/index.php?rest_route=\/wp\/v2\/types\/post"}],"author":[{"embeddable":true,"href":"https:\/\/diariodominicano.com\/index.php?rest_route=\/wp\/v2\/users\/3"}],"replies":[{"embeddable":true,"href":"https:\/\/diariodominicano.com\/index.php?rest_route=%2Fwp%2Fv2%2Fcomments&post=191890"}],"version-history":[{"count":0,"href":"https:\/\/diariodominicano.com\/index.php?rest_route=\/wp\/v2\/posts\/191890\/revisions"}],"wp:attachment":[{"href":"https:\/\/diariodominicano.com\/index.php?rest_route=%2Fwp%2Fv2%2Fmedia&parent=191890"}],"wp:term":[{"taxonomy":"category","embeddable":true,"href":"https:\/\/diariodominicano.com\/index.php?rest_route=%2Fwp%2Fv2%2Fcategories&post=191890"},{"taxonomy":"post_tag","embeddable":true,"href":"https:\/\/diariodominicano.com\/index.php?rest_route=%2Fwp%2Fv2%2Ftags&post=191890"}],"curies":[{"name":"wp","href":"https:\/\/api.w.org\/{rel}","templated":true}]}}