{"id":191888,"date":"2007-12-03T13:45:44","date_gmt":"2007-12-03T13:45:44","guid":{"rendered":"http:\/\/diariodominicano.ddns.net\/?p=191888"},"modified":"2007-12-03T13:45:44","modified_gmt":"2007-12-03T13:45:44","slug":"ptd-escoge-a-leonel-fernandez-como-su-candidato-presidencial","status":"publish","type":"post","link":"https:\/\/diariodominicano.com\/?p=191888","title":{"rendered":"PTD escoge a Leonel Fern\u00e1ndez como su candidato presidencial"},"content":{"rendered":"<p><body><\/p>\n<p align=\"justify\"><span class=\"titulogrande1\">PTD escoge a Leonel Fern\u00e1ndez como su  candidato presidencial<\/span><br \/>&#13;<br \/>\n  <br \/>&#13;<br \/>\n    <strong>El \u00a0Presidente del PTD, Jos\u00e9 Gonz\u00e1lez Espinosa,  quien pronuncio el discurso central, dijo que al decidir mantener el eje de  alianza concertado en las elecciones presidenciales del 2004 y las congresuales\u00a0 y municipales de 2006 \u201cestamos avalando como  buenas la mayor parte de las realizaciones del presente Gobierno\u201d.\u00a0 <\/strong><\/p>\n<p>&#13;<\/p>\n<p align=\"justify\" class=\"text1noticias\"><strong>SANTO DOMINGO.-<\/strong> La S\u00e9ptima Convenci\u00f3n  Nacional Electoral del Partido de los Trabajadores Dominicanos (PTD) escogi\u00f3 al  doctor Leonel Fern\u00e1ndez Reyna como candidato presidencial de esa organizaci\u00f3n  pol\u00edtica para los comicios a celebrase el 16 de mayo pr\u00f3ximo. La elecci\u00f3n de Fern\u00e1ndez fue realizada por mayor\u00eda abrumadora de los 440 delegados y  delegadas de todo el pa\u00eds y del exterior que participaron en la\u00a0  Convenci\u00f3n celebrada en el Hotel Lina.\u00a0 <br \/>&#13;<br \/>\n  <br \/>&#13;<br \/>\n  La presentaci\u00f3n de la candidatura de  Fern\u00e1ndez la hizo\u00a0 el primer Vicepresidente del PTD, Esteban D\u00edaz J\u00e1quez,  quien ponder\u00f3 las condiciones del Jefe del Estado \u00a0y sus esfuerzos por resolver los principales  problemas del pa\u00eds. La   Convenci\u00f3n otorg\u00f3 amplios poderes a la Direcci\u00f3n Nacional  y a su Comisi\u00f3n Pol\u00edtica para la concertaci\u00f3n de alianzas y acuerdos  electorales con \u00a0otras  organizaciones.\u00a0 <br \/>&#13;<br \/>\n  <br \/>&#13;<br \/>\n  El \u00a0Presidente del PTD, Jos\u00e9 Gonz\u00e1lez Espinosa,  quien pronuncio el discurso central, dijo que al decidir mantener el eje de  alianza concertado en las elecciones presidenciales del 2004 y las  congresuales y municipales de 2006  \u201cestamos avalando como buenas la mayor parte de las realizaciones del presente  Gobierno\u201d.\u00a0 <br \/>&#13;<br \/>\n  <br \/>&#13;<br \/>\n  \u201cY la apoyamos, sin que ello signifique  que estamos satisfechos plenamente. Tareas muy importantes no han podido  realizarse, ya por falta de recursos, por debilidades estructurales e  institucionales, por falta de voluntad pol\u00edtica en ocasiones, y especialmente  por el peso que\u00a0 sobre el pa\u00eds y los gobiernos ejercen los grupos  olig\u00e1rquicos nacionales y extranjeros\u201d. <br \/>&#13;<br \/>\n  <br \/>&#13;<br \/>\n  Reiter\u00f3 que el PTD apoya plenamente los  esfuerzos del Gobierno por adquirir las acciones de la empresa transnacional  Shell en la Refiner\u00eda   Dominicana de Petr\u00f3leo, por que ello conviene al inter\u00e9s  nacional.\u00a0 <br \/>&#13;<br \/>\n  <br \/>&#13;<br \/>\n  Abog\u00f3 porque la pr\u00f3xima administraci\u00f3n del  \u00a0Gobierno asuma su voluntad de  cambios,\u00a0 reformas constitucionales y transformaciones y ponga  en marcha una din\u00e1mica de trabajo dirigida a fortalecer y ampliar el aparato  productivo nacional en sus diferentes renglones, y pueda garantizar la seguridad  alimentaria de la poblaci\u00f3n, as\u00ed como reducir a un digito la tasa de  desempleo.\u00a0 <br \/>&#13;<br \/>\n  <br \/>&#13;<br \/>\n  Gonz\u00e1lez Espinosa dijo que es necesario  fortalecer la moneda nacional, aumentar los sueldos y salarios de manera tal  que puedan alcanzar un mayor poder adquisitivo, mantener la inflaci\u00f3n en un  digito,\u00a0 conservar el equilibrio macroecon\u00f3mico que refuerce la confianza,  y ampliar la inversi\u00f3n en educaci\u00f3n, salud, vivienda, agua potable, agua  potable e infraestructuras viales primarias y secundarias.<br \/>&#13;<br \/>\n  \u00a0 <br \/>&#13;<br \/>\n  Adem\u00e1s, fortalecer los controles del  gobierno para aumentar la transparencia y decencia en la administraci\u00f3n  publica, enriquecer las pol\u00edticas medioambientales y aplicar las leyes  correspondientes,\u00a0 aumentar la inversi\u00f3n en la seguridad ciudadana y en la  lucha contra el crimen y la delincuencia, seguir fomentando la sana recreaci\u00f3n  en la cultura, los deportes y las bellas artes.\u00a0 <br \/>&#13;<br \/>\n  <br \/>&#13;<br \/>\n  El Secretario  General del PTD,\u00a0 Antonio Flori\u00e1n,\u00a0 pronunci\u00f3 las palabras de bienvenida,  mientras que \u00a0Rodolfo Coiscou fungi\u00f3 como  maestro de ceremonias. La convenci\u00f3n fue supervisada por una comisi\u00f3n de la Junta Central  Electoral integrada por los inspectores  Heredio Pe\u00f1a\u00a0 Espinosa y Landia Sofia Molina, as\u00ed como Gladis Familia y Francisco  Javier Brito.\u00a0 <\/p>\n<p>&#13;<\/p>\n<h6> 2007-12-03 13:45:44 <\/h6>\n<p><!--\n<link rel=\"stylesheet\" href=\"css\/bootstrap.min.css\">\n\n\n<ul class=\"pagination\">\n\t    \n\t\n\n<li >\n\t<a href='?page_no=34635'>Previous<\/a>\n\t<\/li>\n\n\n       \n    \n\n<li><a href='?page_no=1'>1<\/a><\/li>\n\n\n\n<li><a href='?page_no=2'>2<\/a><\/li>\n\n\n\n<li><a>...<\/a><\/li>\n\n\n\n<li><a href='?page_no=34634'>34634<\/a><\/li>\n\n\n\n<li><a href='?page_no=34635'>34635<\/a><\/li>\n\n\n\n<li class='active'><a>34636<\/a><\/li>\n\n\n\n<li><a href='?page_no=34637'>34637<\/a><\/li>\n\n\n\n<li><a href='?page_no=34638'>34638<\/a><\/li>\n\n\n\n<li><a>...<\/a><\/li>\n\n\n\n<li><a href='?page_no=36999'>36999<\/a><\/li>\n\n\n\n<li><a href='?page_no=37000'>37000<\/a><\/li>\n\n    \n\t\n\n<li >\n\t<a href='?page_no=34637'>Next<\/a>\n\t<\/li>\n\n\n    \n\n<li><a href='?page_no=37000'>Last &rsaquo;&rsaquo;<\/a><\/li>\n\n<\/ul>\n\n\n--><br \/>\n<\/body><\/p>\n","protected":false},"excerpt":{"rendered":"<p>PTD escoge a Leonel Fern\u00e1ndez como su candidato presidencial&#13; &#13; El \u00a0Presidente del PTD, Jos\u00e9 Gonz\u00e1lez Espinosa, quien pronuncio el discurso central, dijo que al decidir mantener el eje de alianza concertado en las elecciones presidenciales del 2004 y las congresuales\u00a0 y municipales de 2006 \u201cestamos avalando como buenas la mayor parte de las realizaciones [&hellip;]<\/p>\n","protected":false},"author":3,"featured_media":0,"comment_status":"open","ping_status":"open","sticky":false,"template":"","format":"standard","meta":{"footnotes":""},"categories":[22],"tags":[],"class_list":["post-191888","post","type-post","status-publish","format-standard","hentry","category-politica"],"_links":{"self":[{"href":"https:\/\/diariodominicano.com\/index.php?rest_route=\/wp\/v2\/posts\/191888","targetHints":{"allow":["GET"]}}],"collection":[{"href":"https:\/\/diariodominicano.com\/index.php?rest_route=\/wp\/v2\/posts"}],"about":[{"href":"https:\/\/diariodominicano.com\/index.php?rest_route=\/wp\/v2\/types\/post"}],"author":[{"embeddable":true,"href":"https:\/\/diariodominicano.com\/index.php?rest_route=\/wp\/v2\/users\/3"}],"replies":[{"embeddable":true,"href":"https:\/\/diariodominicano.com\/index.php?rest_route=%2Fwp%2Fv2%2Fcomments&post=191888"}],"version-history":[{"count":0,"href":"https:\/\/diariodominicano.com\/index.php?rest_route=\/wp\/v2\/posts\/191888\/revisions"}],"wp:attachment":[{"href":"https:\/\/diariodominicano.com\/index.php?rest_route=%2Fwp%2Fv2%2Fmedia&parent=191888"}],"wp:term":[{"taxonomy":"category","embeddable":true,"href":"https:\/\/diariodominicano.com\/index.php?rest_route=%2Fwp%2Fv2%2Fcategories&post=191888"},{"taxonomy":"post_tag","embeddable":true,"href":"https:\/\/diariodominicano.com\/index.php?rest_route=%2Fwp%2Fv2%2Ftags&post=191888"}],"curies":[{"name":"wp","href":"https:\/\/api.w.org\/{rel}","templated":true}]}}