{"id":191887,"date":"2007-12-03T14:36:53","date_gmt":"2007-12-03T14:36:53","guid":{"rendered":"http:\/\/diariodominicano.ddns.net\/?p=191887"},"modified":"2007-12-03T14:36:53","modified_gmt":"2007-12-03T14:36:53","slug":"amable-dice-la-candidatura-de-leonel-provoca-huelga-brazos-caidos-en-pld","status":"publish","type":"post","link":"https:\/\/diariodominicano.com\/?p=191887","title":{"rendered":"Amable dice la candidatura de Leonel provoca \u201chuelga brazos ca\u00eddos\u201d en PLD"},"content":{"rendered":"<p><body><\/p>\n<p align=\"justify\" class=\"titulogrande1\"><strong>Amable dice la candidatura  de Leonel <\/strong> <strong>provoca \u201chuelga brazos  ca\u00eddos\u201d en PLD<\/strong><\/p>\n<p>&#13;<\/p>\n<p><strong>Acusa al gobierno de retorcer resultados de sondeos <\/strong><\/p>\n<p>&#13;<\/p>\n<p align=\"justify\" class=\"text1noticias\"><strong><img loading=\"lazy\" decoding=\"async\" src=\"http:\/\/localhost:8080\/pictures\/amable.jpg\" width=\"269\" height=\"318\" hspace=\"4\" align=\"left\" \/>VILLA ALTAGRACIA.-<\/strong> El candidato presidencial del  Partido Reformista Social Cristiano (PRSC), declar\u00f3 que la candidatura de Leonel  Fern\u00e1ndez ha provocado una \u201chuelga de brazos ca\u00eddos\u201d en un segmento importante  del Partido de la Liberaci\u00f3n Dominicana  (PLD), que se siente frustrado por la gesti\u00f3n del mandatario y sus planes  reeleccionistas.<\/p>\n<p>&#13;<\/p>\n<p align=\"justify\" class=\"text1noticias\">Amable Aristy explic\u00f3 que producto de ese disgusto  latente en el grupo ortodoxo del PLD, con gran arraigo en la dirigencia media y  de base del partido morado, al presidente Fern\u00e1ndez le ha resultado dif\u00edcil  integrar a su campa\u00f1a a esos dirigentes que fueron determinantes en sus  anteriores triunfos electorales.<\/p>\n<p>&#13;<\/p>\n<p align=\"justify\" class=\"text1noticias\">\u201cHay un disgusto muy fuerte en un grupo importante de  dirigentes pelede\u00edstas que se siente frustrados por el mal gobierno y la falta  de respuesta de Leonel Fern\u00e1ndez a los problemas de la poblaci\u00f3n\u201d, agreg\u00f3.<\/p>\n<p>&#13;<\/p>\n<p align=\"justify\" class=\"text1noticias\">Asegur\u00f3 que no solamente los pobres le han dado la  espalda y han abandonado al PLD, \u201csino que una gran parte de la c\u00fapula de ese  partido, comenzando por el ex candidato presidencial Danilo Medina, mantienen  una especie de huelga de brazos ca\u00eddos\u201d.<\/p>\n<p>&#13;<\/p>\n<p align=\"justify\" class=\"text1noticias\">Dijo que nadie cree en las encuestas aparecidas en los  \u00faltimos d\u00edas que colocan al candidato oficialista por encima de la oposici\u00f3n,  \u201cporque todo el mundo sabe la ca\u00edda estrepitosa sufrida de la popularidad del  mandatario\u201d.<\/p>\n<p>&#13;<\/p>\n<p align=\"justify\" class=\"text1noticias\">Asegur\u00f3 adem\u00e1s que la matem\u00e1tica es una ciencia exacta  \u201cpor lo que no importa que retuerzan los n\u00fameros de los sondeos de opini\u00f3n,  porque la realidad le dar\u00e1 en la cara el 16 de mayo\u201d.<\/p>\n<p>&#13;<\/p>\n<p align=\"justify\" class=\"text1noticias\">\u201cEsta realidad electoral tiene desesperado a un sector  del gobierno, que ha recurrido al manejo de encuestas para confundir al  electorado y tratar vanamente de deprimir el crecimiento indetenible que ha  concitado en el pueblo la propuesta del gobierno de los pobres, que es  preferida por un cuarto de la poblaci\u00f3n electoral en el escenario de primera  vuelta y por el 49.5 por ciento en segunda vuelta, superando ampliamente al  presidente Fern\u00e1ndez\u201d, apunt\u00f3.<\/p>\n<p>&#13;<\/p>\n<p align=\"justify\" class=\"text1noticias\">Resalt\u00f3 que el mandatario sabe \u201cque nosotros lo  derrotaremos en las pr\u00f3ximas elecciones del 16 mayo y por ello es el pataleo de  las encuestas\u201d.<\/p>\n<p>&#13;<\/p>\n<p align=\"justify\" class=\"text1noticias\">Aristy dijo que los reformistas y de manera especial los  pobres que cargan en sus hombros su candidatura, \u201cest\u00e1n convencidos que nada ni  nadie podr\u00e1 detenernos, pues tienen una encuesta viva en el pueblo, barrio y el  campo que expresa la insatisfacci\u00f3n y deseo de un verdadero cambio que  iniciaremos el 16 de agosto\u201d.<\/p>\n<p>&#13;<\/p>\n<p align=\"justify\" class=\"text1noticias\">Una nota informativa del partido reformista indic\u00f3 que  Aristy habl\u00f3 en sendos actos de juramentaci\u00f3n donde centenares de perrede\u00edstas  y pelede\u00edstas de esta comunidad pasaron apoyar su candidatura y propuesta del  gobierno de los pobres.<\/p>\n<p>&#13;<\/p>\n<p align=\"justify\" class=\"text1noticias\">En la actividad, Daniel Valent\u00edn presidente del  Intermedio del PLD en la comunidad San Jos\u00e9 del Puerto y unos 30 comit\u00e9s de  base de la organizaci\u00f3n oficialista decidieron respaldar la candidatura de  Aristy Castro.<\/p>\n<p>&#13;<\/p>\n<p align=\"justify\" class=\"text1noticias\">Lo propio hizo el secretario general del Partido  Revolucionario Dominicano (PRD), Rafael Ure\u00f1a, quien pas\u00f3 al PRSC junto  veinticinco comit\u00e9s de base.<\/p>\n<p>&#13;<\/p>\n<p align=\"justify\" class=\"text1noticias\">Ambos dirigentes pol\u00edticos expresaron su frustraci\u00f3n  por la forma de gobernar de sus antiguos partidos y la desconfianza que tiene  la poblaci\u00f3n en esos candidatos, lo que dijeron fueron de las razones que los  motivaron a respaldar al candidato reformista, Amable Aristy.<\/p>\n<p>&#13;<\/p>\n<p align=\"justify\" class=\"text1noticias\">A la actividad asistieron el sindico de Villa  Altagracia, Pedro Peralta; el ex diputado H\u00e9ctor Ren\u00e9 Gonz\u00e1lez (Neco), el regidor  Cesar Mej\u00eda y la delegada municipal Arabella L\u00f3pez, entre otros dirigentes  locales.<\/p>\n<p>&#13;<\/p>\n<h6> 2007-12-03 14:36:53 <\/h6>\n<p><!--\n<link rel=\"stylesheet\" href=\"css\/bootstrap.min.css\">\n\n\n<ul class=\"pagination\">\n\t    \n\t\n\n<li >\n\t<a href='?page_no=34634'>Previous<\/a>\n\t<\/li>\n\n\n       \n    \n\n<li><a href='?page_no=1'>1<\/a><\/li>\n\n\n\n<li><a href='?page_no=2'>2<\/a><\/li>\n\n\n\n<li><a>...<\/a><\/li>\n\n\n\n<li><a href='?page_no=34633'>34633<\/a><\/li>\n\n\n\n<li><a href='?page_no=34634'>34634<\/a><\/li>\n\n\n\n<li class='active'><a>34635<\/a><\/li>\n\n\n\n<li><a href='?page_no=34636'>34636<\/a><\/li>\n\n\n\n<li><a href='?page_no=34637'>34637<\/a><\/li>\n\n\n\n<li><a>...<\/a><\/li>\n\n\n\n<li><a href='?page_no=36999'>36999<\/a><\/li>\n\n\n\n<li><a href='?page_no=37000'>37000<\/a><\/li>\n\n    \n\t\n\n<li >\n\t<a href='?page_no=34636'>Next<\/a>\n\t<\/li>\n\n\n    \n\n<li><a href='?page_no=37000'>Last &rsaquo;&rsaquo;<\/a><\/li>\n\n<\/ul>\n\n\n--><br \/>\n<\/body><\/p>\n","protected":false},"excerpt":{"rendered":"<p>Amable dice la candidatura de Leonel provoca \u201chuelga brazos ca\u00eddos\u201d en PLD &#13; Acusa al gobierno de retorcer resultados de sondeos &#13; VILLA ALTAGRACIA.- El candidato presidencial del Partido Reformista Social Cristiano (PRSC), declar\u00f3 que la candidatura de Leonel Fern\u00e1ndez ha provocado una \u201chuelga de brazos ca\u00eddos\u201d en un segmento importante del Partido de la [&hellip;]<\/p>\n","protected":false},"author":3,"featured_media":0,"comment_status":"open","ping_status":"open","sticky":false,"template":"","format":"standard","meta":{"footnotes":""},"categories":[22],"tags":[],"class_list":["post-191887","post","type-post","status-publish","format-standard","hentry","category-politica"],"_links":{"self":[{"href":"https:\/\/diariodominicano.com\/index.php?rest_route=\/wp\/v2\/posts\/191887","targetHints":{"allow":["GET"]}}],"collection":[{"href":"https:\/\/diariodominicano.com\/index.php?rest_route=\/wp\/v2\/posts"}],"about":[{"href":"https:\/\/diariodominicano.com\/index.php?rest_route=\/wp\/v2\/types\/post"}],"author":[{"embeddable":true,"href":"https:\/\/diariodominicano.com\/index.php?rest_route=\/wp\/v2\/users\/3"}],"replies":[{"embeddable":true,"href":"https:\/\/diariodominicano.com\/index.php?rest_route=%2Fwp%2Fv2%2Fcomments&post=191887"}],"version-history":[{"count":0,"href":"https:\/\/diariodominicano.com\/index.php?rest_route=\/wp\/v2\/posts\/191887\/revisions"}],"wp:attachment":[{"href":"https:\/\/diariodominicano.com\/index.php?rest_route=%2Fwp%2Fv2%2Fmedia&parent=191887"}],"wp:term":[{"taxonomy":"category","embeddable":true,"href":"https:\/\/diariodominicano.com\/index.php?rest_route=%2Fwp%2Fv2%2Fcategories&post=191887"},{"taxonomy":"post_tag","embeddable":true,"href":"https:\/\/diariodominicano.com\/index.php?rest_route=%2Fwp%2Fv2%2Ftags&post=191887"}],"curies":[{"name":"wp","href":"https:\/\/api.w.org\/{rel}","templated":true}]}}