{"id":191886,"date":"2007-12-03T14:51:50","date_gmt":"2007-12-03T14:51:50","guid":{"rendered":"http:\/\/diariodominicano.ddns.net\/?p=191886"},"modified":"2007-12-03T14:51:50","modified_gmt":"2007-12-03T14:51:50","slug":"dice-encuestas-confirman-fortaleza-de-miguel-vargas","status":"publish","type":"post","link":"https:\/\/diariodominicano.com\/?p=191886","title":{"rendered":"Dice encuestas confirman fortaleza de Miguel Vargas"},"content":{"rendered":"<p><body><\/p>\n<p align=\"justify\"><strong class=\"titulogrande1\">Dice encuestas confirman fortaleza de Miguel  Vargas <\/strong><br \/>&#13;<br \/>\n  <br \/>&#13;<br \/>\n    <span class=\"text1noticias\"><strong><img loading=\"lazy\" decoding=\"async\" src=\"http:\/\/localhost:8080\/pictures\/carlos gabriel.jpg\" width=\"269\" height=\"367\" hspace=\"4\" align=\"left\" \/>SANTO DOMINGO.-\u00a0<\/strong> El Director  de Comunicaciones del Comando de Campa\u00f1a del PRD, Carlos Gabriel Garc\u00eda, afirm\u00f3  este lunes que\u00a0hay p\u00e1nico en el Palacio Nacional porque el candidato  presidencial de esa entidad pol\u00edtica, Miguel Vargas,\u00a0supera en todos los  escenarios al candidato reeleccionista Leonel Fern\u00e1ndez.<br \/>&#13;<br \/>\n    <br \/>&#13;<br \/>\n    Dijo que la firma independiente CID LATINOAMERICA, que desde hace  varios a\u00f1os viene trabajado para Color Visi\u00f3n, de la familia Berm\u00fadez, acaba de  confirmar que Miguel Vargas encabeza la preferencia del electorado con 35 por  ciento sobre el candidato de la reelecci\u00f3n que apenas alcanza un 31 por ciento.<br \/>&#13;<br \/>\n    <br \/>&#13;<br \/>\n    Manifest\u00f3, sin embargo, que en las encuestas que realiza ese  proyecto pol\u00edtico para trazar la l\u00ednea estrat\u00e9gica de su campa\u00f1a\u00a0 Miguel  Vargas\u00a0alcanza 41 por ciento, Leonel Fern\u00e1ndez 33 por ciento y Amable  Aristy 9 por ciento.<br \/>&#13;<br \/>\n    <br \/>&#13;<br \/>\nDijo que esos n\u00fameros confirman la proyecci\u00f3n que se expresaba en  todas las encuestas que se hab\u00edan realizado en el pa\u00eds en las \u00faltimas semanas  en relaci\u00f3n a la ca\u00edda en picada de las simpat\u00edas del candidato reeleccionista  y el crecimiento sostenido de la candidatura presidencial de Vargas Maldonado.<\/span><\/p>\n<p>&#13;<\/p>\n<p align=\"justify\" class=\"text1noticias\">Garc\u00eda destac\u00f3 que esa tendencia a crecer del candidato  presidencial perrede\u00edsta frente al deterioro de las simpat\u00edas del  presidente Leonel Fern\u00e1ndez permiten proyectar que para el mes de diciembre  Miguel Vargas estar\u00eda superando la candidatura reeleccionista \u00aby es  precisamente lo que ha sucedido\u00bb.<br \/>&#13;<br \/>\n  <br \/>&#13;<br \/>\n  Indic\u00f3 que la fortaleza de la candidatura presidencial del Vargas Maldonado  se percibe en las calles, en los barrios, los colmados, los salones, las  guaguas y los carros p\u00fablicos donde cualquier dominicano puede realizar sus  propias encuestas para conocer la realidad sobre el mercado electoral con miras  a las elecciones del mes de mayo.<br \/>&#13;<br \/>\n  <br \/>&#13;<br \/>\n\u00abEl deterioro en la imagen del candidato reeleccionista y su  ca\u00edda en picada \u00a0en las simpat\u00edas del electorado no pueden sorprender a  nadie porque esa tendencia ha quedado evidenciada en todas las encuestas  realizadas en el pa\u00eds.\u00a0<br \/>&#13;<br \/>\n<br \/>&#13;<br \/>\n\u201cDebemos recordar la investigaci\u00f3n auspiciada por la firma  MITOFSKY,\u00a0en septiembre de este a\u00f1o, sobre la valoraci\u00f3n de los  presidentes de Am\u00e9rica Latina que lo coloca con un precario 38 por ciento de  aprobaci\u00f3n para situarlo como uno de los presidentes con menos aprobaci\u00f3n de  sus ciudadanos en toda la regi\u00f3n\u00bb, dijo el dirigente perrede\u00edsta\u201d, indic\u00f3  Garcia.<\/p>\n<p>&#13;<\/p>\n<p align=\"justify\" class=\"text1noticias\">Precis\u00f3 que en el presente proceso electoral la reelecci\u00f3n est\u00e1  condenada al fracaso, como lo se\u00f1ala el estudio de la CID-LATINOAMERICA\u00a0  cuando resalta que un 59 por ciento de la poblaci\u00f3n electoral la rechaza y s\u00f3lo  un 38 por ciento la favorece, \u00abexactamente el mismo porcentaje de  aprobaci\u00f3n que\u00a0 le asign\u00f3 \u00a0MITOSFKY para el mes de septiembre\u00bb.<br \/>&#13;<br \/>\n  <br \/>&#13;<br \/>\n  Destac\u00f3 que de conformidad con los n\u00fameros que est\u00e1n presentando  todas las encuestas no contaminadas por el gobierno, el presidente Leonel  Fern\u00e1ndez tiene que prepararse para la transici\u00f3n de mando a partir del pr\u00f3ximo  16 de agosto, cuando seg\u00fan dijo asumir\u00e1 la presidencia de la Rep\u00fablica Vargas  Maldonado.<\/p>\n<p>&#13;<\/p>\n<h6> 2007-12-03 14:51:50 <\/h6>\n<p><!--\n<link rel=\"stylesheet\" href=\"css\/bootstrap.min.css\">\n\n\n<ul class=\"pagination\">\n\t    \n\t\n\n<li >\n\t<a href='?page_no=34633'>Previous<\/a>\n\t<\/li>\n\n\n       \n    \n\n<li><a href='?page_no=1'>1<\/a><\/li>\n\n\n\n<li><a href='?page_no=2'>2<\/a><\/li>\n\n\n\n<li><a>...<\/a><\/li>\n\n\n\n<li><a href='?page_no=34632'>34632<\/a><\/li>\n\n\n\n<li><a href='?page_no=34633'>34633<\/a><\/li>\n\n\n\n<li class='active'><a>34634<\/a><\/li>\n\n\n\n<li><a href='?page_no=34635'>34635<\/a><\/li>\n\n\n\n<li><a href='?page_no=34636'>34636<\/a><\/li>\n\n\n\n<li><a>...<\/a><\/li>\n\n\n\n<li><a href='?page_no=36999'>36999<\/a><\/li>\n\n\n\n<li><a href='?page_no=37000'>37000<\/a><\/li>\n\n    \n\t\n\n<li >\n\t<a href='?page_no=34635'>Next<\/a>\n\t<\/li>\n\n\n    \n\n<li><a href='?page_no=37000'>Last &rsaquo;&rsaquo;<\/a><\/li>\n\n<\/ul>\n\n\n--><br \/>\n<\/body><\/p>\n","protected":false},"excerpt":{"rendered":"<p>Dice encuestas confirman fortaleza de Miguel Vargas &#13; &#13; SANTO DOMINGO.-\u00a0 El Director de Comunicaciones del Comando de Campa\u00f1a del PRD, Carlos Gabriel Garc\u00eda, afirm\u00f3 este lunes que\u00a0hay p\u00e1nico en el Palacio Nacional porque el candidato presidencial de esa entidad pol\u00edtica, Miguel Vargas,\u00a0supera en todos los escenarios al candidato reeleccionista Leonel Fern\u00e1ndez.&#13; &#13; Dijo que [&hellip;]<\/p>\n","protected":false},"author":3,"featured_media":0,"comment_status":"open","ping_status":"open","sticky":false,"template":"","format":"standard","meta":{"footnotes":""},"categories":[22],"tags":[],"class_list":["post-191886","post","type-post","status-publish","format-standard","hentry","category-politica"],"_links":{"self":[{"href":"https:\/\/diariodominicano.com\/index.php?rest_route=\/wp\/v2\/posts\/191886","targetHints":{"allow":["GET"]}}],"collection":[{"href":"https:\/\/diariodominicano.com\/index.php?rest_route=\/wp\/v2\/posts"}],"about":[{"href":"https:\/\/diariodominicano.com\/index.php?rest_route=\/wp\/v2\/types\/post"}],"author":[{"embeddable":true,"href":"https:\/\/diariodominicano.com\/index.php?rest_route=\/wp\/v2\/users\/3"}],"replies":[{"embeddable":true,"href":"https:\/\/diariodominicano.com\/index.php?rest_route=%2Fwp%2Fv2%2Fcomments&post=191886"}],"version-history":[{"count":0,"href":"https:\/\/diariodominicano.com\/index.php?rest_route=\/wp\/v2\/posts\/191886\/revisions"}],"wp:attachment":[{"href":"https:\/\/diariodominicano.com\/index.php?rest_route=%2Fwp%2Fv2%2Fmedia&parent=191886"}],"wp:term":[{"taxonomy":"category","embeddable":true,"href":"https:\/\/diariodominicano.com\/index.php?rest_route=%2Fwp%2Fv2%2Fcategories&post=191886"},{"taxonomy":"post_tag","embeddable":true,"href":"https:\/\/diariodominicano.com\/index.php?rest_route=%2Fwp%2Fv2%2Ftags&post=191886"}],"curies":[{"name":"wp","href":"https:\/\/api.w.org\/{rel}","templated":true}]}}