{"id":191885,"date":"2007-12-03T18:51:06","date_gmt":"2007-12-03T18:51:06","guid":{"rendered":"http:\/\/diariodominicano.ddns.net\/?p=191885"},"modified":"2007-12-03T18:51:06","modified_gmt":"2007-12-03T18:51:06","slug":"pld-inicia-jornada-de-empadronamiento","status":"publish","type":"post","link":"https:\/\/diariodominicano.com\/?p=191885","title":{"rendered":"PLD inicia jornada de empadronamiento"},"content":{"rendered":"<p><body><\/p>\n<p class=\"titulogrande1\"><strong>PLD inicia jornada de empadronamiento <\/strong><\/p>\n<p>&#13;<\/p>\n<p><strong>Es  la primera actividad p\u00fablica del Comando de Campa\u00f1a de la Florida<\/strong><\/p>\n<p>&#13;<\/p>\n<p align=\"justify\" class=\"text1noticias\"><strong><img loading=\"lazy\" decoding=\"async\" src=\"http:\/\/localhost:8080\/pictures\/pld269.jpg\" width=\"268\" height=\"209\" hspace=\"4\" align=\"left\" \/>MIAMI,  FLORIDA.- <\/strong>Dirigentes, miembros y  simpatizantes del Partido de la Liberaci\u00f3n Dominicana  se reunieron este fin de semana para trabajar unidos para lograr regularizar a  un gran n\u00famero de posibles votantes que aun no se han empadronado ni tampoco  han sacado su c\u00e9dula de votaci\u00f3n, inform\u00f3 este lunes RD Noticias.<\/p>\n<p>&#13;<\/p>\n<p align=\"justify\" class=\"text1noticias\">Inform\u00f3  que el presidente del PLD en la   Florida, Amauri R\u00edos explic\u00f3 \u00a0que durante el s\u00e1bado y el domingo los  Peledeistas dieron muestras de entusiasmo en el operativo celebrado en su local  de la 1766 NW en la 36 St.  del sector de Allapathah. \u00a0<\/p>\n<p>&#13;<\/p>\n<p align=\"justify\" class=\"text1noticias\">Dijo  que adem\u00e1s de brindarles a los asistentes innumerables atenciones con sus  solicitudes se les regalaron propaganda de la JCE, as\u00ed como gorras, banderas y afiches. <\/p>\n<p>&#13;<\/p>\n<p align=\"justify\" class=\"text1noticias\">Refiri\u00f3  que un sancocho, un locrio de carne de cerdo y refrigerios fue brindado a los  asistentes y colaboradores.<\/p>\n<p>&#13;<\/p>\n<p align=\"justify\" class=\"text1noticias\">\u201cEl  s\u00e1bado se produjeron en varias ocasiones bandereos para saludar a los transe\u00fantes  e invitar a los dominicanos para que participen del evento de empadronamiento\u201d,  se\u00f1al\u00f3 R\u00edos, a juicio de RD Noticias.<\/p>\n<p>&#13;<\/p>\n<p align=\"justify\" class=\"text1noticias\">Agreg\u00f3  que decenas de personas se presentaron al local acudiendo al llamado tanto de  los dirigentes del PLD como de los funcionarios de la JCE de Miami.<\/p>\n<p>&#13;<\/p>\n<p align=\"justify\" class=\"text1noticias\">\u201cEste  primer evento es sin lugar a dudas una muestra de que no estamos dormidos,  tenemos que ayudar a regularizar las documentaciones para que as\u00ed aumente el n\u00famero  de votantes, aunque nuestro triunfo ser\u00e1 aplastante no podemos dormirnos en  nuestros laureles\u201d, dijo el dirigente peledeista. <\/p>\n<p>&#13;<\/p>\n<p align=\"justify\" class=\"text1noticias\">Asegur\u00f3  que \u00a0Leonel Fern\u00e1ndez es la \u00fanica opci\u00f3n  seria, real y beneficiosa para el bienestar del Pa\u00eds, al se\u00f1alar que\u00a0 la continuidad del Gobierno del PLD es  necesaria para darle seguimiento al plan de gobierno y al rescate de la econom\u00eda. <\/p>\n<p>&#13;<\/p>\n<p align=\"justify\" class=\"text1noticias\">\u201cLos  planes de reconstrucci\u00f3n, progreso y bienestar para la Rep\u00fablica Dominicana  es un proceso que no se puede lograr solo en cuatro a\u00f1os, la herencia funesta  del gobierno destructor del PRD ha sido una cat\u00e1strofe para la naci\u00f3n\u201d, resalt\u00f3  R\u00edos.<\/p>\n<p>&#13;<\/p>\n<p align=\"justify\" class=\"text1noticias\">De  igual forma se manifest\u00f3 Delf\u00edn Valdez, quien es la segunda persona en la  direcci\u00f3n del Comando de Campa\u00f1a al decir que \u00a0\u201cNo hay ninguna duda de que el compa\u00f1ero  Leonel Fern\u00e1ndez ser\u00e1 reelecto, pues el pueblo dominicano es sabio y tiene  memoria, la recuperaci\u00f3n de la naci\u00f3n se ve y por eso el pueblo votar\u00e1 por el  bien de su porvenir, la uni\u00f3n de todos los Peledeistas es vital para trabajar en la reelecci\u00f3n del actual  mandatario\u201d.<\/p>\n<p>&#13;<\/p>\n<p align=\"justify\" class=\"text1noticias\">El  estratega del comit\u00e9 de Campa\u00f1a Florida y C\u00f3nsul en Miami, Manuel Almanzar  Castillo manifest\u00f3 que\u00a0 \u201cEsas actividades  se multiplicaran, solo esperamos el comienzo oficial de la campa\u00f1a electoral\u201d. <\/p>\n<p>&#13;<\/p>\n<p align=\"justify\" class=\"text1noticias\">Dijo  que los dem\u00e1s partidos pol\u00edticos han empezado una campa\u00f1a a destiempo y en  contra de las ordenanzas de la JCE,  El PLD est\u00e1 m\u00e1s unido que nunca en torno al Comit\u00e9 de Campa\u00f1a para trabajar por  una sola meta, la victoria del Compa\u00f1ero Leonel Fern\u00e1ndez en la pr\u00f3xima  contienda electoral\u201d.<\/p>\n<p>&#13;<\/p>\n<p align=\"justify\" class=\"text1noticias\">Asimismo,  el delegado electoral del Comando de Campa\u00f1a del partido oficial Facundo  Castillo, argument\u00f3 que el evento ha sido un \u00e9xito rotundo, y \u201cseguiremos  empadronando y haciendo las actividades necesarias para que todos los  dominicanos actos para votar y que residen en el Sur de la Florida obtengan sus  documentaciones electorales, ya el plazo de la JCE vence el 16 de diciembre, y no sabemos si  habr\u00e1 una pr\u00f3rroga, por lo que debemos trabajar sin descanso para lograr los  objetivos\u201d. <\/p>\n<p>&#13;<\/p>\n<p align=\"justify\" class=\"text1noticias\">\u201cVarios  dirigentes y miembros del PLD Florida cooperaron con las labores de\u00a0 empadronamiento\u00a0 entre los que se encontraban, Wilson Medina,  Eduardo S\u00e1nchez,\u00a0 Aridio Genao, Maky  Valdez, Carlos Ortiz, Arismendy Mateo, Fernando Puentes, Magalys Mella, Niurka  Herrera, Joaqu\u00edn Liriano, Virgilio Garc\u00eda y Milagros Isaac entre otros\u201d,  explic\u00f3.<\/p>\n<p>&#13;<\/p>\n<p align=\"justify\" class=\"text1noticias\"><strong>Movimientos externos se unen a  operativo.<\/strong><\/p>\n<p>&#13;<\/p>\n<p align=\"justify\" class=\"text1noticias\">\u201cRam\u00f3n  Barros, Angel Aguasvivas y Carlos S\u00e1nchez quienes dirigen movimientos externos  de apoyo a la candidatura de Leonel Fern\u00e1ndez estuvieron presentes participando  del evento\u201d, dijo.<\/p>\n<p>&#13;<\/p>\n<p align=\"justify\" class=\"text1noticias\">RD  Noticias, El Gran Domingo, Caf\u00e9 Bambu y QuisqueyaUSA cubrieron el evento  noticioso.<\/p>\n<p>&#13;<\/p>\n<h6> 2007-12-03 18:51:06 <\/h6>\n<p><!--\n<link rel=\"stylesheet\" href=\"css\/bootstrap.min.css\">\n\n\n<ul class=\"pagination\">\n\t    \n\t\n\n<li >\n\t<a href='?page_no=34632'>Previous<\/a>\n\t<\/li>\n\n\n       \n    \n\n<li><a href='?page_no=1'>1<\/a><\/li>\n\n\n\n<li><a href='?page_no=2'>2<\/a><\/li>\n\n\n\n<li><a>...<\/a><\/li>\n\n\n\n<li><a href='?page_no=34631'>34631<\/a><\/li>\n\n\n\n<li><a href='?page_no=34632'>34632<\/a><\/li>\n\n\n\n<li class='active'><a>34633<\/a><\/li>\n\n\n\n<li><a href='?page_no=34634'>34634<\/a><\/li>\n\n\n\n<li><a href='?page_no=34635'>34635<\/a><\/li>\n\n\n\n<li><a>...<\/a><\/li>\n\n\n\n<li><a href='?page_no=36999'>36999<\/a><\/li>\n\n\n\n<li><a href='?page_no=37000'>37000<\/a><\/li>\n\n    \n\t\n\n<li >\n\t<a href='?page_no=34634'>Next<\/a>\n\t<\/li>\n\n\n    \n\n<li><a href='?page_no=37000'>Last &rsaquo;&rsaquo;<\/a><\/li>\n\n<\/ul>\n\n\n--><br \/>\n<\/body><\/p>\n","protected":false},"excerpt":{"rendered":"<p>PLD inicia jornada de empadronamiento &#13; Es la primera actividad p\u00fablica del Comando de Campa\u00f1a de la Florida &#13; MIAMI, FLORIDA.- Dirigentes, miembros y simpatizantes del Partido de la Liberaci\u00f3n Dominicana se reunieron este fin de semana para trabajar unidos para lograr regularizar a un gran n\u00famero de posibles votantes que aun no se han [&hellip;]<\/p>\n","protected":false},"author":3,"featured_media":0,"comment_status":"open","ping_status":"open","sticky":false,"template":"","format":"standard","meta":{"footnotes":""},"categories":[22],"tags":[],"class_list":["post-191885","post","type-post","status-publish","format-standard","hentry","category-politica"],"_links":{"self":[{"href":"https:\/\/diariodominicano.com\/index.php?rest_route=\/wp\/v2\/posts\/191885","targetHints":{"allow":["GET"]}}],"collection":[{"href":"https:\/\/diariodominicano.com\/index.php?rest_route=\/wp\/v2\/posts"}],"about":[{"href":"https:\/\/diariodominicano.com\/index.php?rest_route=\/wp\/v2\/types\/post"}],"author":[{"embeddable":true,"href":"https:\/\/diariodominicano.com\/index.php?rest_route=\/wp\/v2\/users\/3"}],"replies":[{"embeddable":true,"href":"https:\/\/diariodominicano.com\/index.php?rest_route=%2Fwp%2Fv2%2Fcomments&post=191885"}],"version-history":[{"count":0,"href":"https:\/\/diariodominicano.com\/index.php?rest_route=\/wp\/v2\/posts\/191885\/revisions"}],"wp:attachment":[{"href":"https:\/\/diariodominicano.com\/index.php?rest_route=%2Fwp%2Fv2%2Fmedia&parent=191885"}],"wp:term":[{"taxonomy":"category","embeddable":true,"href":"https:\/\/diariodominicano.com\/index.php?rest_route=%2Fwp%2Fv2%2Fcategories&post=191885"},{"taxonomy":"post_tag","embeddable":true,"href":"https:\/\/diariodominicano.com\/index.php?rest_route=%2Fwp%2Fv2%2Ftags&post=191885"}],"curies":[{"name":"wp","href":"https:\/\/api.w.org\/{rel}","templated":true}]}}