{"id":191884,"date":"2007-12-04T01:27:15","date_gmt":"2007-12-04T01:27:15","guid":{"rendered":"http:\/\/diariodominicano.ddns.net\/?p=191884"},"modified":"2007-12-04T01:27:15","modified_gmt":"2007-12-04T01:27:15","slug":"camilo-juramenta-comites-campana-del-pld-en-arenoso-y-villa-riva","status":"publish","type":"post","link":"https:\/\/diariodominicano.com\/?p=191884","title":{"rendered":"Camilo juramenta comit\u00e9s campa\u00f1a del PLD en arenoso y Villa Riva"},"content":{"rendered":"<p><body><\/p>\n<p class=\"titulogrande1\">Camilo juramenta comit\u00e9s campa\u00f1a del PLD en arenoso  y Villa Riva<\/p>\n<p>&#13;<\/p>\n<p align=\"justify\" class=\"text1noticias\"><strong><img loading=\"lazy\" decoding=\"async\" src=\"http:\/\/localhost:8080\/pictures\/camila juramenta.jpg\" width=\"269\" height=\"183\" hspace=\"4\" align=\"left\" \/>Santo  Domingo.- <\/strong>El vicesecretario general del Partido de la Liberaci\u00f3n Dominicana,  \u00a0Rafael Camilo,  consider\u00f3 que el repunte\u00a0 de las  simpat\u00edas por la candidatura del presidente Leonel Fern\u00e1ndez que se verifica en  las comunidades del Bajo Yuna, es un reconocimiento a la acertada y r\u00e1pida  actuaci\u00f3n del mandatario ante el paso de la tormenta No\u00e9.<\/p>\n<p>&#13;<\/p>\n<p align=\"justify\" class=\"text1noticias\">Signific\u00f3  que por directrices del presidente Fern\u00e1ndez se construyen 332 apartamentos  para los damnificados de Arenoso, as\u00ed como un hospital municipal; mientras que  en Villa Riva se inici\u00f3 este lunes la pavimentaci\u00f3n de todas sus calles y  tambi\u00e9n otro centro m\u00e9dico moderno, que entre sus facilidades tendr\u00e1 una  farmacia con capacidad de suplir las necesidades de medicamentos de toda el  \u00e1rea, entre otras obras anheladas.<br \/>&#13;<br \/>\n  <br \/>&#13;<br \/>\n  Camilo,  designado por el Comit\u00e9 Pol\u00edtico del PLD como enlace con las Provincias Duarte  y Salcedo, jurament\u00f3 los Comit\u00e9s de Campa\u00f1a de esa organizaci\u00f3n en los  municipios de Villa Riva y Arenoso.<\/p>\n<p>&#13;<\/p>\n<p align=\"justify\" class=\"text1noticias\">Como  presidente del Comit\u00e9 de Campa\u00f1a del PLD en Villa Riva qued\u00f3 designado Alfredo  Espinal, quien adem\u00e1s encabeza el Comit\u00e9 Municipal de esa entidad. En tanto que  Joel Aquino Ledesma dirigir\u00e1 los trabajos proselitistas en Arenoso.<br \/>&#13;<br \/>\n  <br \/>&#13;<br \/>\n  El  dirigente pelede\u00edsta se\u00f1al\u00f3 que adem\u00e1s de ordenar la reubicaci\u00f3n de los  afectados por las aguas, y atender todos sus requerimientos, el mandatario ha  dispuesto otras obras de gran trascendencia, tales como el Centro Comunitario  de Villa Riva, que inaugurar\u00e1 en los pr\u00f3ximos d\u00edas, y contar\u00e1 con una Sala  Virtual con 25 computadoras al servicio de los estudiantes de la zona.<\/p>\n<p>&#13;<\/p>\n<p align=\"justify\" class=\"text1noticias\">Subray\u00f3  que otras importantes reivindicaciones para la gente del Bajo Yuna son la  electrificaci\u00f3n de las comunidades de Ceyba Gorda y Majagual y las construcci\u00f3n  de los liceos de La Reforma  y Barraquito, que est\u00e1n a punto de ser concluidos.<\/p>\n<p>&#13;<\/p>\n<p align=\"justify\" class=\"text1noticias\">Durante  el fin de semana, el economista y pol\u00edtico encabez\u00f3 tambi\u00e9n actividades de  impulso a la candidatura del presidente Leonel Fern\u00e1ndez en los municipios de  San Francisco de Macor\u00eds, Castillo, Hostos y Pimentel.<\/p>\n<p>&#13;<\/p>\n<p align=\"justify\" class=\"text1noticias\">Junto  a Rafael Camilo, encabezaron las  actividades proselitistas, Andr\u00e9s Acosta y Alfredo Espinal, presidentes del PLD  en la provincia Duarte y en Villa Riva, respectivamente; el diputado Lupe  Nu\u00f1ez; el s\u00edndico de Arenoso, el dirigente regional Ram\u00f3n Rodriguez, el edil  Bol\u00edvar Hern\u00e1ndez, y Miledys Nu\u00f1ez, integrante del Comit\u00e9 Central  pelede\u00edsta.\u00a0 <\/p>\n<p>&#13;<\/p>\n<h6> 2007-12-04 01:27:15 <\/h6>\n<p><!--\n<link rel=\"stylesheet\" href=\"css\/bootstrap.min.css\">\n\n\n<ul class=\"pagination\">\n\t    \n\t\n\n<li >\n\t<a href='?page_no=34631'>Previous<\/a>\n\t<\/li>\n\n\n       \n    \n\n<li><a href='?page_no=1'>1<\/a><\/li>\n\n\n\n<li><a href='?page_no=2'>2<\/a><\/li>\n\n\n\n<li><a>...<\/a><\/li>\n\n\n\n<li><a href='?page_no=34630'>34630<\/a><\/li>\n\n\n\n<li><a href='?page_no=34631'>34631<\/a><\/li>\n\n\n\n<li class='active'><a>34632<\/a><\/li>\n\n\n\n<li><a href='?page_no=34633'>34633<\/a><\/li>\n\n\n\n<li><a href='?page_no=34634'>34634<\/a><\/li>\n\n\n\n<li><a>...<\/a><\/li>\n\n\n\n<li><a href='?page_no=36999'>36999<\/a><\/li>\n\n\n\n<li><a href='?page_no=37000'>37000<\/a><\/li>\n\n    \n\t\n\n<li >\n\t<a href='?page_no=34633'>Next<\/a>\n\t<\/li>\n\n\n    \n\n<li><a href='?page_no=37000'>Last &rsaquo;&rsaquo;<\/a><\/li>\n\n<\/ul>\n\n\n--><br \/>\n<\/body><\/p>\n","protected":false},"excerpt":{"rendered":"<p>Camilo juramenta comit\u00e9s campa\u00f1a del PLD en arenoso y Villa Riva &#13; Santo Domingo.- El vicesecretario general del Partido de la Liberaci\u00f3n Dominicana, \u00a0Rafael Camilo, consider\u00f3 que el repunte\u00a0 de las simpat\u00edas por la candidatura del presidente Leonel Fern\u00e1ndez que se verifica en las comunidades del Bajo Yuna, es un reconocimiento a la acertada y [&hellip;]<\/p>\n","protected":false},"author":3,"featured_media":0,"comment_status":"open","ping_status":"open","sticky":false,"template":"","format":"standard","meta":{"footnotes":""},"categories":[22],"tags":[],"class_list":["post-191884","post","type-post","status-publish","format-standard","hentry","category-politica"],"_links":{"self":[{"href":"https:\/\/diariodominicano.com\/index.php?rest_route=\/wp\/v2\/posts\/191884","targetHints":{"allow":["GET"]}}],"collection":[{"href":"https:\/\/diariodominicano.com\/index.php?rest_route=\/wp\/v2\/posts"}],"about":[{"href":"https:\/\/diariodominicano.com\/index.php?rest_route=\/wp\/v2\/types\/post"}],"author":[{"embeddable":true,"href":"https:\/\/diariodominicano.com\/index.php?rest_route=\/wp\/v2\/users\/3"}],"replies":[{"embeddable":true,"href":"https:\/\/diariodominicano.com\/index.php?rest_route=%2Fwp%2Fv2%2Fcomments&post=191884"}],"version-history":[{"count":0,"href":"https:\/\/diariodominicano.com\/index.php?rest_route=\/wp\/v2\/posts\/191884\/revisions"}],"wp:attachment":[{"href":"https:\/\/diariodominicano.com\/index.php?rest_route=%2Fwp%2Fv2%2Fmedia&parent=191884"}],"wp:term":[{"taxonomy":"category","embeddable":true,"href":"https:\/\/diariodominicano.com\/index.php?rest_route=%2Fwp%2Fv2%2Fcategories&post=191884"},{"taxonomy":"post_tag","embeddable":true,"href":"https:\/\/diariodominicano.com\/index.php?rest_route=%2Fwp%2Fv2%2Ftags&post=191884"}],"curies":[{"name":"wp","href":"https:\/\/api.w.org\/{rel}","templated":true}]}}