{"id":191883,"date":"2007-12-04T01:50:16","date_gmt":"2007-12-04T01:50:16","guid":{"rendered":"http:\/\/diariodominicano.ddns.net\/?p=191883"},"modified":"2007-12-04T01:50:16","modified_gmt":"2007-12-04T01:50:16","slug":"milagros-se-integra-a-campana-de-vargas-maldonado","status":"publish","type":"post","link":"https:\/\/diariodominicano.com\/?p=191883","title":{"rendered":"Milagros se integra a campa\u00f1a de Vargas Maldonado"},"content":{"rendered":"<p><body><\/p>\n<p class=\"titulogrande1\">Milagros  se integra a campa\u00f1a de Vargas Maldonado<\/p>\n<p>&#13;<\/p>\n<p align=\"justify\" class=\"text1noticias\"><strong><img loading=\"lazy\" decoding=\"async\" src=\"http:\/\/localhost:8080\/pictures\/milagros ortiz.jpg\" width=\"226\" height=\"272\" hspace=\"4\" align=\"left\" \/>Santo Domingo.- <\/strong>La ex  vicepresidenta Milagros Ortiz Bosch anunci\u00f3 este lunes su integraci\u00f3n a la  campa\u00f1a de Miguel Vargas Maldonado, candidato presidencial del Partido Revolucionario Dominicano.<\/p>\n<p>&#13;<\/p>\n<p align=\"justify\" class=\"text1noticias\">Asegur\u00f3 que su decisi\u00f3n de  apoyar a Vargas Maldonado se debe a la necesidad de saldar la deuda social  acumulada.<\/p>\n<p>&#13;<\/p>\n<p align=\"justify\" class=\"text1noticias\">Dijo que \u00aben esta  visi\u00f3n, en esta convenci\u00f3n del momento, vengo a integrarme con nuestra humilde  capacidad de trabajo, a colocarme en este cauce, en el torrente que usted y el  Partido Revolucionario Dominicano han venido construyendo\u00bb, dijo.<\/p>\n<p>&#13;<\/p>\n<p align=\"justify\" class=\"text1noticias\">De su lado, Vargas Maldonado  salud\u00f3 la decisi\u00f3n de la ex vicemandataria de integrarse a su campa\u00f1a y  reconoci\u00f3 su valor y entrega, \u00aby le decimos a usted, las calles, los  barrios, la sociedad del Distrito Nacional son suyo\u00bb.<\/p>\n<p>&#13;<\/p>\n<p align=\"justify\" class=\"text1noticias\">Dijo no creer en proyectos  personales, sino en proyectos de pa\u00eds y de naci\u00f3n, raz\u00f3n por la propondr\u00e1 una  concertaci\u00f3n de sectores, para iniciar un verdadero desarrollo. <\/p>\n<p>&#13;<\/p>\n<p align=\"justify\" class=\"text1noticias\">Tanto Ortiz Bosch como el  candidato presidencial del PRD se\u00f1alaron que su decisi\u00f3n responde, tambi\u00e9n, a  la necesidad de los perrede\u00edstas de ver unidos a los principales dirigentes de  cara a las pr\u00f3ximas elecciones.<\/p>\n<p>&#13;<\/p>\n<p align=\"justify\" class=\"text1noticias\">Saludan  integraci\u00f3n<\/p>\n<p>&#13;<\/p>\n<p align=\"justify\" class=\"text1noticias\">Mientras, la medida tomada  por Ortiz Bosch a favor de Vargas Maldonado fue saludada por dirigentes de la  organizaci\u00f3n que respaldaron sus aspiraciones pol\u00edticas.<\/p>\n<p>&#13;<\/p>\n<p align=\"justify\" class=\"text1noticias\">Virgilio Bello Rosa consider\u00f3  que ha sido un paso importante en la lucha por la persecuci\u00f3n del poder, y  llam\u00f3 a los perrede\u00edstas a integrarse a la campa\u00f1a.<\/p>\n<p>&#13;<\/p>\n<p align=\"justify\" class=\"text1noticias\">Dijo que \u00abesperamos que  todos los perrede\u00edstas a nivel nacional imitan el ejemplo, y si alguien queda  rezagado o rezagada, que imiten el ejemplo que ha dado do\u00f1a Milagros el d\u00eda de  hoy\u00bb.<br \/>&#13;<br \/>\n  \u00a0 <br \/>&#13;<br \/>\n  Jes\u00fas V\u00e1squez entiende que la  integraci\u00f3n de la ex precandidata presidencial y su equipo de trabajo  constituye un paso fundamental para que el pr\u00f3ximo 16 mayo el PRD gane las  elecciones.<br \/>&#13;<br \/>\n  \u00a0 <br \/>&#13;<br \/>\n  A la actividad convocada por  los perrede\u00edstas para anunciar la integraci\u00f3n de Milagros Ortiz Bosch asistieron  los principales dirigentes de la organizaci\u00f3n opositora.<\/p>\n<p>&#13;<\/p>\n<h6> 2007-12-04 01:50:16 <\/h6>\n<p><!--\n<link rel=\"stylesheet\" href=\"css\/bootstrap.min.css\">\n\n\n<ul class=\"pagination\">\n\t    \n\t\n\n<li >\n\t<a href='?page_no=34630'>Previous<\/a>\n\t<\/li>\n\n\n       \n    \n\n<li><a href='?page_no=1'>1<\/a><\/li>\n\n\n\n<li><a href='?page_no=2'>2<\/a><\/li>\n\n\n\n<li><a>...<\/a><\/li>\n\n\n\n<li><a href='?page_no=34629'>34629<\/a><\/li>\n\n\n\n<li><a href='?page_no=34630'>34630<\/a><\/li>\n\n\n\n<li class='active'><a>34631<\/a><\/li>\n\n\n\n<li><a href='?page_no=34632'>34632<\/a><\/li>\n\n\n\n<li><a href='?page_no=34633'>34633<\/a><\/li>\n\n\n\n<li><a>...<\/a><\/li>\n\n\n\n<li><a href='?page_no=36999'>36999<\/a><\/li>\n\n\n\n<li><a href='?page_no=37000'>37000<\/a><\/li>\n\n    \n\t\n\n<li >\n\t<a href='?page_no=34632'>Next<\/a>\n\t<\/li>\n\n\n    \n\n<li><a href='?page_no=37000'>Last &rsaquo;&rsaquo;<\/a><\/li>\n\n<\/ul>\n\n\n--><br \/>\n<\/body><\/p>\n","protected":false},"excerpt":{"rendered":"<p>Milagros se integra a campa\u00f1a de Vargas Maldonado &#13; Santo Domingo.- La ex vicepresidenta Milagros Ortiz Bosch anunci\u00f3 este lunes su integraci\u00f3n a la campa\u00f1a de Miguel Vargas Maldonado, candidato presidencial del Partido Revolucionario Dominicano. &#13; Asegur\u00f3 que su decisi\u00f3n de apoyar a Vargas Maldonado se debe a la necesidad de saldar la deuda social [&hellip;]<\/p>\n","protected":false},"author":3,"featured_media":0,"comment_status":"open","ping_status":"open","sticky":false,"template":"","format":"standard","meta":{"footnotes":""},"categories":[22],"tags":[],"class_list":["post-191883","post","type-post","status-publish","format-standard","hentry","category-politica"],"_links":{"self":[{"href":"https:\/\/diariodominicano.com\/index.php?rest_route=\/wp\/v2\/posts\/191883","targetHints":{"allow":["GET"]}}],"collection":[{"href":"https:\/\/diariodominicano.com\/index.php?rest_route=\/wp\/v2\/posts"}],"about":[{"href":"https:\/\/diariodominicano.com\/index.php?rest_route=\/wp\/v2\/types\/post"}],"author":[{"embeddable":true,"href":"https:\/\/diariodominicano.com\/index.php?rest_route=\/wp\/v2\/users\/3"}],"replies":[{"embeddable":true,"href":"https:\/\/diariodominicano.com\/index.php?rest_route=%2Fwp%2Fv2%2Fcomments&post=191883"}],"version-history":[{"count":0,"href":"https:\/\/diariodominicano.com\/index.php?rest_route=\/wp\/v2\/posts\/191883\/revisions"}],"wp:attachment":[{"href":"https:\/\/diariodominicano.com\/index.php?rest_route=%2Fwp%2Fv2%2Fmedia&parent=191883"}],"wp:term":[{"taxonomy":"category","embeddable":true,"href":"https:\/\/diariodominicano.com\/index.php?rest_route=%2Fwp%2Fv2%2Fcategories&post=191883"},{"taxonomy":"post_tag","embeddable":true,"href":"https:\/\/diariodominicano.com\/index.php?rest_route=%2Fwp%2Fv2%2Ftags&post=191883"}],"curies":[{"name":"wp","href":"https:\/\/api.w.org\/{rel}","templated":true}]}}