{"id":191881,"date":"2007-12-04T02:42:23","date_gmt":"2007-12-04T02:42:23","guid":{"rendered":"http:\/\/diariodominicano.ddns.net\/?p=191881"},"modified":"2007-12-04T02:42:23","modified_gmt":"2007-12-04T02:42:23","slug":"izquierdista-se-autocritica-por-reunion-con-candelier","status":"publish","type":"post","link":"https:\/\/diariodominicano.com\/?p=191881","title":{"rendered":"Izquierdista se autocr\u00edtica por reuni\u00f3n con Candelier"},"content":{"rendered":"<p><body><\/p>\n<p class=\"titulogrande1\">Izquierdista  se autocr\u00edtica por reuni\u00f3n con Candelier<\/p>\n<p>&#13;<\/p>\n<p align=\"justify\" class=\"text1noticias\"><strong>SANTO DOMINGO, Rep\u00fablica  Dominicana.-<\/strong> El secretario general del Partido Comunista del Trabajo, Manuel  Salazar, consider\u00f3 fue un error participar en la reuni\u00f3n con el general Pedro  de Jes\u00fas Candelier Tejada, en la que tambi\u00e9n estuvieron presentes Fidelio  Despradel y Miguel \u00c1ngel Mu\u00f1iz Arias.<\/p>\n<p>&#13;<\/p>\n<p align=\"justify\" class=\"text1noticias\">Salazar expuso sus  consideraciones en una carta enviada al dirigente sindical y revolucionario  Francisco Antonio Santos, en la cual explica que tanto \u00e9l como Despradel  accedieron a una invitaci\u00f3n de Mu\u00f1iz Arias, de quien resalt\u00f3 sus condiciones de  luchador revolucionario y hombre sin tacha.<\/p>\n<p>&#13;<\/p>\n<p align=\"justify\" class=\"text1noticias\">\u00abEl Gral Candelier no  nos propuso una reuni\u00f3n a Fidelio Despradel, ni a m\u00ed. Ni\u00a0 Fidelio, ni yo propusimos una reuni\u00f3n al  Gral. Candelier\u201d, explica.<\/p>\n<p>&#13;<\/p>\n<p align=\"justify\" class=\"text1noticias\">A continuaci\u00f3n la carta: <\/p>\n<p>&#13;<\/p>\n<p align=\"justify\" class=\"text1noticias\">Compa\u00f1ero<\/p>\n<p>&#13;<\/p>\n<p align=\"justify\" class=\"text1noticias\">Francisco Antonio Santos,<\/p>\n<p>&#13;<\/p>\n<p align=\"justify\" class=\"text1noticias\">Lider Pol\u00edtico social.<\/p>\n<p>&#13;<\/p>\n<p align=\"justify\" class=\"text1noticias\">PRESENTE.<\/p>\n<p>&#13;<\/p>\n<p align=\"justify\" class=\"text1noticias\">Querido Amigo y compa\u00f1ero:<\/p>\n<p>&#13;<\/p>\n<p align=\"justify\" class=\"text1noticias\">Quiero agradecerte en esta  carta, que la hago abierta al movimiento pol\u00edticosocial progresista y de izquierda,  el gesto digno que tuviste cuando los medios de comunicaci\u00f3n dieron a conocer  la reuni\u00f3n en la que, por diligencia de Miguel Angel Mu\u00f1iz Arias, participamos  Fidelio Despradel y yo con el General Candelier, y me comunicaste que te hab\u00edan  estado llamando para que hicieras una declaraci\u00f3n al respecto; a lo que  contestaste que no pod\u00edas opinar, sin antes escuchar de manera directa de  Fidelio y de m\u00ed una versi\u00f3n de lo ocurrido.<\/p>\n<p>&#13;<\/p>\n<p align=\"justify\" class=\"text1noticias\">\u00bfPor qu\u00e9 pudiste adoptar un  gesto de elemental decencia como ese?\u00a0  Porque tienes formaci\u00f3n pol\u00edtica y human\u00edstica; has hecho una carrera  p\u00fablica y privada dilatada que soporta un escaneo detallado; has ganado un  nombre p\u00fablico en base a la consistencia en el trabajo y no en la vocingler\u00eda  ni el esc\u00e1ndalo agorero, en fin, no est\u00e1s traumatizado y, por todo eso, guardas  consideraci\u00f3n por los que entiende somos revolucionarios. <\/p>\n<p>&#13;<\/p>\n<p align=\"justify\" class=\"text1noticias\">Para responder como lo\u00a0 hiciste,\u00a0  hay que tener por lo menos una de esas cualidades.<\/p>\n<p>&#13;<\/p>\n<p align=\"justify\" class=\"text1noticias\">Procurando conocer primero  nuestra opini\u00f3n, actuaste como revolucionario. Como amigo. Como hombre decente.  Esto, aunque estuvieras en desacuerdo con la reuni\u00f3n e incluso lo hicieras  p\u00fablico.<\/p>\n<p>&#13;<\/p>\n<p align=\"justify\" class=\"text1noticias\">El Gral Candelier no nos  propuso una reuni\u00f3n a Fidelio Despradel, ni a m\u00ed.<\/p>\n<p>&#13;<\/p>\n<p align=\"justify\" class=\"text1noticias\">Ni\u00a0 Fidelio, ni yo propusimos una reuni\u00f3n al  Gral. Candelier.<\/p>\n<p>&#13;<\/p>\n<p align=\"justify\" class=\"text1noticias\">Fue el hombre digno y  honrado, que es Miguel Angel Mu\u00f1iz Arias, el que nos invit\u00f3 a que le  acompa\u00f1ar\u00e1mos a un lugar p\u00fablico, para escuchar las opiniones pol\u00edticas del  General.<\/p>\n<p>&#13;<\/p>\n<p align=\"justify\" class=\"text1noticias\">A fuerza de hechos valientes  en los tiempos en que hab\u00eda que ser valiente, y de un trabajo productivo  honrado y bien encauzado, Miguel Angel se ha ganado un respeto al que tanto  Fidelio como yo ten\u00edamos que corresponder. Pero, adem\u00e1s, tenemos posiciones e  identidad pol\u00edticas muy firmes.<\/p>\n<p>&#13;<\/p>\n<p align=\"justify\" class=\"text1noticias\">Es evidente que la reuni\u00f3n  devino en error pol\u00edtico, y como revolucionario que soy, asumo sin rodeos ese  error, que es exclusivamente m\u00edo y no de mi partido; porque precisamente, por  lo elemental del contenido de la reuni\u00f3n y la forma en que se prepar\u00f3 la misma,  ni Fidelio ni yo consultamos a nuestras respectivas organizaciones. <\/p>\n<p>&#13;<\/p>\n<p align=\"justify\" class=\"text1noticias\">Fue un error pol\u00edtico que  como revolucionario, no tapo. Pero es un error pol\u00edtico, que se explica \u00fanica y  exclusivamente en el gesto de urbanidad que tuvimos Fidelio y yo de  corresponder a una invitaci\u00f3n del\u00a0  respetado y respetable amigo Miguel Angel, quien, a fin de cuentas, era  quien ten\u00eda que garantizar que el Gral Candelier no convirtiera la reuni\u00f3n en  un acto de campa\u00f1a proselitista.<\/p>\n<p>&#13;<\/p>\n<p align=\"justify\" class=\"text1noticias\">En cualquier caso, hay una  experiencia que a m\u00ed me ayuda\u00a0 m\u00e1s de lo  que se pueda imaginar.<\/p>\n<p>&#13;<\/p>\n<p align=\"justify\" class=\"text1noticias\">Eres un amigo de verdad y a  los amigos no se dan explicaciones, porque no las necesitan; ni se dan a los  enemigos, porque no las van a creer. <\/p>\n<p>&#13;<\/p>\n<p align=\"justify\" class=\"text1noticias\">Te doy estos detalles, porque  en nuestro movimiento las cosas son sumamente singulares. Las limitaciones pol\u00edticas  y org\u00e1nicas nos hacen desenvolvernos entre amigos, como es tu caso, pero adem\u00e1s  con los casi amigos, los semi amigos, los a veces amigos y hasta con\u00a0 los no amigos.<\/p>\n<p>&#13;<\/p>\n<p align=\"justify\" class=\"text1noticias\">Reiter\u00e1ndote mi amistad,  cari\u00f1o y respeto,<\/p>\n<p>&#13;<\/p>\n<p align=\"justify\" class=\"text1noticias\">Manuel Salazar<\/p>\n<p>&#13;<\/p>\n<p align=\"justify\" class=\"text1noticias\">pctmla@hotmail.com<\/p>\n<p>&#13;<\/p>\n<p align=\"justify\" class=\"text1noticias\">3 de diciembre, 2007.<\/p>\n<p>&#13;<\/p>\n<h6> 2007-12-04 02:42:23 <\/h6>\n<p><!--\n<link rel=\"stylesheet\" href=\"css\/bootstrap.min.css\">\n\n\n<ul class=\"pagination\">\n\t    \n\t\n\n<li >\n\t<a href='?page_no=34628'>Previous<\/a>\n\t<\/li>\n\n\n       \n    \n\n<li><a href='?page_no=1'>1<\/a><\/li>\n\n\n\n<li><a href='?page_no=2'>2<\/a><\/li>\n\n\n\n<li><a>...<\/a><\/li>\n\n\n\n<li><a href='?page_no=34627'>34627<\/a><\/li>\n\n\n\n<li><a href='?page_no=34628'>34628<\/a><\/li>\n\n\n\n<li class='active'><a>34629<\/a><\/li>\n\n\n\n<li><a href='?page_no=34630'>34630<\/a><\/li>\n\n\n\n<li><a href='?page_no=34631'>34631<\/a><\/li>\n\n\n\n<li><a>...<\/a><\/li>\n\n\n\n<li><a href='?page_no=36999'>36999<\/a><\/li>\n\n\n\n<li><a href='?page_no=37000'>37000<\/a><\/li>\n\n    \n\t\n\n<li >\n\t<a href='?page_no=34630'>Next<\/a>\n\t<\/li>\n\n\n    \n\n<li><a href='?page_no=37000'>Last &rsaquo;&rsaquo;<\/a><\/li>\n\n<\/ul>\n\n\n--><br \/>\n<\/body><\/p>\n","protected":false},"excerpt":{"rendered":"<p>Izquierdista se autocr\u00edtica por reuni\u00f3n con Candelier &#13; SANTO DOMINGO, Rep\u00fablica Dominicana.- El secretario general del Partido Comunista del Trabajo, Manuel Salazar, consider\u00f3 fue un error participar en la reuni\u00f3n con el general Pedro de Jes\u00fas Candelier Tejada, en la que tambi\u00e9n estuvieron presentes Fidelio Despradel y Miguel \u00c1ngel Mu\u00f1iz Arias. &#13; Salazar expuso sus [&hellip;]<\/p>\n","protected":false},"author":3,"featured_media":0,"comment_status":"open","ping_status":"open","sticky":false,"template":"","format":"standard","meta":{"footnotes":""},"categories":[22],"tags":[],"class_list":["post-191881","post","type-post","status-publish","format-standard","hentry","category-politica"],"_links":{"self":[{"href":"https:\/\/diariodominicano.com\/index.php?rest_route=\/wp\/v2\/posts\/191881","targetHints":{"allow":["GET"]}}],"collection":[{"href":"https:\/\/diariodominicano.com\/index.php?rest_route=\/wp\/v2\/posts"}],"about":[{"href":"https:\/\/diariodominicano.com\/index.php?rest_route=\/wp\/v2\/types\/post"}],"author":[{"embeddable":true,"href":"https:\/\/diariodominicano.com\/index.php?rest_route=\/wp\/v2\/users\/3"}],"replies":[{"embeddable":true,"href":"https:\/\/diariodominicano.com\/index.php?rest_route=%2Fwp%2Fv2%2Fcomments&post=191881"}],"version-history":[{"count":0,"href":"https:\/\/diariodominicano.com\/index.php?rest_route=\/wp\/v2\/posts\/191881\/revisions"}],"wp:attachment":[{"href":"https:\/\/diariodominicano.com\/index.php?rest_route=%2Fwp%2Fv2%2Fmedia&parent=191881"}],"wp:term":[{"taxonomy":"category","embeddable":true,"href":"https:\/\/diariodominicano.com\/index.php?rest_route=%2Fwp%2Fv2%2Fcategories&post=191881"},{"taxonomy":"post_tag","embeddable":true,"href":"https:\/\/diariodominicano.com\/index.php?rest_route=%2Fwp%2Fv2%2Ftags&post=191881"}],"curies":[{"name":"wp","href":"https:\/\/api.w.org\/{rel}","templated":true}]}}