{"id":191879,"date":"2007-12-05T01:36:34","date_gmt":"2007-12-05T01:36:34","guid":{"rendered":"http:\/\/diariodominicano.ddns.net\/?p=191879"},"modified":"2007-12-05T01:36:34","modified_gmt":"2007-12-05T01:36:34","slug":"antun-batlle-considera-leonel-no-es-capaz-de-resolver-problemas-del-pais","status":"publish","type":"post","link":"https:\/\/diariodominicano.com\/?p=191879","title":{"rendered":"Ant\u00fan Batlle considera  Leonel no es capaz de resolver problemas del pa\u00eds"},"content":{"rendered":"<p><body><\/p>\n<p align=\"justify\" class=\"titulogrande1\">Ant\u00fan  Batlle considera\u00a0<strong>Leonel  no es capaz de resolver problemas del pa\u00eds<\/strong><\/p>\n<p>&#13;<\/p>\n<p align=\"justify\" class=\"text1noticias\"><strong><img loading=\"lazy\" decoding=\"async\" src=\"http:\/\/localhost:8080\/pictures\/antun batlle.jpg\" width=\"269\" height=\"182\" hspace=\"4\" align=\"left\" \/>Santo Domingo.-<\/strong> El presidente del presidente del  Partido Reformista Social Cristiano (PRSC) declar\u00f3 que el gobierno de Leonel  Fern\u00e1ndez ha manejado los presupuestos m\u00e1s grandes de la historia del pa\u00eds y  sin embargo no ha sido capaz de resolver los problemas los principales  problemas de la naci\u00f3n.<\/p>\n<p>&#13;<\/p>\n<p align=\"justify\" class=\"text1noticias\">Federico Ant\u00fan Batlle sostuvo que problemas sociales  como educaci\u00f3n, salud, energ\u00eda el\u00e9ctrica, desempleo y pobreza extrema que  padece la mayor\u00eda de la poblaci\u00f3n no han sido la prioridad de la administraci\u00f3n  pelede\u00edsta.<\/p>\n<p>&#13;<\/p>\n<p align=\"justify\" class=\"text1noticias\">Dijo que \u201cel gobierno del presidente Fern\u00e1ndez no sabe  priorizar el gasto en funci\u00f3n de las necesidades nacionales\u201d.<\/p>\n<p>&#13;<\/p>\n<p align=\"justify\" class=\"text1noticias\">Explic\u00f3 que el presupuesto nacional para el 2008 que ser\u00e1  sometido al Congreso en los pr\u00f3ximos d\u00edas es de aproximadamente 360 mil  millones de pesos, es decir casi 11 mil millones de d\u00f3lares.<\/p>\n<p>&#13;<\/p>\n<p align=\"justify\" class=\"text1noticias\">Se\u00f1al\u00f3 \u00a0que el  presupuesto actual es casi siete veces mayor que el manejado en el \u00faltimo  gobierno reformista que encabez\u00f3 Joaqu\u00edn Balaguer, \u201cy no han hecho nada para  reducir la pobreza y la indigencia\u201d.<\/p>\n<p>&#13;<\/p>\n<p align=\"justify\" class=\"text1noticias\">Indic\u00f3 que cuando los reformistas estuvieron en el  poder invirtieron en las \u00e1reas m\u00e1s necesitadas \u201cy se incentiv\u00f3 el ahorro  interno, lo cual nos permit\u00eda resolver los problemas sociales sin endeudamiento  externo\u201d.<\/p>\n<p>&#13;<\/p>\n<p align=\"justify\" class=\"text1noticias\">Record\u00f3 que el \u00faltimo presupuesto que manej\u00f3 Balaguer,  en 1995, fue de unos 17 mil millones de pesos con un d\u00f3lar a 13 por uno,  \u201cequivalente a US$1,307 millones\u201d.<\/p>\n<p>&#13;<\/p>\n<p align=\"justify\" class=\"text1noticias\">Resalt\u00f3 que este a\u00f1o los pelede\u00edstas han manejado  cuantiosos recursos y no han resuelto nada, \u201csino todo lo contrario, la miseria  se ha incrementado\u201d.<\/p>\n<p>&#13;<\/p>\n<p align=\"justify\" class=\"text1noticias\">\u201cLa sabia pr\u00e1ctica administrativa de ahorro de los  gobiernos reformistas, evitando malgastar el erario, sirvi\u00f3 de estimulo a un  proceso de dinamizacion de la econom\u00eda, lo que a su vez se tradujo en mayores  ingresos para el fisco, permiti\u00e9ndole al gobierno invertir cada vez m\u00e1s en  obras sociales, financiadas con ahorros internos\u201d, expres\u00f3.<\/p>\n<p>&#13;<\/p>\n<p align=\"justify\" class=\"text1noticias\">Manifest\u00f3 que por esa raz\u00f3n las grandes mayor\u00edas  anhelan el retorno al poder del PRSC, \u201cporque es que hemos demostrado que  sabemos gobernar mejor\u201d.<\/p>\n<p>&#13;<\/p>\n<p align=\"justify\" class=\"text1noticias\">El presidente del partido colorao entiende que el pa\u00eds  requiere de un presupuesto general en el que se prioricen los renglones  sociales, destinando la mayor cantidad de recursos a las \u00e1reas mas necesitadas,  como son la educaci\u00f3n, salud y alimentaci\u00f3n.<\/p>\n<p>&#13;<\/p>\n<p align=\"justify\" class=\"text1noticias\">Para ello plante\u00f3 reducir el gasto public\u00f3, y por  ende, que el gobierno reoriente la inmersi\u00f3n que hace en obras no reproductivas  y en planes de publicidad onerosos y piense en las reales necesidades de la  poblaci\u00f3n, \u201cno en satisfacer sus intereses particulares\u201d.<\/p>\n<p>&#13;<\/p>\n<h6> 2007-12-05 01:36:34 <\/h6>\n<p><!--\n<link rel=\"stylesheet\" href=\"css\/bootstrap.min.css\">\n\n\n<ul class=\"pagination\">\n\t    \n\t\n\n<li >\n\t<a href='?page_no=34626'>Previous<\/a>\n\t<\/li>\n\n\n       \n    \n\n<li><a href='?page_no=1'>1<\/a><\/li>\n\n\n\n<li><a href='?page_no=2'>2<\/a><\/li>\n\n\n\n<li><a>...<\/a><\/li>\n\n\n\n<li><a href='?page_no=34625'>34625<\/a><\/li>\n\n\n\n<li><a href='?page_no=34626'>34626<\/a><\/li>\n\n\n\n<li class='active'><a>34627<\/a><\/li>\n\n\n\n<li><a href='?page_no=34628'>34628<\/a><\/li>\n\n\n\n<li><a href='?page_no=34629'>34629<\/a><\/li>\n\n\n\n<li><a>...<\/a><\/li>\n\n\n\n<li><a href='?page_no=36999'>36999<\/a><\/li>\n\n\n\n<li><a href='?page_no=37000'>37000<\/a><\/li>\n\n    \n\t\n\n<li >\n\t<a href='?page_no=34628'>Next<\/a>\n\t<\/li>\n\n\n    \n\n<li><a href='?page_no=37000'>Last &rsaquo;&rsaquo;<\/a><\/li>\n\n<\/ul>\n\n\n--><br \/>\n<\/body><\/p>\n","protected":false},"excerpt":{"rendered":"<p>Ant\u00fan Batlle considera\u00a0Leonel no es capaz de resolver problemas del pa\u00eds &#13; Santo Domingo.- El presidente del presidente del Partido Reformista Social Cristiano (PRSC) declar\u00f3 que el gobierno de Leonel Fern\u00e1ndez ha manejado los presupuestos m\u00e1s grandes de la historia del pa\u00eds y sin embargo no ha sido capaz de resolver los problemas los principales [&hellip;]<\/p>\n","protected":false},"author":3,"featured_media":0,"comment_status":"open","ping_status":"open","sticky":false,"template":"","format":"standard","meta":{"footnotes":""},"categories":[22],"tags":[],"class_list":["post-191879","post","type-post","status-publish","format-standard","hentry","category-politica"],"_links":{"self":[{"href":"https:\/\/diariodominicano.com\/index.php?rest_route=\/wp\/v2\/posts\/191879","targetHints":{"allow":["GET"]}}],"collection":[{"href":"https:\/\/diariodominicano.com\/index.php?rest_route=\/wp\/v2\/posts"}],"about":[{"href":"https:\/\/diariodominicano.com\/index.php?rest_route=\/wp\/v2\/types\/post"}],"author":[{"embeddable":true,"href":"https:\/\/diariodominicano.com\/index.php?rest_route=\/wp\/v2\/users\/3"}],"replies":[{"embeddable":true,"href":"https:\/\/diariodominicano.com\/index.php?rest_route=%2Fwp%2Fv2%2Fcomments&post=191879"}],"version-history":[{"count":0,"href":"https:\/\/diariodominicano.com\/index.php?rest_route=\/wp\/v2\/posts\/191879\/revisions"}],"wp:attachment":[{"href":"https:\/\/diariodominicano.com\/index.php?rest_route=%2Fwp%2Fv2%2Fmedia&parent=191879"}],"wp:term":[{"taxonomy":"category","embeddable":true,"href":"https:\/\/diariodominicano.com\/index.php?rest_route=%2Fwp%2Fv2%2Fcategories&post=191879"},{"taxonomy":"post_tag","embeddable":true,"href":"https:\/\/diariodominicano.com\/index.php?rest_route=%2Fwp%2Fv2%2Ftags&post=191879"}],"curies":[{"name":"wp","href":"https:\/\/api.w.org\/{rel}","templated":true}]}}