{"id":191878,"date":"2007-12-05T01:42:29","date_gmt":"2007-12-05T01:42:29","guid":{"rendered":"http:\/\/diariodominicano.ddns.net\/?p=191878"},"modified":"2007-12-05T01:42:29","modified_gmt":"2007-12-05T01:42:29","slug":"subervi-bonilla-se-integra-a-campana-vargas-maldonado","status":"publish","type":"post","link":"https:\/\/diariodominicano.com\/?p=191878","title":{"rendered":"Suberv\u00ed Bonilla se integra a campa\u00f1a Vargas Maldonado"},"content":{"rendered":"<p><body><\/p>\n<p class=\"titulogrande1\"><strong>Suberv\u00ed Bonilla  se integra a campa\u00f1a Vargas Maldonado<\/strong><\/p>\n<p>&#13;<\/p>\n<p align=\"justify\" class=\"text1noticias\"><strong><img loading=\"lazy\" decoding=\"async\" src=\"http:\/\/localhost:8080\/pictures\/fello subervi.jpg\" width=\"269\" height=\"374\" hspace=\"4\" align=\"left\" \/>SANTO DOMINGO.- <\/strong>El vicepresidente del Partido Revolucionario  Dominicano (PRD), Rafael Suberv\u00ed Bonilla, se integr\u00f3 \u00a0a la campa\u00f1a del candidato presidencial de esa  organizaci\u00f3n pol\u00edtica, Miguel Vargas Maldonado.<br \/>&#13;<br \/>\n  <br \/>&#13;<br \/>\n  Se inform\u00f3 que de inmediato Suberv\u00ed Bonilla  se integrar\u00e1 como \u00a0jefe de campa\u00f1a de la  provincia Santo Domingo junto a Peggy Cabral y Rafael D\u00edaz Filpo.<br \/>&#13;<br \/>\n  <br \/>&#13;<br \/>\n  Fello Suberv\u00ed, al aceptar su designaci\u00f3n,  asegur\u00f3 que trabajar\u00e1 para obtener la victoria de esa organizaci\u00f3n, tras  indicar que todos los sectores del PRD est\u00e1n unidos como nunca, incluyendo el  que liderea el ex presidente Hip\u00f3lito Mej\u00eda. <br \/>&#13;<br \/>\n  <br \/>&#13;<br \/>\n  Por su lado, Miguel Vargas Maldonado salud\u00f3  la decisi\u00f3n de Fello Suberv\u00ed y afirm\u00f3 que es un hombre que conoce todos los  sectores de la provincia Santo Domingo, ya que se desempe\u00f1\u00f3 como s\u00edndico en dos  ocasiones.<br \/>&#13;<br \/>\n  <br \/>&#13;<br \/>\n  El acto donde se anunci\u00f3 su integraci\u00f3n se  llev\u00f3 a cabo en el hotel Santo Domingo, a donde acudieron decenas de  simpatizantes tanto de Fello Suberv\u00ed como de Miguel Vargas.<br \/>&#13;<br \/>\n  <br \/>&#13;<br \/>\n  Al encuentro tambi\u00e9n asisti\u00f3 el secretario  general del PRD, Orlando Jorge Mera y Peggy Cabral, entre otros.<\/p>\n<p>&#13;<\/p>\n<h6> 2007-12-05 01:42:29 <\/h6>\n<p><!--\n<link rel=\"stylesheet\" href=\"css\/bootstrap.min.css\">\n\n\n<ul class=\"pagination\">\n\t    \n\t\n\n<li >\n\t<a href='?page_no=34625'>Previous<\/a>\n\t<\/li>\n\n\n       \n    \n\n<li><a href='?page_no=1'>1<\/a><\/li>\n\n\n\n<li><a href='?page_no=2'>2<\/a><\/li>\n\n\n\n<li><a>...<\/a><\/li>\n\n\n\n<li><a href='?page_no=34624'>34624<\/a><\/li>\n\n\n\n<li><a href='?page_no=34625'>34625<\/a><\/li>\n\n\n\n<li class='active'><a>34626<\/a><\/li>\n\n\n\n<li><a href='?page_no=34627'>34627<\/a><\/li>\n\n\n\n<li><a href='?page_no=34628'>34628<\/a><\/li>\n\n\n\n<li><a>...<\/a><\/li>\n\n\n\n<li><a href='?page_no=36999'>36999<\/a><\/li>\n\n\n\n<li><a href='?page_no=37000'>37000<\/a><\/li>\n\n    \n\t\n\n<li >\n\t<a href='?page_no=34627'>Next<\/a>\n\t<\/li>\n\n\n    \n\n<li><a href='?page_no=37000'>Last &rsaquo;&rsaquo;<\/a><\/li>\n\n<\/ul>\n\n\n--><br \/>\n<\/body><\/p>\n","protected":false},"excerpt":{"rendered":"<p>Suberv\u00ed Bonilla se integra a campa\u00f1a Vargas Maldonado &#13; SANTO DOMINGO.- El vicepresidente del Partido Revolucionario Dominicano (PRD), Rafael Suberv\u00ed Bonilla, se integr\u00f3 \u00a0a la campa\u00f1a del candidato presidencial de esa organizaci\u00f3n pol\u00edtica, Miguel Vargas Maldonado.&#13; &#13; Se inform\u00f3 que de inmediato Suberv\u00ed Bonilla se integrar\u00e1 como \u00a0jefe de campa\u00f1a de la provincia Santo Domingo [&hellip;]<\/p>\n","protected":false},"author":3,"featured_media":0,"comment_status":"open","ping_status":"open","sticky":false,"template":"","format":"standard","meta":{"footnotes":""},"categories":[22],"tags":[],"class_list":["post-191878","post","type-post","status-publish","format-standard","hentry","category-politica"],"_links":{"self":[{"href":"https:\/\/diariodominicano.com\/index.php?rest_route=\/wp\/v2\/posts\/191878","targetHints":{"allow":["GET"]}}],"collection":[{"href":"https:\/\/diariodominicano.com\/index.php?rest_route=\/wp\/v2\/posts"}],"about":[{"href":"https:\/\/diariodominicano.com\/index.php?rest_route=\/wp\/v2\/types\/post"}],"author":[{"embeddable":true,"href":"https:\/\/diariodominicano.com\/index.php?rest_route=\/wp\/v2\/users\/3"}],"replies":[{"embeddable":true,"href":"https:\/\/diariodominicano.com\/index.php?rest_route=%2Fwp%2Fv2%2Fcomments&post=191878"}],"version-history":[{"count":0,"href":"https:\/\/diariodominicano.com\/index.php?rest_route=\/wp\/v2\/posts\/191878\/revisions"}],"wp:attachment":[{"href":"https:\/\/diariodominicano.com\/index.php?rest_route=%2Fwp%2Fv2%2Fmedia&parent=191878"}],"wp:term":[{"taxonomy":"category","embeddable":true,"href":"https:\/\/diariodominicano.com\/index.php?rest_route=%2Fwp%2Fv2%2Fcategories&post=191878"},{"taxonomy":"post_tag","embeddable":true,"href":"https:\/\/diariodominicano.com\/index.php?rest_route=%2Fwp%2Fv2%2Ftags&post=191878"}],"curies":[{"name":"wp","href":"https:\/\/api.w.org\/{rel}","templated":true}]}}