{"id":191877,"date":"2007-12-05T03:59:15","date_gmt":"2007-12-05T03:59:15","guid":{"rendered":"http:\/\/diariodominicano.ddns.net\/?p=191877"},"modified":"2007-12-05T03:59:15","modified_gmt":"2007-12-05T03:59:15","slug":"perredeista-dice-que-funcionarios-atacan-a-miguel-vargas-porque-esta-encabezando-las-encuestas","status":"publish","type":"post","link":"https:\/\/diariodominicano.com\/?p=191877","title":{"rendered":"Perredeista dice que Funcionarios atacan a Miguel Vargas porque est\u00e1 encabezando las encuestas"},"content":{"rendered":"<p><body><\/p>\n<p align=\"justify\" class=\"titulogrande1\">Perredeista dice que  Funcionarios atacan a Miguel Vargas porque est\u00e1 encabezando las encuestas<\/p>\n<p>&#13;<\/p>\n<p align=\"justify\" class=\"text1noticias\"><strong>Santo Domingo.-<\/strong> El Director  de Comunicaciones del Comando de Campa\u00f1a del PRD, Carlos Gabriel Garc\u00eda,  consider\u00f3 \u00a0que los ataques de los  funcionarios\u00a0 del gobierno contra el  ingeniero Miguel Vargas obedecen a que el candidato presidencial del Partido  Revolucionario Dominicano encabeza todas las encuestas independientes que se  han realizado en el pa\u00eds para investigar la preferencia del electorado.<\/p>\n<p>&#13;<\/p>\n<p align=\"justify\" class=\"text1noticias\">Dijo que la investigaci\u00f3n del  mercado electoral dominicano realizada por la firma CID-LATINOAMERICA, confirma  otras encuestas\u00a0 que revelan que el  candidato presidencial del PRD supera por varios puntos al\u00a0 presidente reeleccionista Leonel Fern\u00e1ndez en  la preferencia del electorado.<\/p>\n<p>&#13;<\/p>\n<p align=\"justify\" class=\"text1noticias\">Explic\u00f3 que ante esa  realidad, \u201cque permite pronosticar la victoria de Miguel Vargas sobre el  candidato reeleccionista\u201d\u00a0 funcionarios  del gobierno nerviosos han reaccionado como Alejandrina Germ\u00e1n, Secretaria de  Estado de Educaci\u00f3n, con una descarga de odios y de insultos personales que en  nada contribuyen al clima de convivencia civilizada\u00a0 que reclama la sociedad dominicana al  liderazgo pol\u00edtico nacional.<\/p>\n<p>&#13;<\/p>\n<p align=\"justify\" class=\"text1noticias\">Apelo al aforismo popular  \u201cque no ofende quien quiere, sino quien puede\u201d, para agregar que Alejandrina  Germ\u00e1n tiene que sentirse avergonzada de ser la Ministra de Educaci\u00f3n de  un gobierno que viola la   Ley General de Educaci\u00f3n, otorg\u00e1ndole a esa instituci\u00f3n un  presupuesto menor del 4 por ciento del Producto Interno Bruto como est\u00e1 consignado  en esa legislaci\u00f3n.<\/p>\n<p>&#13;<\/p>\n<p align=\"justify\" class=\"text1noticias\">Enfatiz\u00f3 que a Germ\u00e1n le ha  faltado valor y dignidad para reclamarle a su gobierno que cumpla con la  asignaci\u00f3n presupuestaria que le corresponde a esa cartera y ha preferido  guardar silencio\u00a0 ante una pr\u00e1ctica que  condena a\u00a0 los estudiantes dominicanos a  recibir docencia en escuelas destartaladas, sin persianas, sin butacas, ni  ba\u00f1os donde realizar sus necesidades fisiol\u00f3gicas.<\/p>\n<p>&#13;<\/p>\n<p align=\"justify\" class=\"text1noticias\">\u201cLa licenciada Alejandrina  Germ\u00e1n, que no ha tenido car\u00e1cter para reclamarle a su presidente el presupuesto  que le corresponde por ley al sector educativo para terminar con la verg\u00fcenza  de ver nuestros ni\u00f1os sentados en\u00a0 el  suelo o en block porque no tienen butacas, carece de autoridad moral para  pedirle a la oposici\u00f3n pol\u00edtica que guarde silencio ante la barbaridad de un  gobierno que sacrifica la formaci\u00f3n de nuestros ni\u00f1os para destinar miles de  millones de pesos\u00a0 en el Metro de Santo  Domingo \u201c destac\u00f3 el dirigente perrede\u00edsta.<\/p>\n<p>&#13;<\/p>\n<p align=\"justify\" class=\"text1noticias\">Manifest\u00f3 que el  cuestionamiento generalizado del mundo acad\u00e9mico y pol\u00edtico nacional a la pobre  gesti\u00f3n educativa de esta administraci\u00f3n est\u00e1 respaldado por las  investigaciones de reputadas organizaciones internacionales como la Fundaci\u00f3n Konrad  Adenauer, el Foro Econ\u00f3mico Internacional, el Banco Mundial y la UNESCO entre otras.<\/p>\n<p>&#13;<\/p>\n<p align=\"justify\" class=\"text1noticias\">Precis\u00f3 que para salir de  este periodo caracterizado por la decadencia pol\u00edtica y moral que fomentan  funcionarios incompetentes como la secretaria de educaci\u00f3n es que el pueblo  dominicano est\u00e1 respaldando con firmeza y decisi\u00f3n la propuesta presidencial representada  por el ingeniero Miguel Vargas.<\/p>\n<p>&#13;<\/p>\n<h6> 2007-12-05 03:59:15 <\/h6>\n<p><!--\n<link rel=\"stylesheet\" href=\"css\/bootstrap.min.css\">\n\n\n<ul class=\"pagination\">\n\t    \n\t\n\n<li >\n\t<a href='?page_no=34624'>Previous<\/a>\n\t<\/li>\n\n\n       \n    \n\n<li><a href='?page_no=1'>1<\/a><\/li>\n\n\n\n<li><a href='?page_no=2'>2<\/a><\/li>\n\n\n\n<li><a>...<\/a><\/li>\n\n\n\n<li><a href='?page_no=34623'>34623<\/a><\/li>\n\n\n\n<li><a href='?page_no=34624'>34624<\/a><\/li>\n\n\n\n<li class='active'><a>34625<\/a><\/li>\n\n\n\n<li><a href='?page_no=34626'>34626<\/a><\/li>\n\n\n\n<li><a href='?page_no=34627'>34627<\/a><\/li>\n\n\n\n<li><a>...<\/a><\/li>\n\n\n\n<li><a href='?page_no=36999'>36999<\/a><\/li>\n\n\n\n<li><a href='?page_no=37000'>37000<\/a><\/li>\n\n    \n\t\n\n<li >\n\t<a href='?page_no=34626'>Next<\/a>\n\t<\/li>\n\n\n    \n\n<li><a href='?page_no=37000'>Last &rsaquo;&rsaquo;<\/a><\/li>\n\n<\/ul>\n\n\n--><br \/>\n<\/body><\/p>\n","protected":false},"excerpt":{"rendered":"<p>Perredeista dice que Funcionarios atacan a Miguel Vargas porque est\u00e1 encabezando las encuestas &#13; Santo Domingo.- El Director de Comunicaciones del Comando de Campa\u00f1a del PRD, Carlos Gabriel Garc\u00eda, consider\u00f3 \u00a0que los ataques de los funcionarios\u00a0 del gobierno contra el ingeniero Miguel Vargas obedecen a que el candidato presidencial del Partido Revolucionario Dominicano encabeza todas [&hellip;]<\/p>\n","protected":false},"author":3,"featured_media":0,"comment_status":"open","ping_status":"open","sticky":false,"template":"","format":"standard","meta":{"footnotes":""},"categories":[22],"tags":[],"class_list":["post-191877","post","type-post","status-publish","format-standard","hentry","category-politica"],"_links":{"self":[{"href":"https:\/\/diariodominicano.com\/index.php?rest_route=\/wp\/v2\/posts\/191877","targetHints":{"allow":["GET"]}}],"collection":[{"href":"https:\/\/diariodominicano.com\/index.php?rest_route=\/wp\/v2\/posts"}],"about":[{"href":"https:\/\/diariodominicano.com\/index.php?rest_route=\/wp\/v2\/types\/post"}],"author":[{"embeddable":true,"href":"https:\/\/diariodominicano.com\/index.php?rest_route=\/wp\/v2\/users\/3"}],"replies":[{"embeddable":true,"href":"https:\/\/diariodominicano.com\/index.php?rest_route=%2Fwp%2Fv2%2Fcomments&post=191877"}],"version-history":[{"count":0,"href":"https:\/\/diariodominicano.com\/index.php?rest_route=\/wp\/v2\/posts\/191877\/revisions"}],"wp:attachment":[{"href":"https:\/\/diariodominicano.com\/index.php?rest_route=%2Fwp%2Fv2%2Fmedia&parent=191877"}],"wp:term":[{"taxonomy":"category","embeddable":true,"href":"https:\/\/diariodominicano.com\/index.php?rest_route=%2Fwp%2Fv2%2Fcategories&post=191877"},{"taxonomy":"post_tag","embeddable":true,"href":"https:\/\/diariodominicano.com\/index.php?rest_route=%2Fwp%2Fv2%2Ftags&post=191877"}],"curies":[{"name":"wp","href":"https:\/\/api.w.org\/{rel}","templated":true}]}}