{"id":191876,"date":"2007-12-05T14:04:34","date_gmt":"2007-12-05T14:04:34","guid":{"rendered":"http:\/\/diariodominicano.ddns.net\/?p=191876"},"modified":"2007-12-05T14:04:34","modified_gmt":"2007-12-05T14:04:34","slug":"suprema-presiona-por-presupuesto","status":"publish","type":"post","link":"https:\/\/diariodominicano.com\/?p=191876","title":{"rendered":"Suprema presiona por presupuesto"},"content":{"rendered":"<p><body><\/p>\n<p align=\"justify\"><span class=\"titulogrande1\">Suprema  presiona por presupuesto<\/span><br \/>&#13;<br \/>\n    <br \/>&#13;<br \/>\n    <span class=\"text1noticias\"><strong><img loading=\"lazy\" decoding=\"async\" src=\"http:\/\/localhost:8080\/pictures\/suberoisa.jpg\" width=\"269\" height=\"300\" hspace=\"4\" align=\"left\" \/>SANTO DOMINGO.-<\/strong> El juez presidente de la Suprema Corte de  Justicia (SCJ), doctor Jorge Subero Isa, advirti\u00f3 ayer que si a ese tribunal no  se le asigna un presupuesto justo, se ver\u00e1 obligado a cerrar la Escuela Nacional  de la Judicatura  y a suspender el Programa de Defensa P\u00fablica y muchos otros proyectos.<br \/>&#13;<br \/>\n    <br \/>&#13;<br \/>\n    Subero Isa recalc\u00f3 que si la SCJ no recibe lo que por ley  le corresponde para poder desarrollar el trabajo, \u201cel pa\u00eds va a sufrir un gran  resquebrajamiento en su institucionalizaci\u00f3n, en su seguridad jur\u00eddica\u201d.<br \/>&#13;<br \/>\n    <br \/>&#13;<br \/>\n    \u201cNo es posible que se siga castigando al Poder  Ejecutivo en la forma que se hizo este a\u00f1o\u201d, cuando se le asign\u00f3 una partida  menor que la del 2006, expres\u00f3 el magistrado en forma en\u00e9rgica.<br \/>&#13;<br \/>\n<br \/>&#13;<br \/>\nLa Suprema solicita una asignaci\u00f3n de RD$5,600 millones  para desarrollar todos los proyectos que tiene en agenda. Subero Isa dijo que  por lo menos el organismo necesita RD$5,000 millones, \u201cen todo caso nosotros  demandamos pura y simplemente el porcentaje que establece la ley\u201d.<br \/>&#13;<br \/>\n<br \/>&#13;<br \/>\nHablando ante legisladores de todos los  partidos representados en la   C\u00e1mara de Diputados, Subero Isa dijo que \u201clo \u00fanico que  hacemos es demandar el cumplimiento de la ley, no solamente para nosotros, sino  para todas las instituciones beneficiarias de la Ley de Autonom\u00eda presupuestaria, es decir, C\u00e1mara  de Diputados, Senado, Procuradur\u00eda General de la Rep\u00fablica y C\u00e1mara de  Cuentas, y Suprema Corte de Justicia\u201d.<br \/>&#13;<br \/>\n<br \/>&#13;<br \/>\nEste a\u00f1o, la SCJ recibi\u00f3 una partida de RD$3,125 millones,  menos que el presupuesto del 2006.<br \/>&#13;<br \/>\n<br \/>&#13;<br \/>\nSubero Isa acudi\u00f3 junto a los dem\u00e1s miembros  del pleno de la SCJ  a una reuni\u00f3n con los integrantes de la Comisi\u00f3n de Justicia de la C\u00e1mara de Diputados que  preside Julio Horton, a quienes manifest\u00f3 la necesidad de que la Justicia reciba la asignaci\u00f3n  que establece la ley presupuestaria. En el encuentro particip\u00f3 el presidente de  la C\u00e1mara Baja,  Julio C\u00e9sar Valent\u00edn.<br \/>&#13;<br \/>\n<br \/>&#13;<br \/>\nRecord\u00f3 que hay 125 tribunales creados por el  Congreso Nacional y que la   Suprema Corte debe poner en funcionamiento, principalmente  los juzgados de paz.<br \/>&#13;<br \/>\n<br \/>&#13;<br \/>\nAdem\u00e1s, hay otros proyectos importantes que de  desarrollar, como el sistema del despacho de la gesti\u00f3n penal de La Vega, que es un modelo \u00fanico  en el pa\u00eds y en la regi\u00f3n.<br \/>&#13;<br \/>\n<br \/>&#13;<br \/>\nAsimismo, mencion\u00f3 los tribunales de familia,  al igual que el proyecto de las\u00a0 soluciones alternas de conflictos que  tambi\u00e9n se ver\u00edan afectados si no le asignan la partida solicitada, que es la  establecida en la Ley  de Presupuesto. <br \/>&#13;<br \/>\n<br \/>&#13;<br \/>\nLa falta de recursos afectar\u00eda tambi\u00e9n  aspectos institucionales como es el pago de tres mil licencias a Microsoft para  la plataforma de computadoras que tiene la Suprema.<br \/>&#13;<br \/>\n<br \/>&#13;<br \/>\n\u201cPara que el pa\u00eds se desarrolle, no basta que  tenga buenas playas y buenos peloteros, hacen falta buenas instituciones,  seguridad jur\u00eddica\u201d, sentenci\u00f3 el magistrado.<br \/>&#13;<br \/>\n<br \/>&#13;<br \/>\nAgreg\u00f3 que a todo dominicano le conviene tener  un poder judicial fuerte e independiente, porque todos est\u00e1n expuestos un d\u00eda a  acudir a los tribunales, unas veces voluntariamente a\u00a0 defender y  reclamar\u00a0 sus derechos y muchas veces porque los llevan forzosamente para  responder por sus inconductas.<br \/>&#13;<br \/>\n<br \/>&#13;<br \/>\n  <strong>RENDIR\u00c1 CUENTAS AL  CONGRESO<\/strong> <br \/>&#13;<br \/>\n  <br \/>&#13;<br \/>\n  Subero Isa anunci\u00f3 que a partir del pr\u00f3ximo  a\u00f1o, aunque no sea una obligaci\u00f3n, la   SCJ rendir\u00e1 cuenta al Congreso de la Rep\u00fablica de todo sus  movimientos administrativos y financieros, como forma de transparentar a\u00fan m\u00e1s  sus actuaciones.<br \/>&#13;<br \/>\n  <br \/>&#13;<br \/>\n  De su lado, el presidente de la C\u00e1mara de Diputados dijo  que los legisladores est\u00e1n en el mejor inter\u00e9s de dar seguimiento a los logros  del\u00a0 Poder Ejecutivo y de respaldarlo, \u201cobservando siempre las posibilidades  reales y materiales\u201d, pero siempre abogando porque no se vea limitado su\u00a0crecimiento por razones de tipo financiero.<br \/>&#13;<br \/>\n  <br \/>&#13;<br \/>\n  <strong>POR GERMAN MARTE\/Hoy<\/strong> <\/span><\/p>\n<p>&#13;<\/p>\n<h6> 2007-12-05 14:04:34 <\/h6>\n<p><!--\n<link rel=\"stylesheet\" href=\"css\/bootstrap.min.css\">\n\n\n<ul class=\"pagination\">\n\t    \n\t\n\n<li >\n\t<a href='?page_no=34623'>Previous<\/a>\n\t<\/li>\n\n\n       \n    \n\n<li><a href='?page_no=1'>1<\/a><\/li>\n\n\n\n<li><a href='?page_no=2'>2<\/a><\/li>\n\n\n\n<li><a>...<\/a><\/li>\n\n\n\n<li><a href='?page_no=34622'>34622<\/a><\/li>\n\n\n\n<li><a href='?page_no=34623'>34623<\/a><\/li>\n\n\n\n<li class='active'><a>34624<\/a><\/li>\n\n\n\n<li><a href='?page_no=34625'>34625<\/a><\/li>\n\n\n\n<li><a href='?page_no=34626'>34626<\/a><\/li>\n\n\n\n<li><a>...<\/a><\/li>\n\n\n\n<li><a href='?page_no=36999'>36999<\/a><\/li>\n\n\n\n<li><a href='?page_no=37000'>37000<\/a><\/li>\n\n    \n\t\n\n<li >\n\t<a href='?page_no=34625'>Next<\/a>\n\t<\/li>\n\n\n    \n\n<li><a href='?page_no=37000'>Last &rsaquo;&rsaquo;<\/a><\/li>\n\n<\/ul>\n\n\n--><br \/>\n<\/body><\/p>\n","protected":false},"excerpt":{"rendered":"<p>Suprema presiona por presupuesto&#13; &#13; SANTO DOMINGO.- El juez presidente de la Suprema Corte de Justicia (SCJ), doctor Jorge Subero Isa, advirti\u00f3 ayer que si a ese tribunal no se le asigna un presupuesto justo, se ver\u00e1 obligado a cerrar la Escuela Nacional de la Judicatura y a suspender el Programa de Defensa P\u00fablica y [&hellip;]<\/p>\n","protected":false},"author":3,"featured_media":0,"comment_status":"open","ping_status":"open","sticky":false,"template":"","format":"standard","meta":{"footnotes":""},"categories":[22],"tags":[],"class_list":["post-191876","post","type-post","status-publish","format-standard","hentry","category-politica"],"_links":{"self":[{"href":"https:\/\/diariodominicano.com\/index.php?rest_route=\/wp\/v2\/posts\/191876","targetHints":{"allow":["GET"]}}],"collection":[{"href":"https:\/\/diariodominicano.com\/index.php?rest_route=\/wp\/v2\/posts"}],"about":[{"href":"https:\/\/diariodominicano.com\/index.php?rest_route=\/wp\/v2\/types\/post"}],"author":[{"embeddable":true,"href":"https:\/\/diariodominicano.com\/index.php?rest_route=\/wp\/v2\/users\/3"}],"replies":[{"embeddable":true,"href":"https:\/\/diariodominicano.com\/index.php?rest_route=%2Fwp%2Fv2%2Fcomments&post=191876"}],"version-history":[{"count":0,"href":"https:\/\/diariodominicano.com\/index.php?rest_route=\/wp\/v2\/posts\/191876\/revisions"}],"wp:attachment":[{"href":"https:\/\/diariodominicano.com\/index.php?rest_route=%2Fwp%2Fv2%2Fmedia&parent=191876"}],"wp:term":[{"taxonomy":"category","embeddable":true,"href":"https:\/\/diariodominicano.com\/index.php?rest_route=%2Fwp%2Fv2%2Fcategories&post=191876"},{"taxonomy":"post_tag","embeddable":true,"href":"https:\/\/diariodominicano.com\/index.php?rest_route=%2Fwp%2Fv2%2Ftags&post=191876"}],"curies":[{"name":"wp","href":"https:\/\/api.w.org\/{rel}","templated":true}]}}