{"id":191873,"date":"2007-12-06T00:10:58","date_gmt":"2007-12-06T00:10:58","guid":{"rendered":"http:\/\/diariodominicano.ddns.net\/?p=191873"},"modified":"2007-12-06T00:10:58","modified_gmt":"2007-12-06T00:10:58","slug":"javier-garcia-dice-es-desconsiderada-posicion-de-vargas-maldonado-de-ignorar-llamado-a-tregua-navidena","status":"publish","type":"post","link":"https:\/\/diariodominicano.com\/?p=191873","title":{"rendered":"Javier Garc\u00eda dice es desconsiderada posici\u00f3n de Vargas Maldonado de ignorar llamado a tregua navide\u00f1a"},"content":{"rendered":"<p><body><\/p>\n<p align=\"justify\" class=\"titulogrande1\">Javier  Garc\u00eda dice es desconsiderada posici\u00f3n de Vargas Maldonado de ignorar llamado a  tregua navide\u00f1a<\/p>\n<p>&#13;<\/p>\n<p align=\"justify\" class=\"text1noticias\"><strong><img loading=\"lazy\" decoding=\"async\" src=\"http:\/\/localhost:8080\/pictures\/francisco javier.jpg\" width=\"269\" height=\"330\" hspace=\"4\" align=\"left\" \/>Santo Domingo.-<\/strong> Francisco Javier Garc\u00eda  , de la direcci\u00f3n pol\u00edtica y coordinador nacional de campa\u00f1a del Partido de la Liberaci\u00f3n Dominicana  (PLD), lament\u00f3 la actitud desconsiderada hacia la Iglesia Cat\u00f3lica  del candidato presidencial pepehachista-perredeista al ignorar la propuesta de  tregua navide\u00f1a, y por el contrario anunciar que seguir\u00e1 en campa\u00f1a durante el  mes de diciembre. <\/p>\n<p>&#13;<\/p>\n<p align=\"justify\" class=\"text1noticias\">Mostr\u00f3 el recorte de un diario del 28 de  noviembre donde el aludido candidato ponderaba el recogimiento propio de la  \u00e9poca y que la mesura se impon\u00eda ante la calamidad causada por la tormenta  Noel. <\/p>\n<p>&#13;<\/p>\n<p align=\"justify\" class=\"text1noticias\">\u00abEse es el mismo candidato que  manda a sus delgados a la   Junta Central Electoral a pedir que la campa\u00f1a se inicie en  diciembre.\u00a0\u00a0 Entonces de lo que se trata  es de un candidato que siquiera tiene responsabilidad para respetar su palabra  ante la Iglesia\u00bb,  enfatiz\u00f3. <\/p>\n<p>&#13;<\/p>\n<p align=\"justify\" class=\"text1noticias\">Contrapuso que previo a noviembre,  luego con el paso del citado fen\u00f3meno atmosf\u00e9rico y posteriormente por la\u00a0\u00a0 tregua navide\u00f1a solicitada por la Iglesia Cat\u00f3lica,  el partido morado resign\u00f3 del proselitismo y dispuso que sus militantes se  presentaran como voluntarios ante las autoridades de socorro. <\/p>\n<p>&#13;<\/p>\n<p align=\"justify\" class=\"text1noticias\">Sugiri\u00f3 que partiendo de la indiferencia  ante la Iglesia   Cat\u00f3lica, el candidato perredeista demuestra que eran tan  solo poses electoreras las acciones caritativas que encabez\u00f3 a favor de  personas afectadas por Noel. <\/p>\n<p>&#13;<\/p>\n<p align=\"justify\" class=\"text1noticias\">Al preguntarse sobre las razones que  llevaban al candidato adversario a incumplir su palabra ante la Iglesia Cat\u00f3lica,  el coordinador de la campa\u00f1a del presidente Leonel Fern\u00e1ndez respondi\u00f3 que la  desesperaci\u00f3n por estar consciente de su posici\u00f3n desventajosa en las  encuestas. <\/p>\n<p>&#13;<\/p>\n<p align=\"justify\" class=\"text1noticias\">Proclam\u00f3  que la falta de credibilidad en la palabra del candidato del partido blanco  queda evidenciada en los resultados de encuestas recientemente publicadas. <\/p>\n<p>&#13;<\/p>\n<p align=\"justify\" class=\"text1noticias\">\u00abSi un candidato est\u00e1 bien  posicionado en el electorado lo l\u00f3gico es que ese candidato llame a tregua; o  si est\u00e1 m\u00e1s o menos bien, l\u00f3gico es que ese candidato diga que acoge el llamado  a tregua navide\u00f1a\u00bb, sostuvo Francisco Javier Garc\u00eda. <\/p>\n<p>&#13;<\/p>\n<p align=\"justify\" class=\"text1noticias\">Revel\u00f3 que la direcci\u00f3n pol\u00edtica y de  campa\u00f1a del PLD ha manejado en los \u00faltimos meses unas 30 encuestas de  preferencia electoral, incluyendo cuatro propias, y todas coinciden en colocar  al presidente Leonel Fern\u00e1ndez en una s\u00f3lida primera posici\u00f3n. <\/p>\n<p>&#13;<\/p>\n<p align=\"justify\" class=\"text1noticias\">Asegur\u00f3 que la candidata del  presidente Fern\u00e1ndez supera de 15   a 22 por ciento a la que postula el partido que gobern\u00f3  al pa\u00eds durante el cuatrienio pasado 2000-2004; concluyendo que el pueblo solo  est\u00e1 a la espera de que llegue el 16 de mayo del pr\u00f3ximo a\u00f1o para ratificar su  apoyo decidido a la gesti\u00f3n Pelede\u00edsta. <\/p>\n<p>&#13;<\/p>\n<h6> 2007-12-06 00:10:58 <\/h6>\n<p><!--\n<link rel=\"stylesheet\" href=\"css\/bootstrap.min.css\">\n\n\n<ul class=\"pagination\">\n\t    \n\t\n\n<li >\n\t<a href='?page_no=34620'>Previous<\/a>\n\t<\/li>\n\n\n       \n    \n\n<li><a href='?page_no=1'>1<\/a><\/li>\n\n\n\n<li><a href='?page_no=2'>2<\/a><\/li>\n\n\n\n<li><a>...<\/a><\/li>\n\n\n\n<li><a href='?page_no=34619'>34619<\/a><\/li>\n\n\n\n<li><a href='?page_no=34620'>34620<\/a><\/li>\n\n\n\n<li class='active'><a>34621<\/a><\/li>\n\n\n\n<li><a href='?page_no=34622'>34622<\/a><\/li>\n\n\n\n<li><a href='?page_no=34623'>34623<\/a><\/li>\n\n\n\n<li><a>...<\/a><\/li>\n\n\n\n<li><a href='?page_no=36999'>36999<\/a><\/li>\n\n\n\n<li><a href='?page_no=37000'>37000<\/a><\/li>\n\n    \n\t\n\n<li >\n\t<a href='?page_no=34622'>Next<\/a>\n\t<\/li>\n\n\n    \n\n<li><a href='?page_no=37000'>Last &rsaquo;&rsaquo;<\/a><\/li>\n\n<\/ul>\n\n\n--><br \/>\n<\/body><\/p>\n","protected":false},"excerpt":{"rendered":"<p>Javier Garc\u00eda dice es desconsiderada posici\u00f3n de Vargas Maldonado de ignorar llamado a tregua navide\u00f1a &#13; Santo Domingo.- Francisco Javier Garc\u00eda , de la direcci\u00f3n pol\u00edtica y coordinador nacional de campa\u00f1a del Partido de la Liberaci\u00f3n Dominicana (PLD), lament\u00f3 la actitud desconsiderada hacia la Iglesia Cat\u00f3lica del candidato presidencial pepehachista-perredeista al ignorar la propuesta de [&hellip;]<\/p>\n","protected":false},"author":3,"featured_media":0,"comment_status":"open","ping_status":"open","sticky":false,"template":"","format":"standard","meta":{"footnotes":""},"categories":[22],"tags":[],"class_list":["post-191873","post","type-post","status-publish","format-standard","hentry","category-politica"],"_links":{"self":[{"href":"https:\/\/diariodominicano.com\/index.php?rest_route=\/wp\/v2\/posts\/191873","targetHints":{"allow":["GET"]}}],"collection":[{"href":"https:\/\/diariodominicano.com\/index.php?rest_route=\/wp\/v2\/posts"}],"about":[{"href":"https:\/\/diariodominicano.com\/index.php?rest_route=\/wp\/v2\/types\/post"}],"author":[{"embeddable":true,"href":"https:\/\/diariodominicano.com\/index.php?rest_route=\/wp\/v2\/users\/3"}],"replies":[{"embeddable":true,"href":"https:\/\/diariodominicano.com\/index.php?rest_route=%2Fwp%2Fv2%2Fcomments&post=191873"}],"version-history":[{"count":0,"href":"https:\/\/diariodominicano.com\/index.php?rest_route=\/wp\/v2\/posts\/191873\/revisions"}],"wp:attachment":[{"href":"https:\/\/diariodominicano.com\/index.php?rest_route=%2Fwp%2Fv2%2Fmedia&parent=191873"}],"wp:term":[{"taxonomy":"category","embeddable":true,"href":"https:\/\/diariodominicano.com\/index.php?rest_route=%2Fwp%2Fv2%2Fcategories&post=191873"},{"taxonomy":"post_tag","embeddable":true,"href":"https:\/\/diariodominicano.com\/index.php?rest_route=%2Fwp%2Fv2%2Ftags&post=191873"}],"curies":[{"name":"wp","href":"https:\/\/api.w.org\/{rel}","templated":true}]}}