{"id":191872,"date":"2007-12-06T00:53:59","date_gmt":"2007-12-06T00:53:59","guid":{"rendered":"http:\/\/diariodominicano.ddns.net\/?p=191872"},"modified":"2007-12-06T00:53:59","modified_gmt":"2007-12-06T00:53:59","slug":"juventud-prsc-anuncia-tomara-las-calles-para-captar-votos-a-favor-de-amable-aristy","status":"publish","type":"post","link":"https:\/\/diariodominicano.com\/?p=191872","title":{"rendered":"Juventud PRSC anuncia tomar\u00e1 las calles para captar votos a favor de Amable Aristy"},"content":{"rendered":"<p><body><\/p>\n<p align=\"justify\" class=\"titulogrande1\"><strong>Juventud  PRSC anuncia tomar\u00e1 las calles <\/strong> <strong>para  captar votos a favor de Amable Aristy<\/strong><\/p>\n<p>&#13;<\/p>\n<p align=\"justify\" class=\"text1noticias\"><strong><img loading=\"lazy\" decoding=\"async\" src=\"http:\/\/localhost:8080\/pictures\/amable aristy foto.jpg\" width=\"269\" height=\"266\" hspace=\"4\" align=\"left\" \/>Santo Domingo.-<\/strong> La Juventud Reformista  Social Cristiano (JRSC) anunci\u00f3 que esa agrupaci\u00f3n tomar\u00e1 las calles y las  plazas p\u00fablicas para convencer al electorado nacional de la necesidad de apoyar  en las elecciones venideras a un candidato humanista, con sensibilidad social y  pol\u00edtica como Amable Aristy Castro.<\/p>\n<p>&#13;<\/p>\n<p align=\"justify\" class=\"text1noticias\">Los principales dirigentes de la  agrupaci\u00f3n juvenil ap\u00e9ndice del Partido Reformista Social Cristiano (PRSC)  explicaron que Aristy Castro constituye la mejor opci\u00f3n de cara a los comicios  de mayo pr\u00f3ximo, porque dijeron que una de sus principales metas es sacar de la  pobreza e indigencia a millones de dominicanos.<\/p>\n<p>&#13;<\/p>\n<p align=\"justify\" class=\"text1noticias\"> El presidente de la entidad, C\u00e9sar Dargan  Espaillat, quien habl\u00f3 en conferencia de prensa junto a los tambi\u00e9n dirigentes  de la JRSC,  Benny Metz, Eddy Alc\u00e1ntara, Najib Chahede y Erick Bernard, explic\u00f3 que el  sector juvenil del reformismo comenz\u00f3 un trabajo arduo y efectivo en todas las  provincias y municipios del pa\u00eds para captar los votos necesarios que dar\u00e1n el  triunfo al candidato del partido colorao.<\/p>\n<p>&#13;<\/p>\n<p align=\"justify\" class=\"text1noticias\">\u201cVamos a tomar las calles, las plazas  p\u00fablicas, barrios y campos para buscar los votos que nos dar\u00e1n el triunfo en  las elecciones del 16 de mayo para instaurar el gobierno de los pobres que  encabezar\u00e1 Amable Aristy\u201d, expres\u00f3.<\/p>\n<p>&#13;<\/p>\n<p align=\"justify\" class=\"text1noticias\">Dargan y los dem\u00e1s dirigentes reformistas  explicaron que de los candidatos oficiales para las elecciones de 2008, Aristy  Castro es el que mayor crecimiento viene experimentando en la preferencia  electoral y cuenta con la menor tasa de rechazo.<\/p>\n<p>&#13;<\/p>\n<p align=\"justify\" class=\"text1noticias\">\u201cY  ahora mismo se mantiene puntero en las preferencias dentro del sector joven  comprendido entre 18 y 29 a\u00f1os\u201d, agreg\u00f3.<\/p>\n<p>&#13;<\/p>\n<p align=\"justify\" class=\"text1noticias\">Resaltaron que ante ese escenario, la Juventud Reformista  reafirma su compromiso con la democracia y el sistema de partidos pol\u00edticos, \u201cy  asume el rol que le corresponde de apoyo pleno a la candidatura de Aristy  Castro\u201d.<\/p>\n<p>&#13;<\/p>\n<p align=\"justify\" class=\"text1noticias\">Dijeron asimismo que desde ya se  encuentran realizando encuentros provinciales y regionales, enfatizando en la organizaci\u00f3n  y formaci\u00f3n de sus miembros.<\/p>\n<p>&#13;<\/p>\n<p align=\"justify\" class=\"text1noticias\">Anunciaron asimismo que como parte de la  responsabilidad pol\u00edtica de la   JRSC en este proceso electoral, asumen la direcci\u00f3n del  Comando Nacional de Campana de la   Juventud, que integran los principales dirigentes de la  agrupaci\u00f3n en los diferentes municipios del pa\u00eds.<\/p>\n<p>&#13;<\/p>\n<p align=\"justify\" class=\"text1noticias\">Se\u00f1alaron que las encuestas puestas a  circular en los \u00faltimos d\u00edas, \u201cdeben ser vistas como meros instrumentos de  trabajo, y que lo que ninguna de ellas pone en duda es que Amable ha tenido un  crecimiento vertiginoso\u201d.<\/p>\n<p>&#13;<\/p>\n<p align=\"justify\" class=\"text1noticias\">Anunciaron que a trav\u00e9s de una p\u00e1gina de  Internet celebrar\u00e1n el concurso \u201cEl Jablador del A\u00f1o\u201d, donde se valorar\u00e1 la  percepci\u00f3n de los j\u00f3venes sobre lo que dicen los candidatos y el resultado de  sus promesas.<br \/>&#13;<br \/>\n  <br \/>&#13;<br \/>\n  Asimismo, la Juventud Reformista  anuncia que en el d\u00eda de ma\u00f1ana parte hacia Colombia una delegaci\u00f3n de la  entidad para participar en la sesi\u00f3n anual de las Juventudes de la Organizaci\u00f3n Dem\u00f3crata  Cristiana de Am\u00e9rica (JODCA), organismo conformado por 35 partidos pol\u00edticos de  la regi\u00f3n. <\/p>\n<p>&#13;<\/p>\n<p align=\"justify\" class=\"text1noticias\">En ese evento internacional, la JODCA escoger\u00e1 a su nueva  directiva, para lo cual la Republica Dominicana cuenta con el apoyo de la  mayor\u00eda de los partidos de la regi\u00f3n para dirigir dicho organismo.<\/p>\n<p>&#13;<\/p>\n<h6> 2007-12-06 00:53:59 <\/h6>\n<p><!--\n<link rel=\"stylesheet\" href=\"css\/bootstrap.min.css\">\n\n\n<ul class=\"pagination\">\n\t    \n\t\n\n<li >\n\t<a href='?page_no=34619'>Previous<\/a>\n\t<\/li>\n\n\n       \n    \n\n<li><a href='?page_no=1'>1<\/a><\/li>\n\n\n\n<li><a href='?page_no=2'>2<\/a><\/li>\n\n\n\n<li><a>...<\/a><\/li>\n\n\n\n<li><a href='?page_no=34618'>34618<\/a><\/li>\n\n\n\n<li><a href='?page_no=34619'>34619<\/a><\/li>\n\n\n\n<li class='active'><a>34620<\/a><\/li>\n\n\n\n<li><a href='?page_no=34621'>34621<\/a><\/li>\n\n\n\n<li><a href='?page_no=34622'>34622<\/a><\/li>\n\n\n\n<li><a>...<\/a><\/li>\n\n\n\n<li><a href='?page_no=36999'>36999<\/a><\/li>\n\n\n\n<li><a href='?page_no=37000'>37000<\/a><\/li>\n\n    \n\t\n\n<li >\n\t<a href='?page_no=34621'>Next<\/a>\n\t<\/li>\n\n\n    \n\n<li><a href='?page_no=37000'>Last &rsaquo;&rsaquo;<\/a><\/li>\n\n<\/ul>\n\n\n--><br \/>\n<\/body><\/p>\n","protected":false},"excerpt":{"rendered":"<p>Juventud PRSC anuncia tomar\u00e1 las calles para captar votos a favor de Amable Aristy &#13; Santo Domingo.- La Juventud Reformista Social Cristiano (JRSC) anunci\u00f3 que esa agrupaci\u00f3n tomar\u00e1 las calles y las plazas p\u00fablicas para convencer al electorado nacional de la necesidad de apoyar en las elecciones venideras a un candidato humanista, con sensibilidad social [&hellip;]<\/p>\n","protected":false},"author":3,"featured_media":0,"comment_status":"open","ping_status":"open","sticky":false,"template":"","format":"standard","meta":{"footnotes":""},"categories":[22],"tags":[],"class_list":["post-191872","post","type-post","status-publish","format-standard","hentry","category-politica"],"_links":{"self":[{"href":"https:\/\/diariodominicano.com\/index.php?rest_route=\/wp\/v2\/posts\/191872","targetHints":{"allow":["GET"]}}],"collection":[{"href":"https:\/\/diariodominicano.com\/index.php?rest_route=\/wp\/v2\/posts"}],"about":[{"href":"https:\/\/diariodominicano.com\/index.php?rest_route=\/wp\/v2\/types\/post"}],"author":[{"embeddable":true,"href":"https:\/\/diariodominicano.com\/index.php?rest_route=\/wp\/v2\/users\/3"}],"replies":[{"embeddable":true,"href":"https:\/\/diariodominicano.com\/index.php?rest_route=%2Fwp%2Fv2%2Fcomments&post=191872"}],"version-history":[{"count":0,"href":"https:\/\/diariodominicano.com\/index.php?rest_route=\/wp\/v2\/posts\/191872\/revisions"}],"wp:attachment":[{"href":"https:\/\/diariodominicano.com\/index.php?rest_route=%2Fwp%2Fv2%2Fmedia&parent=191872"}],"wp:term":[{"taxonomy":"category","embeddable":true,"href":"https:\/\/diariodominicano.com\/index.php?rest_route=%2Fwp%2Fv2%2Fcategories&post=191872"},{"taxonomy":"post_tag","embeddable":true,"href":"https:\/\/diariodominicano.com\/index.php?rest_route=%2Fwp%2Fv2%2Ftags&post=191872"}],"curies":[{"name":"wp","href":"https:\/\/api.w.org\/{rel}","templated":true}]}}