{"id":191870,"date":"2007-12-06T02:09:42","date_gmt":"2007-12-06T02:09:42","guid":{"rendered":"http:\/\/diariodominicano.ddns.net\/?p=191870"},"modified":"2007-12-06T02:09:42","modified_gmt":"2007-12-06T02:09:42","slug":"pina-toribio-dice-es-necesaria-tregua-politica-navidena","status":"publish","type":"post","link":"https:\/\/diariodominicano.com\/?p=191870","title":{"rendered":"Pina Toribio dice es necesaria tregua pol\u00edtica navide\u00f1a"},"content":{"rendered":"<p><body><\/p>\n<p class=\"titulogrande1\">Pina  Toribio dice es necesaria tregua pol\u00edtica navide\u00f1a<\/p>\n<p>&#13;<\/p>\n<p align=\"justify\" class=\"text1noticias\"><strong>Santo Domingo.-<\/strong> C\u00e9sar Pina  Toribio, de la direcci\u00f3n pol\u00edtica y Delegado Pol\u00edtico del Partido de la Liberaci\u00f3n Dominicana  (PLD) ante la Junta   Central Electoral (JCE), ponder\u00f3 la factibilidad de un cese  de las actividades pol\u00edticas durante el per\u00edodo navide\u00f1o. <\/p>\n<p>&#13;<\/p>\n<p align=\"justify\" class=\"text1noticias\">Expres\u00f3 que eso permitir\u00eda  que el pa\u00eds celebre de manera tradicional, sus festividades navide\u00f1as, ya que  es una ocasi\u00f3n en que el pueblo se concentra en sus relaciones familiares y  religiosas. <\/p>\n<p>&#13;<\/p>\n<p align=\"justify\" class=\"text1noticias\">\u00abEs una ocasi\u00f3n en que  todos quisi\u00e9ramos renunciar a las actividades de car\u00e1cter cotidiano, y sobre  todo a aquellas actividades que nos generan tensi\u00f3n, conflicto,  contradicciones. Pienso que los  partidos debemos contribuir a ese clima, y estoy perfectamente de acuerdo con  la treguas\u00bb, manifest\u00f3 Pina Toribio en despacho de la Secretaria de  Comunicaciones del PLD. <\/p>\n<p>&#13;<\/p>\n<p align=\"justify\" class=\"text1noticias\">Indic\u00f3 que actualmente la  tregua navide\u00f1a tiene m\u00e1s raz\u00f3n de ser que nunca, puesto que los efectos  devastadores de la tormenta Noel aun se sienten en muchos hogares dominicanos. <\/p>\n<p>&#13;<\/p>\n<p align=\"justify\" class=\"text1noticias\">Pina Toribio consider\u00f3 que la  tregua navide\u00f1a debe convertirse en una tradici\u00f3n en la pol\u00edtica nacional, ya  que las iglesias dominicanas lo reclaman cada a\u00f1o. <\/p>\n<p>&#13;<\/p>\n<p align=\"justify\" class=\"text1noticias\">\u00abLa tregua en realidad,  en la pr\u00e1ctica se produce, ya que las actividades pol\u00edticas por m\u00e1s que uno  quiera cesan tan pronto se inician de lleno las festividades, y lo que queda es  la propaganda visual\u00bb, indic\u00f3 el delegado Pol\u00edtico del PLD ante la Junta Central  Electoral. <\/p>\n<p>&#13;<\/p>\n<p align=\"justify\" class=\"text1noticias\">Manifest\u00f3 que la clase  pol\u00edtica debe ponerse de acuerdo para darle la oportunidad al pueblo dominicano  para que celebre la navidad como tradicionalmente lo hace. <\/p>\n<p>&#13;<\/p>\n<h6> 2007-12-06 02:09:42 <\/h6>\n<p><!--\n<link rel=\"stylesheet\" href=\"css\/bootstrap.min.css\">\n\n\n<ul class=\"pagination\">\n\t    \n\t\n\n<li >\n\t<a href='?page_no=34617'>Previous<\/a>\n\t<\/li>\n\n\n       \n    \n\n<li><a href='?page_no=1'>1<\/a><\/li>\n\n\n\n<li><a href='?page_no=2'>2<\/a><\/li>\n\n\n\n<li><a>...<\/a><\/li>\n\n\n\n<li><a href='?page_no=34616'>34616<\/a><\/li>\n\n\n\n<li><a href='?page_no=34617'>34617<\/a><\/li>\n\n\n\n<li class='active'><a>34618<\/a><\/li>\n\n\n\n<li><a href='?page_no=34619'>34619<\/a><\/li>\n\n\n\n<li><a href='?page_no=34620'>34620<\/a><\/li>\n\n\n\n<li><a>...<\/a><\/li>\n\n\n\n<li><a href='?page_no=36999'>36999<\/a><\/li>\n\n\n\n<li><a href='?page_no=37000'>37000<\/a><\/li>\n\n    \n\t\n\n<li >\n\t<a href='?page_no=34619'>Next<\/a>\n\t<\/li>\n\n\n    \n\n<li><a href='?page_no=37000'>Last &rsaquo;&rsaquo;<\/a><\/li>\n\n<\/ul>\n\n\n--><br \/>\n<\/body><\/p>\n","protected":false},"excerpt":{"rendered":"<p>Pina Toribio dice es necesaria tregua pol\u00edtica navide\u00f1a &#13; Santo Domingo.- C\u00e9sar Pina Toribio, de la direcci\u00f3n pol\u00edtica y Delegado Pol\u00edtico del Partido de la Liberaci\u00f3n Dominicana (PLD) ante la Junta Central Electoral (JCE), ponder\u00f3 la factibilidad de un cese de las actividades pol\u00edticas durante el per\u00edodo navide\u00f1o. &#13; Expres\u00f3 que eso permitir\u00eda que el [&hellip;]<\/p>\n","protected":false},"author":3,"featured_media":0,"comment_status":"open","ping_status":"open","sticky":false,"template":"","format":"standard","meta":{"footnotes":""},"categories":[22],"tags":[],"class_list":["post-191870","post","type-post","status-publish","format-standard","hentry","category-politica"],"_links":{"self":[{"href":"https:\/\/diariodominicano.com\/index.php?rest_route=\/wp\/v2\/posts\/191870","targetHints":{"allow":["GET"]}}],"collection":[{"href":"https:\/\/diariodominicano.com\/index.php?rest_route=\/wp\/v2\/posts"}],"about":[{"href":"https:\/\/diariodominicano.com\/index.php?rest_route=\/wp\/v2\/types\/post"}],"author":[{"embeddable":true,"href":"https:\/\/diariodominicano.com\/index.php?rest_route=\/wp\/v2\/users\/3"}],"replies":[{"embeddable":true,"href":"https:\/\/diariodominicano.com\/index.php?rest_route=%2Fwp%2Fv2%2Fcomments&post=191870"}],"version-history":[{"count":0,"href":"https:\/\/diariodominicano.com\/index.php?rest_route=\/wp\/v2\/posts\/191870\/revisions"}],"wp:attachment":[{"href":"https:\/\/diariodominicano.com\/index.php?rest_route=%2Fwp%2Fv2%2Fmedia&parent=191870"}],"wp:term":[{"taxonomy":"category","embeddable":true,"href":"https:\/\/diariodominicano.com\/index.php?rest_route=%2Fwp%2Fv2%2Fcategories&post=191870"},{"taxonomy":"post_tag","embeddable":true,"href":"https:\/\/diariodominicano.com\/index.php?rest_route=%2Fwp%2Fv2%2Ftags&post=191870"}],"curies":[{"name":"wp","href":"https:\/\/api.w.org\/{rel}","templated":true}]}}