{"id":191869,"date":"2007-12-06T05:06:01","date_gmt":"2007-12-06T05:06:01","guid":{"rendered":"http:\/\/diariodominicano.ddns.net\/?p=191869"},"modified":"2007-12-06T05:06:01","modified_gmt":"2007-12-06T05:06:01","slug":"estima-la-factura-petrolera-de-2008-sera-de-us5100","status":"publish","type":"post","link":"https:\/\/diariodominicano.com\/?p=191869","title":{"rendered":"Estima la factura petrolera de 2008 ser\u00e1 de US$5,100"},"content":{"rendered":"<p><body><\/p>\n<p class=\"titulogrande1\">Estima la factura  petrolera de 2008 ser\u00e1 de US$5,100<\/p>\n<p>&#13;<\/p>\n<p align=\"justify\" class=\"text1noticias\"><strong>SANTO DOMINGO.-<\/strong> El presidente del  Partido Revolucionario Dominicano (PRD), Ram\u00f3n Alburquerque, proyect\u00f3 en 5 mil  100 millones de d\u00f3lares la factura petrolera del pa\u00eds para el pr\u00f3ximo a\u00f1o. <\/p>\n<p>&#13;<\/p>\n<p align=\"justify\" class=\"text1noticias\">Al participar en el programa Nuria  y Huchi con CDN, Alburquerque dijo que la factura petrolera\u00a0 actual del  pa\u00eds de este a\u00f1o asciende a 3,300 millones de d\u00f3lares. <\/p>\n<p>&#13;<\/p>\n<p align=\"justify\" class=\"text1noticias\">Expres\u00f3 que si se suspenden las  exportaciones de petr\u00f3leo y sus derivados \u201cy exportamos s\u00f3lo gas natural la  factura petrolera bajar\u00eda de 5 mil 100 millones de d\u00f3lares el pr\u00f3ximo a\u00f1o  a s\u00f3lo 2300 millones de d\u00f3lares\u201d. <\/p>\n<p>&#13;<\/p>\n<p align=\"justify\" class=\"text1noticias\">A juicio del presidente del PRD, el  petr\u00f3leo \u201cno bajar\u00e1 por ahora\u201d, por lo que el pa\u00eds tiene que prepararse a  utilizar otras fuentes de energ\u00eda y asegur\u00f3 que consumo local es de unos 51  millones de barriles de petr\u00f3leo por a\u00f1o. <\/p>\n<p>&#13;<\/p>\n<p align=\"justify\" class=\"text1noticias\">Indic\u00f3 que se debe abrirles las  puertas del pa\u00eds a inversionistas extranjeros que vengan a instalar empresas de  generaci\u00f3n energ\u00eda e\u00f3lica, a fin de disminuir la dependencia obligatoria del  uso del petr\u00f3leo. <\/p>\n<p>&#13;<\/p>\n<p align=\"justify\" class=\"text1noticias\">En otra parte, Alburquerque reiter\u00f3  que el presidente Leonel Fern\u00e1ndez viol\u00f3 la Constituci\u00f3n de la Rep\u00fablica en el caso del  pr\u00e9stamo de la Sun Land  con el Estado y le pidi\u00f3 que diga a d\u00f3nde est\u00e1 el dinero de ese empr\u00e9stito. <\/p>\n<p>&#13;<\/p>\n<p align=\"justify\" class=\"text1noticias\">\u201cHay algo profundamente grave, que  compromete al presidente Leonel Fern\u00e1ndez en el pr\u00e9stamo de la Sun Land\u201d, dijo  Alburquerque. <\/p>\n<p>&#13;<\/p>\n<p align=\"justify\" class=\"text1noticias\">Manifest\u00f3 que las obras para lo  cual fue concertado no se est\u00e1n ejecutando con el dinero del pr\u00e9stamo y emplaz\u00f3  al gobierno que demuestre lo contrario. <\/p>\n<p>&#13;<\/p>\n<h6> 2007-12-06 05:06:01 <\/h6>\n<p><!--\n<link rel=\"stylesheet\" href=\"css\/bootstrap.min.css\">\n\n\n<ul class=\"pagination\">\n\t    \n\t\n\n<li >\n\t<a href='?page_no=34616'>Previous<\/a>\n\t<\/li>\n\n\n       \n    \n\n<li><a href='?page_no=1'>1<\/a><\/li>\n\n\n\n<li><a href='?page_no=2'>2<\/a><\/li>\n\n\n\n<li><a>...<\/a><\/li>\n\n\n\n<li><a href='?page_no=34615'>34615<\/a><\/li>\n\n\n\n<li><a href='?page_no=34616'>34616<\/a><\/li>\n\n\n\n<li class='active'><a>34617<\/a><\/li>\n\n\n\n<li><a href='?page_no=34618'>34618<\/a><\/li>\n\n\n\n<li><a href='?page_no=34619'>34619<\/a><\/li>\n\n\n\n<li><a>...<\/a><\/li>\n\n\n\n<li><a href='?page_no=36999'>36999<\/a><\/li>\n\n\n\n<li><a href='?page_no=37000'>37000<\/a><\/li>\n\n    \n\t\n\n<li >\n\t<a href='?page_no=34618'>Next<\/a>\n\t<\/li>\n\n\n    \n\n<li><a href='?page_no=37000'>Last &rsaquo;&rsaquo;<\/a><\/li>\n\n<\/ul>\n\n\n--><br \/>\n<\/body><\/p>\n","protected":false},"excerpt":{"rendered":"<p>Estima la factura petrolera de 2008 ser\u00e1 de US$5,100 &#13; SANTO DOMINGO.- El presidente del Partido Revolucionario Dominicano (PRD), Ram\u00f3n Alburquerque, proyect\u00f3 en 5 mil 100 millones de d\u00f3lares la factura petrolera del pa\u00eds para el pr\u00f3ximo a\u00f1o. &#13; Al participar en el programa Nuria y Huchi con CDN, Alburquerque dijo que la factura petrolera\u00a0 [&hellip;]<\/p>\n","protected":false},"author":3,"featured_media":0,"comment_status":"open","ping_status":"open","sticky":false,"template":"","format":"standard","meta":{"footnotes":""},"categories":[22],"tags":[],"class_list":["post-191869","post","type-post","status-publish","format-standard","hentry","category-politica"],"_links":{"self":[{"href":"https:\/\/diariodominicano.com\/index.php?rest_route=\/wp\/v2\/posts\/191869","targetHints":{"allow":["GET"]}}],"collection":[{"href":"https:\/\/diariodominicano.com\/index.php?rest_route=\/wp\/v2\/posts"}],"about":[{"href":"https:\/\/diariodominicano.com\/index.php?rest_route=\/wp\/v2\/types\/post"}],"author":[{"embeddable":true,"href":"https:\/\/diariodominicano.com\/index.php?rest_route=\/wp\/v2\/users\/3"}],"replies":[{"embeddable":true,"href":"https:\/\/diariodominicano.com\/index.php?rest_route=%2Fwp%2Fv2%2Fcomments&post=191869"}],"version-history":[{"count":0,"href":"https:\/\/diariodominicano.com\/index.php?rest_route=\/wp\/v2\/posts\/191869\/revisions"}],"wp:attachment":[{"href":"https:\/\/diariodominicano.com\/index.php?rest_route=%2Fwp%2Fv2%2Fmedia&parent=191869"}],"wp:term":[{"taxonomy":"category","embeddable":true,"href":"https:\/\/diariodominicano.com\/index.php?rest_route=%2Fwp%2Fv2%2Fcategories&post=191869"},{"taxonomy":"post_tag","embeddable":true,"href":"https:\/\/diariodominicano.com\/index.php?rest_route=%2Fwp%2Fv2%2Ftags&post=191869"}],"curies":[{"name":"wp","href":"https:\/\/api.w.org\/{rel}","templated":true}]}}