{"id":191867,"date":"2007-12-06T05:14:02","date_gmt":"2007-12-06T05:14:02","guid":{"rendered":"http:\/\/diariodominicano.ddns.net\/?p=191867"},"modified":"2007-12-06T05:14:02","modified_gmt":"2007-12-06T05:14:02","slug":"enrique-sued-dice-no-se-vende-ni-se-alquila","status":"publish","type":"post","link":"https:\/\/diariodominicano.com\/?p=191867","title":{"rendered":"Enrique Sued dice no se vende ni se alquila"},"content":{"rendered":"<p><body><\/p>\n<p class=\"titulogrande1\">Enrique Sued dice no se vende ni se alquila<\/p>\n<p>&#13;<\/p>\n<p align=\"justify\" class=\"text1noticias\"><strong>Santo Domingo.-<\/strong> El dirigente  del Partido Reformista Social Cristiano (PRSC) y s\u00edndico de Santiago de los  Caballeros, Jos\u00e9 Enrique Sued, dijo \u00a0en  el Palacio Nacional que no se vende ni  se alquila. <\/p>\n<p>&#13;<\/p>\n<p align=\"justify\" class=\"text1noticias\">Sentenci\u00f3 tambi\u00e9n que los ex reformistas  que est\u00e1n apoyando la reelecci\u00f3n del presidente Leonel Fern\u00e1ndez no renunciaron del PRS, ni se  fueron, sino que se vendieron al Gobierno.<\/p>\n<p>&#13;<\/p>\n<p align=\"justify\" class=\"text1noticias\">Afirm\u00f3 que el  \u00abnerviosismo, la preocupaci\u00f3n\u00bb del PLD es que el PRSC ser\u00e1 determinante  para ganar las elecciones en una primera o segunda vuelta.<\/p>\n<p>&#13;<\/p>\n<p align=\"justify\" class=\"text1noticias\">El dirigente fue entrevistado  en el Palacio Nacional a donde acudi\u00f3 para participar en la reuni\u00f3n que sostuvo  la Federaci\u00f3n   Dominicana de Municipios con el presidente Leonel  Fern\u00e1ndez.<\/p>\n<p>&#13;<\/p>\n<p align=\"justify\" class=\"text1noticias\">El 16 de este mes (diciembre)  cumplo 59 a\u00f1os, ingres\u00e9 al partido reformista en el a\u00f1o 69 a trav\u00e9s del movimiento de  la juventud; nunca he tenido un letrero que ni me vendo ni me alquilo, dijo.<\/p>\n<p>&#13;<\/p>\n<p align=\"justify\" class=\"text1noticias\">Reaccion\u00f3 as\u00ed cuando se le  pregunt\u00f3 que si podr\u00eda pasar a formar fila en el PLD o si aceptar\u00eda la  nominaci\u00f3n a la vicepresidencia al lado del presidente Fern\u00e1ndez.<\/p>\n<p>&#13;<\/p>\n<p align=\"justify\" class=\"text1noticias\">Dijo que cualquier  negociaci\u00f3n la tendr\u00eda que realizar institucionalmente el PRSC. Pero se  consider\u00f3 como un amigo del presidente Fern\u00e1ndez, pero tambi\u00e9n fui amigo de Hip\u00f3lito  Mej\u00eda.<\/p>\n<p>&#13;<\/p>\n<h6> 2007-12-06 05:14:02 <\/h6>\n<p><!--\n<link rel=\"stylesheet\" href=\"css\/bootstrap.min.css\">\n\n\n<ul class=\"pagination\">\n\t    \n\t\n\n<li >\n\t<a href='?page_no=34614'>Previous<\/a>\n\t<\/li>\n\n\n       \n    \n\n<li><a href='?page_no=1'>1<\/a><\/li>\n\n\n\n<li><a href='?page_no=2'>2<\/a><\/li>\n\n\n\n<li><a>...<\/a><\/li>\n\n\n\n<li><a href='?page_no=34613'>34613<\/a><\/li>\n\n\n\n<li><a href='?page_no=34614'>34614<\/a><\/li>\n\n\n\n<li class='active'><a>34615<\/a><\/li>\n\n\n\n<li><a href='?page_no=34616'>34616<\/a><\/li>\n\n\n\n<li><a href='?page_no=34617'>34617<\/a><\/li>\n\n\n\n<li><a>...<\/a><\/li>\n\n\n\n<li><a href='?page_no=36999'>36999<\/a><\/li>\n\n\n\n<li><a href='?page_no=37000'>37000<\/a><\/li>\n\n    \n\t\n\n<li >\n\t<a href='?page_no=34616'>Next<\/a>\n\t<\/li>\n\n\n    \n\n<li><a href='?page_no=37000'>Last &rsaquo;&rsaquo;<\/a><\/li>\n\n<\/ul>\n\n\n--><br \/>\n<\/body><\/p>\n","protected":false},"excerpt":{"rendered":"<p>Enrique Sued dice no se vende ni se alquila &#13; Santo Domingo.- El dirigente del Partido Reformista Social Cristiano (PRSC) y s\u00edndico de Santiago de los Caballeros, Jos\u00e9 Enrique Sued, dijo \u00a0en el Palacio Nacional que no se vende ni se alquila. &#13; Sentenci\u00f3 tambi\u00e9n que los ex reformistas que est\u00e1n apoyando la reelecci\u00f3n del [&hellip;]<\/p>\n","protected":false},"author":3,"featured_media":0,"comment_status":"open","ping_status":"open","sticky":false,"template":"","format":"standard","meta":{"footnotes":""},"categories":[22],"tags":[],"class_list":["post-191867","post","type-post","status-publish","format-standard","hentry","category-politica"],"_links":{"self":[{"href":"https:\/\/diariodominicano.com\/index.php?rest_route=\/wp\/v2\/posts\/191867","targetHints":{"allow":["GET"]}}],"collection":[{"href":"https:\/\/diariodominicano.com\/index.php?rest_route=\/wp\/v2\/posts"}],"about":[{"href":"https:\/\/diariodominicano.com\/index.php?rest_route=\/wp\/v2\/types\/post"}],"author":[{"embeddable":true,"href":"https:\/\/diariodominicano.com\/index.php?rest_route=\/wp\/v2\/users\/3"}],"replies":[{"embeddable":true,"href":"https:\/\/diariodominicano.com\/index.php?rest_route=%2Fwp%2Fv2%2Fcomments&post=191867"}],"version-history":[{"count":0,"href":"https:\/\/diariodominicano.com\/index.php?rest_route=\/wp\/v2\/posts\/191867\/revisions"}],"wp:attachment":[{"href":"https:\/\/diariodominicano.com\/index.php?rest_route=%2Fwp%2Fv2%2Fmedia&parent=191867"}],"wp:term":[{"taxonomy":"category","embeddable":true,"href":"https:\/\/diariodominicano.com\/index.php?rest_route=%2Fwp%2Fv2%2Fcategories&post=191867"},{"taxonomy":"post_tag","embeddable":true,"href":"https:\/\/diariodominicano.com\/index.php?rest_route=%2Fwp%2Fv2%2Ftags&post=191867"}],"curies":[{"name":"wp","href":"https:\/\/api.w.org\/{rel}","templated":true}]}}