{"id":191866,"date":"2007-12-06T16:37:08","date_gmt":"2007-12-06T16:37:08","guid":{"rendered":"http:\/\/diariodominicano.ddns.net\/?p=191866"},"modified":"2007-12-06T16:37:08","modified_gmt":"2007-12-06T16:37:08","slug":"senador-peledeista-considera-continuidad-de-leonel-fernandez-se-ha-convertido-en-necesidad-nacional","status":"publish","type":"post","link":"https:\/\/diariodominicano.com\/?p=191866","title":{"rendered":"Senador pelede\u00edsta considera continuidad de Leonel Fern\u00e1ndez se ha convertido en necesidad nacional"},"content":{"rendered":"<p><body><\/p>\n<p align=\"justify\" class=\"titulogrande1\"><strong>Senador  pelede\u00edsta considera continuidad de Leonel Fern\u00e1ndez se ha convertido en  necesidad nacional <\/strong><\/p>\n<p>&#13;<\/p>\n<p align=\"justify\" class=\"text1noticias\"><strong>SANTO  DOMINGO.- <\/strong>\u00a0El Senador de Pedernales por el Partido de la Liberaci\u00f3n Dominicana  (PLD), Dionis S\u00e1nchez, consider\u00f3 que la continuidad del Presidente Leonel  Fern\u00e1ndez al frente del gobierno se ha convertido en una necesidad nacional,  argumentando que el mandatario es un l\u00edder con una gran visi\u00f3n del desarrollo y  el progreso del pa\u00eds. <\/p>\n<p>&#13;<\/p>\n<p align=\"justify\" class=\"text1noticias\">El legislador pelede\u00edsta se\u00f1al\u00f3 que tanto  en su provincia natal, Pedernales, como en todas las provincias fronterizas el  Presidente Fern\u00e1ndez tiene asegurada la victoria. <\/p>\n<p>&#13;<\/p>\n<p align=\"justify\" class=\"text1noticias\">El tambi\u00e9n miembro del Comit\u00e9 Central del  PLD coment\u00f3 que la victoria de Fern\u00e1ndez se ampliar\u00e1 incluso a las provincias  que no le apoyaron en el 2004. <\/p>\n<p>&#13;<\/p>\n<p align=\"justify\" class=\"text1noticias\">Asegur\u00f3 que ya la poblaci\u00f3n dominicana no  est\u00e1 ciega, puesto que est\u00e1 a flor de piel el desastroso gobierno ejecutado por  los perredeistas-pepehachistas hace apenas unos a\u00f1os. <\/p>\n<p>&#13;<\/p>\n<p align=\"justify\" class=\"text1noticias\">\u00abLo que est\u00e1 pasando en Pedernales y  en la regi\u00f3n, es lo que est\u00e1 pasando en el pa\u00eds entero; todos saben que el  exsenador del PRD por esa provincia, Dignocrate P\u00e9rez \u2013Santico-, Monch\u00edn,  Chincho, dirigente reformista de la zona, y Sucre Mu\u00f1oz, exsenador perredeista  por Barahona, est\u00e1n trabajando por la repostulacion del Presidente Leonel  Fern\u00e1ndez\u00bb, precis\u00f3 el Senador pelede\u00edsta en una nota informativa de la Secretar\u00eda de  Comunicaciones del PLD. <\/p>\n<p>&#13;<\/p>\n<p align=\"justify\" class=\"text1noticias\">El senador del PLD por Pedernales expres\u00f3  que el liderazgo que ejerce el mandatario de la naci\u00f3n es tan grande, que si  dedicara cinco minutos para atender a cada dirigente de la oposici\u00f3n o  personalidad que desea expresarle su apoyo, no tendr\u00eda tiempo para gobernar. <\/p>\n<p>&#13;<\/p>\n<p align=\"justify\" class=\"text1noticias\"><strong>La  tormenta Noel <\/strong><\/p>\n<p>&#13;<\/p>\n<p align=\"justify\" class=\"text1noticias\">S\u00e1nchez manifest\u00f3 adem\u00e1s, que la poblaci\u00f3n  est\u00e1 satisfecha con la forma en que el gobierno, con el presidente Fern\u00e1ndez a  la cabeza, ha enfrentado los efectos de la tormenta Noel. <\/p>\n<p>&#13;<\/p>\n<h6> 2007-12-06 16:37:08 <\/h6>\n<p><!--\n<link rel=\"stylesheet\" href=\"css\/bootstrap.min.css\">\n\n\n<ul class=\"pagination\">\n\t    \n\t\n\n<li >\n\t<a href='?page_no=34613'>Previous<\/a>\n\t<\/li>\n\n\n       \n    \n\n<li><a href='?page_no=1'>1<\/a><\/li>\n\n\n\n<li><a href='?page_no=2'>2<\/a><\/li>\n\n\n\n<li><a>...<\/a><\/li>\n\n\n\n<li><a href='?page_no=34612'>34612<\/a><\/li>\n\n\n\n<li><a href='?page_no=34613'>34613<\/a><\/li>\n\n\n\n<li class='active'><a>34614<\/a><\/li>\n\n\n\n<li><a href='?page_no=34615'>34615<\/a><\/li>\n\n\n\n<li><a href='?page_no=34616'>34616<\/a><\/li>\n\n\n\n<li><a>...<\/a><\/li>\n\n\n\n<li><a href='?page_no=36999'>36999<\/a><\/li>\n\n\n\n<li><a href='?page_no=37000'>37000<\/a><\/li>\n\n    \n\t\n\n<li >\n\t<a href='?page_no=34615'>Next<\/a>\n\t<\/li>\n\n\n    \n\n<li><a href='?page_no=37000'>Last &rsaquo;&rsaquo;<\/a><\/li>\n\n<\/ul>\n\n\n--><br \/>\n<\/body><\/p>\n","protected":false},"excerpt":{"rendered":"<p>Senador pelede\u00edsta considera continuidad de Leonel Fern\u00e1ndez se ha convertido en necesidad nacional &#13; SANTO DOMINGO.- \u00a0El Senador de Pedernales por el Partido de la Liberaci\u00f3n Dominicana (PLD), Dionis S\u00e1nchez, consider\u00f3 que la continuidad del Presidente Leonel Fern\u00e1ndez al frente del gobierno se ha convertido en una necesidad nacional, argumentando que el mandatario es un [&hellip;]<\/p>\n","protected":false},"author":3,"featured_media":0,"comment_status":"open","ping_status":"open","sticky":false,"template":"","format":"standard","meta":{"footnotes":""},"categories":[22],"tags":[],"class_list":["post-191866","post","type-post","status-publish","format-standard","hentry","category-politica"],"_links":{"self":[{"href":"https:\/\/diariodominicano.com\/index.php?rest_route=\/wp\/v2\/posts\/191866","targetHints":{"allow":["GET"]}}],"collection":[{"href":"https:\/\/diariodominicano.com\/index.php?rest_route=\/wp\/v2\/posts"}],"about":[{"href":"https:\/\/diariodominicano.com\/index.php?rest_route=\/wp\/v2\/types\/post"}],"author":[{"embeddable":true,"href":"https:\/\/diariodominicano.com\/index.php?rest_route=\/wp\/v2\/users\/3"}],"replies":[{"embeddable":true,"href":"https:\/\/diariodominicano.com\/index.php?rest_route=%2Fwp%2Fv2%2Fcomments&post=191866"}],"version-history":[{"count":0,"href":"https:\/\/diariodominicano.com\/index.php?rest_route=\/wp\/v2\/posts\/191866\/revisions"}],"wp:attachment":[{"href":"https:\/\/diariodominicano.com\/index.php?rest_route=%2Fwp%2Fv2%2Fmedia&parent=191866"}],"wp:term":[{"taxonomy":"category","embeddable":true,"href":"https:\/\/diariodominicano.com\/index.php?rest_route=%2Fwp%2Fv2%2Fcategories&post=191866"},{"taxonomy":"post_tag","embeddable":true,"href":"https:\/\/diariodominicano.com\/index.php?rest_route=%2Fwp%2Fv2%2Ftags&post=191866"}],"curies":[{"name":"wp","href":"https:\/\/api.w.org\/{rel}","templated":true}]}}