{"id":191865,"date":"2007-12-07T00:46:42","date_gmt":"2007-12-07T00:46:42","guid":{"rendered":"http:\/\/diariodominicano.ddns.net\/?p=191865"},"modified":"2007-12-07T00:46:42","modified_gmt":"2007-12-07T00:46:42","slug":"javier-garcia-acusa-a-vargas-maldonado-de-irrespetar-tregua-politica","status":"publish","type":"post","link":"https:\/\/diariodominicano.com\/?p=191865","title":{"rendered":"Javier Garc\u00eda acusa a Vargas Maldonado de irrespetar tregua pol\u00edtica"},"content":{"rendered":"<p><body><\/p>\n<p class=\"titulogrande1\"><strong>Javier Garc\u00eda acusa a Vargas Maldonado de irrespetar tregua  pol\u00edtica<\/strong><\/p>\n<p>&#13;<\/p>\n<p align=\"justify\" class=\"text1noticias\"><strong><img loading=\"lazy\" decoding=\"async\" src=\"http:\/\/localhost:8080\/pictures\/francisco javier.jpg\" width=\"269\" height=\"330\" hspace=\"4\" align=\"left\" \/>SANTO DOMINGO.-<\/strong> El coordinador general del Comit\u00e9 Nacional de Campa\u00f1a  del Partido de la   Liberaci\u00f3n Dominicana (PLD), Francisco Javier Garc\u00eda, acus\u00f3  al candidato presidencial del Partido Revolucionario Dominicano (PRD), Miguel  Vargas Maldonado, de irrespetar la tregua pol\u00edtica que prometi\u00f3 a la Iglesia Cat\u00f3lica  y al pa\u00eds por motivo de los estragos causados por la tormenta Noel y las  festividades de la Navidad. <br \/>&#13;<br \/>\n  <br \/>&#13;<br \/>\n  Calific\u00f3 de \u201cirresponsable\u201d y \u201cpoco  solidario\u201d a Vargas Maldonado, dijo que hist\u00f3ricamente el PRD ha exhibido una  conducta de doble cara.\u00a0 \u201cDicen una cosa y hacen otra.\u00a0 Siempre han  sido as\u00ed. \u00bfC\u00f3mo se les puede creer a estas gentes?\u201d, expres\u00f3. <br \/>&#13;<br \/>\n  <br \/>&#13;<br \/>\n  Dijo que el cambio de los estrategas y la  direcci\u00f3n pol\u00edtica del PRD se debe, en parte, al mal posicionamiento que le  siguen dando las firmas encuestadoras a la candidatura de Vargas  Maldonado.\u00a0\u00a0 <br \/>&#13;<br \/>\n  <br \/>&#13;<br \/>\n  Record\u00f3 que en momentos en que la Iglesia Cat\u00f3lica  llam\u00f3 a los partidos pol\u00edticos a suspender las actividades de campa\u00f1a por\u00a0  los devastadores efectos de la tormenta Noel en la capital, provincias y  ciudades de las regiones Sur y Norte del pa\u00eds, y la celebraci\u00f3n de la fiesta de  la Navidad,  el PRD anunci\u00f3 su apoyo, pero d\u00edas despu\u00e9s envi\u00f3 a sus delegados ante la Junta Central  Electoral a que pidieran la apertura oficialmente de la campa\u00f1a en este mes. <br \/>&#13;<br \/>\n  <br \/>&#13;<br \/>\n\u201cEl (Vargas Maldonado), se comprometi\u00f3  p\u00fablicamente y plante\u00f3 que la mesura y el comedimiento se imponen con mayor  raz\u00f3n en esta Navidad, luego de una tragedia nacional, pero despu\u00e9s ha decidido  otra cosa\u201d, precis\u00f3 Garc\u00eda. <\/p>\n<p>&#13;<\/p>\n<h6> 2007-12-07 00:46:42 <\/h6>\n<p><!--\n<link rel=\"stylesheet\" href=\"css\/bootstrap.min.css\">\n\n\n<ul class=\"pagination\">\n\t    \n\t\n\n<li >\n\t<a href='?page_no=34612'>Previous<\/a>\n\t<\/li>\n\n\n       \n    \n\n<li><a href='?page_no=1'>1<\/a><\/li>\n\n\n\n<li><a href='?page_no=2'>2<\/a><\/li>\n\n\n\n<li><a>...<\/a><\/li>\n\n\n\n<li><a href='?page_no=34611'>34611<\/a><\/li>\n\n\n\n<li><a href='?page_no=34612'>34612<\/a><\/li>\n\n\n\n<li class='active'><a>34613<\/a><\/li>\n\n\n\n<li><a href='?page_no=34614'>34614<\/a><\/li>\n\n\n\n<li><a href='?page_no=34615'>34615<\/a><\/li>\n\n\n\n<li><a>...<\/a><\/li>\n\n\n\n<li><a href='?page_no=36999'>36999<\/a><\/li>\n\n\n\n<li><a href='?page_no=37000'>37000<\/a><\/li>\n\n    \n\t\n\n<li >\n\t<a href='?page_no=34614'>Next<\/a>\n\t<\/li>\n\n\n    \n\n<li><a href='?page_no=37000'>Last &rsaquo;&rsaquo;<\/a><\/li>\n\n<\/ul>\n\n\n--><br \/>\n<\/body><\/p>\n","protected":false},"excerpt":{"rendered":"<p>Javier Garc\u00eda acusa a Vargas Maldonado de irrespetar tregua pol\u00edtica &#13; SANTO DOMINGO.- El coordinador general del Comit\u00e9 Nacional de Campa\u00f1a del Partido de la Liberaci\u00f3n Dominicana (PLD), Francisco Javier Garc\u00eda, acus\u00f3 al candidato presidencial del Partido Revolucionario Dominicano (PRD), Miguel Vargas Maldonado, de irrespetar la tregua pol\u00edtica que prometi\u00f3 a la Iglesia Cat\u00f3lica y [&hellip;]<\/p>\n","protected":false},"author":3,"featured_media":0,"comment_status":"open","ping_status":"open","sticky":false,"template":"","format":"standard","meta":{"footnotes":""},"categories":[22],"tags":[],"class_list":["post-191865","post","type-post","status-publish","format-standard","hentry","category-politica"],"_links":{"self":[{"href":"https:\/\/diariodominicano.com\/index.php?rest_route=\/wp\/v2\/posts\/191865","targetHints":{"allow":["GET"]}}],"collection":[{"href":"https:\/\/diariodominicano.com\/index.php?rest_route=\/wp\/v2\/posts"}],"about":[{"href":"https:\/\/diariodominicano.com\/index.php?rest_route=\/wp\/v2\/types\/post"}],"author":[{"embeddable":true,"href":"https:\/\/diariodominicano.com\/index.php?rest_route=\/wp\/v2\/users\/3"}],"replies":[{"embeddable":true,"href":"https:\/\/diariodominicano.com\/index.php?rest_route=%2Fwp%2Fv2%2Fcomments&post=191865"}],"version-history":[{"count":0,"href":"https:\/\/diariodominicano.com\/index.php?rest_route=\/wp\/v2\/posts\/191865\/revisions"}],"wp:attachment":[{"href":"https:\/\/diariodominicano.com\/index.php?rest_route=%2Fwp%2Fv2%2Fmedia&parent=191865"}],"wp:term":[{"taxonomy":"category","embeddable":true,"href":"https:\/\/diariodominicano.com\/index.php?rest_route=%2Fwp%2Fv2%2Fcategories&post=191865"},{"taxonomy":"post_tag","embeddable":true,"href":"https:\/\/diariodominicano.com\/index.php?rest_route=%2Fwp%2Fv2%2Ftags&post=191865"}],"curies":[{"name":"wp","href":"https:\/\/api.w.org\/{rel}","templated":true}]}}