{"id":191863,"date":"2007-12-07T14:52:56","date_gmt":"2007-12-07T14:52:56","guid":{"rendered":"http:\/\/diariodominicano.ddns.net\/?p=191863"},"modified":"2007-12-07T14:52:56","modified_gmt":"2007-12-07T14:52:56","slug":"nombran-a-delfin-valdez-coordinador-campana-pld-en-florida","status":"publish","type":"post","link":"https:\/\/diariodominicano.com\/?p=191863","title":{"rendered":"Nombran a Delf\u00edn Valdez coordinador campa\u00f1a PLD en Florida"},"content":{"rendered":"<p><body><\/p>\n<p class=\"titulogrande1\"><strong>Nombran a Delf\u00edn Valdez coordinador campa\u00f1a PLD en Florida <\/strong><\/p>\n<p>&#13;<\/p>\n<p align=\"justify\" class=\"text1noticias\"><strong><img loading=\"lazy\" decoding=\"async\" src=\"http:\/\/localhost:8080\/pictures\/delfin valdez.jpg\" width=\"269\" height=\"254\" hspace=\"4\" align=\"left\" \/>MIAMI, Fl.- <\/strong>El encargado  de asuntos Electorales, Danilo D\u00edaz y el encargado del sector externo, Joaqu\u00edn  Ger\u00f3nimo, del Partido de la Liberaci\u00f3n Dominicana PLD, \u00a0presidieron una reuni\u00f3n en Miami, con los  directivos de esa organizaci\u00f3n pol\u00edtica aqu\u00ed, para dejar juramentado  oficialmente a Delf\u00edn Valdez como coordinador de campa\u00f1a en el estado de la Florida.<\/p>\n<p>&#13;<\/p>\n<p align=\"justify\" class=\"text1noticias\">Una  nota informativa del partido oficial en la Florida indic\u00f3 que en una asamblea celebrada este  jueves en el local del Partido de la Liberaci\u00f3n Dominicana  de la calle 36 NW en Miami qued\u00f3 oficialmente nombrado Valdez, quien ocupar\u00e1 el  puesto quedado vacante tras la inesperada muerte de Javier Gonz\u00e1lez.<\/p>\n<p>&#13;<\/p>\n<p align=\"justify\" class=\"text1noticias\">El  documento explic\u00f3 que Valdez, quien lleva una larga trayectoria de lucha dentro  de las filas del Partido de la Liberaci\u00f3n Dominicana, junto a Ernesto de Le\u00f3n,  Facundo Castillo, Magalys Mella, Niurka Herrera, Joaqu\u00edn Liriano, Wilson  Medina, Ram\u00f3n Barros y Kandy Romero,\u00a0fueron las primeras personas en la Florida que se mostraron p\u00fablicamente a favor de  la reelecci\u00f3n del Presidente Fern\u00e1ndez en los momentos dif\u00edciles de la  precampa\u00f1a para escoger al candidato a la presidencia por el partido morado.<\/p>\n<p>&#13;<\/p>\n<p align=\"justify\" class=\"text1noticias\">Se\u00f1al\u00f3  adem\u00e1s que Delf\u00edn Valdez, dirige actualmente un programa radial en la 1550 AM  en la ciudad de Miami, en el programa pol\u00edtico se ventilan los logros del  gobierno en el \u00e1mbito social, econ\u00f3mico y pol\u00edtico. Tambi\u00e9n se promueve la  figura presidencial de Leonel Fern\u00e1ndez Reyna.<\/p>\n<p>&#13;<\/p>\n<h6> 2007-12-07 14:52:56 <\/h6>\n<p><!--\n<link rel=\"stylesheet\" href=\"css\/bootstrap.min.css\">\n\n\n<ul class=\"pagination\">\n\t    \n\t\n\n<li >\n\t<a href='?page_no=34610'>Previous<\/a>\n\t<\/li>\n\n\n       \n    \n\n<li><a href='?page_no=1'>1<\/a><\/li>\n\n\n\n<li><a href='?page_no=2'>2<\/a><\/li>\n\n\n\n<li><a>...<\/a><\/li>\n\n\n\n<li><a href='?page_no=34609'>34609<\/a><\/li>\n\n\n\n<li><a href='?page_no=34610'>34610<\/a><\/li>\n\n\n\n<li class='active'><a>34611<\/a><\/li>\n\n\n\n<li><a href='?page_no=34612'>34612<\/a><\/li>\n\n\n\n<li><a href='?page_no=34613'>34613<\/a><\/li>\n\n\n\n<li><a>...<\/a><\/li>\n\n\n\n<li><a href='?page_no=36999'>36999<\/a><\/li>\n\n\n\n<li><a href='?page_no=37000'>37000<\/a><\/li>\n\n    \n\t\n\n<li >\n\t<a href='?page_no=34612'>Next<\/a>\n\t<\/li>\n\n\n    \n\n<li><a href='?page_no=37000'>Last &rsaquo;&rsaquo;<\/a><\/li>\n\n<\/ul>\n\n\n--><br \/>\n<\/body><\/p>\n","protected":false},"excerpt":{"rendered":"<p>Nombran a Delf\u00edn Valdez coordinador campa\u00f1a PLD en Florida &#13; MIAMI, Fl.- El encargado de asuntos Electorales, Danilo D\u00edaz y el encargado del sector externo, Joaqu\u00edn Ger\u00f3nimo, del Partido de la Liberaci\u00f3n Dominicana PLD, \u00a0presidieron una reuni\u00f3n en Miami, con los directivos de esa organizaci\u00f3n pol\u00edtica aqu\u00ed, para dejar juramentado oficialmente a Delf\u00edn Valdez como [&hellip;]<\/p>\n","protected":false},"author":3,"featured_media":0,"comment_status":"open","ping_status":"open","sticky":false,"template":"","format":"standard","meta":{"footnotes":""},"categories":[22],"tags":[],"class_list":["post-191863","post","type-post","status-publish","format-standard","hentry","category-politica"],"_links":{"self":[{"href":"https:\/\/diariodominicano.com\/index.php?rest_route=\/wp\/v2\/posts\/191863","targetHints":{"allow":["GET"]}}],"collection":[{"href":"https:\/\/diariodominicano.com\/index.php?rest_route=\/wp\/v2\/posts"}],"about":[{"href":"https:\/\/diariodominicano.com\/index.php?rest_route=\/wp\/v2\/types\/post"}],"author":[{"embeddable":true,"href":"https:\/\/diariodominicano.com\/index.php?rest_route=\/wp\/v2\/users\/3"}],"replies":[{"embeddable":true,"href":"https:\/\/diariodominicano.com\/index.php?rest_route=%2Fwp%2Fv2%2Fcomments&post=191863"}],"version-history":[{"count":0,"href":"https:\/\/diariodominicano.com\/index.php?rest_route=\/wp\/v2\/posts\/191863\/revisions"}],"wp:attachment":[{"href":"https:\/\/diariodominicano.com\/index.php?rest_route=%2Fwp%2Fv2%2Fmedia&parent=191863"}],"wp:term":[{"taxonomy":"category","embeddable":true,"href":"https:\/\/diariodominicano.com\/index.php?rest_route=%2Fwp%2Fv2%2Fcategories&post=191863"},{"taxonomy":"post_tag","embeddable":true,"href":"https:\/\/diariodominicano.com\/index.php?rest_route=%2Fwp%2Fv2%2Ftags&post=191863"}],"curies":[{"name":"wp","href":"https:\/\/api.w.org\/{rel}","templated":true}]}}