{"id":191861,"date":"2007-12-08T02:25:39","date_gmt":"2007-12-08T02:25:39","guid":{"rendered":"http:\/\/diariodominicano.ddns.net\/?p=191861"},"modified":"2007-12-08T02:25:39","modified_gmt":"2007-12-08T02:25:39","slug":"vargas-maldonado-recibe-apoyo-de-familia-antonio-guzman","status":"publish","type":"post","link":"https:\/\/diariodominicano.com\/?p=191861","title":{"rendered":"Vargas Maldonado recibe apoyo de familia Antonio Guzm\u00e1n"},"content":{"rendered":"<p><body><\/p>\n<p class=\"titulogrande1\">Vargas Maldonado recibe apoyo  de familia Antonio Guzm\u00e1n <\/p>\n<p>&#13;<\/p>\n<p align=\"justify\" class=\"text1noticias\"><strong><img loading=\"lazy\" decoding=\"async\" src=\"http:\/\/localhost:8080\/pictures\/maldonado derechos civiles 1.jpg\" width=\"269\" height=\"265\" hspace=\"4\" align=\"left\" \/>Santo Domingo.-<\/strong> El candidato  presidencial Miguel Vargas Maldonado recibi\u00f3 el \u201cpleno respaldo\u201d de la  influyente familia del extinto presidente Antonio Guzm\u00e1n, y de inmediato \u00a0Sonia Guzm\u00e1n de Hern\u00e1ndez anunci\u00f3 la  conformaci\u00f3n del Movimiento de Secretarios Generales Guzmancistas, que  trabajar\u00e1n con la misma dedicaci\u00f3n y entrega que lo hicieron con su padre para  llevar a la Presidencia  de la Rep\u00fablica  a Miguel Vargas Maldonado.<\/p>\n<p>&#13;<\/p>\n<p align=\"justify\" class=\"text1noticias\">En el inicio de una gira de  tres d\u00edas en Santiago, Vargas Maldonado particip\u00f3 en una reuni\u00f3n en la  residencia de do\u00f1a Ren\u00e9 Klang, en la que fuera oficina de trabajo de don  Antonio. Permanecer\u00e1 en la provincia hasta el domingo. <\/p>\n<p>&#13;<\/p>\n<p align=\"justify\" class=\"text1noticias\">Guzm\u00e1n Hern\u00e1ndez, quien fuera  subsecretaria Administrativa de la Presidencia en el gobierno de Guzm\u00e1n inform\u00f3 al  candidato presidencial del Partido Revolucionario Dominicano (PRD) que su  familia ha convocado al trabajo proselitista a la legi\u00f3n de secretarios  generales de comit\u00e9s de base, zonales, regionales y municipales de la provincia  de Santiago, que est\u00e1n trabajando ya a favor de Vargas Maldonado con la misma  dedicaci\u00f3n y empe\u00f1o con que lo hicieran para su padre.<\/p>\n<p>&#13;<\/p>\n<p align=\"justify\" class=\"text1noticias\">En el encuentro participaron,  entre otros que formaran parte del equipo que acompa\u00f1ara a Antonio Guzm\u00e1n en  Santiago, los dirigentes Orlando Estrella, Pedro Rodr\u00edguez, Bocho N\u00fa\u00f1ez,  Francisco N\u00fa\u00f1ez, Rafael Belliard, Lalo N\u00fa\u00f1ez, Mario Cabrera, Frank Joseph  Thom\u00e9n, Jos\u00e9 Maria Hern\u00e1ndez, Pr\u00f3spero Jim\u00e9nez, Osvaldo Pichardo, Olegario  Arias y Pedro Rivas, entre otros. Participaron adem\u00e1s el diputado Ulises Rodr\u00edguez  y Andr\u00e9s Santos, presidentes provincial y municipal de campa\u00f1a. <\/p>\n<p>&#13;<\/p>\n<p align=\"justify\" class=\"text1noticias\">Durante el encuentro tanto  Guzm\u00e1n de Hern\u00e1ndez como su esposo Jos\u00e9 Mar\u00eda Hern\u00e1ndez, se comprometieron con  Vargas Maldonado en que adem\u00e1s del trabajo al interior del PRD extender\u00e1n sus  aportes a sumarle el apoyo en sectores externos al partido con los cuales la  familia Guzm\u00e1n-Klang-Hern\u00e1ndez ha sostenido estrechos v\u00ednculos.<\/p>\n<p>&#13;<\/p>\n<p align=\"justify\" class=\"text1noticias\">De su parte, Vargas Maldonado agradeci\u00f3 el  respaldo de la familia del extinto presidente Guzm\u00e1n y dijo que ellos  constituye otra evidencia de c\u00f3mo su\u00a0  candidatura presidencial ha logrado unificar a toda la familia  perrede\u00edsta. Valor\u00f3 la dimensi\u00f3n patri\u00f3tica del ex presidente Guzm\u00e1n y sus  dones de estadista, por lo que la sociedad dominicana mantiene en una alta valoraci\u00f3n  su gesti\u00f3n de gobierno.<\/p>\n<p>&#13;<\/p>\n<p align=\"justify\" class=\"text1noticias\">Signific\u00f3 que as\u00ed como ha  logrado unir al PRD para la victoria tambi\u00e9n sabr\u00e1 articular las grandes  alianzas y acuerdos con los diferentes sectores de la sociedad, para a partir  del 16 de agosto impulsar al pa\u00eds hacia el desarrollo econ\u00f3mico, social y  humano.<\/p>\n<p>&#13;<\/p>\n<p align=\"justify\" class=\"text1noticias\">Puntualiz\u00f3 que los  dominicanos acudir\u00e1n a las pr\u00f3ximas elecciones a escoger de la alternativa que  \u00e9l representa y que se desarrolla en base a su voluntad de respetar, unir y  consensuar a los sectores dispuestos a trabajar por un proyecto de pa\u00eds  focalizado en las soluci\u00f3n de las necesidades de la gente, y el proyecto  personal del presidente candidato que act\u00faa dividiendo, corrompiendo y  desacreditando a la oposici\u00f3n y de espaldas a los sectores din\u00e1micos de la  sociedad.<\/p>\n<p>&#13;<\/p>\n<p align=\"justify\" class=\"text1noticias\">Encuentro  con empresarios<\/p>\n<p>&#13;<\/p>\n<p align=\"justify\" class=\"text1noticias\">Tras concluir su visita a la  familia Guzm\u00e1n el candidato presidencial opositor\u00a0\u00a0 \u00a0particip\u00f3  en un encuentro organizado por la   Asociaci\u00f3n de Industrias de Zonas Francas de Santiago,  encabezada por Aquiles Berm\u00fadez, presidente, el dirigente Fernando Capell\u00e1n y  otros directivos.<\/p>\n<p>&#13;<\/p>\n<p align=\"justify\" class=\"text1noticias\"> En la reuni\u00f3n los dirigentes empresariales expusieron que los  desaf\u00edos del comercio internacional hacen cada vez m\u00e1s necesarios que se  produzcan transformaciones en las naciones, que deben ser\u00a0 cada vez m\u00e1s competitivas y que como parte de  esa visi\u00f3n han abierto un espacio de di\u00e1logo institucional para sostener un  productivo intercambio de ideas con los diferentes candidatos presidenciales a  las pr\u00f3ximas elecciones.<\/p>\n<p>&#13;<\/p>\n<p align=\"justify\" class=\"text1noticias\"> Vargas Maldonado agradeci\u00f3 la oportunidad del intercambio y  dio seguridades de que con \u00e9l en la Presidencia de la Rep\u00fablica todos los  sectores productivos tendr\u00e1n un respetuoso aliado y un mandatario que sabr\u00e1  escuchar sus problemas y darle la merecida atenci\u00f3n.<\/p>\n<p>&#13;<\/p>\n<p align=\"justify\" class=\"text1noticias\"> Expuso que uno de sus compromisos fundamentales de su gesti\u00f3n  de gobierno ser\u00e1 crear las condiciones necesarias para que el sector productivo  genere empleos productivos.\u00a0 <\/p>\n<p>&#13;<\/p>\n<p align=\"justify\" class=\"text1noticias\">Escuchadas  las exposiciones de los industriales de zona franca de Santiago, Vargas  Maldonado les expres\u00f3 que como presidente de la Rep\u00fablica contribuir\u00e1 a  activar y reactivar el sector, puesto que las industrias de zonas francas  juegan un papel de vital importancia en el desarrollo regional y nacional, el  cual puede recibir nuevos impulsos tomando en cuenta el Tratado de Libre  Comercio con Centroam\u00e9rica y Estados Unidos.<br \/>&#13;<br \/>\n  <br \/>&#13;<br \/>\n  Tres d\u00edas en Santiago<\/p>\n<p>&#13;<\/p>\n<p align=\"justify\" class=\"text1noticias\">El  director provincial de campa\u00f1a en Santiago, diputado Ulises Rodr\u00edguez, inform\u00f3  que tras participar en el encuentro con la Familia Guzm\u00e1n-Klang-Hern\u00e1ndez,  en horas de la tarde Vargas Maldonado sostendr\u00e1 junto a su esposa Angelita  Garc\u00eda un encuentro con damas santiagueras, en la residencia del doctor Frank  Joseph Thomenm para concluir con una cena privada. <\/p>\n<p>&#13;<\/p>\n<p align=\"justify\" class=\"text1noticias\">Este  s\u00e1bado prosigue con un desayuno con empresarios del sector metalmec\u00e1nica, y  luego visitar\u00e1 el hospedaje Yaque, donde sostendr\u00e1 contactos e intercambios con  venduteros y clientes.<\/p>\n<p>&#13;<\/p>\n<p align=\"justify\" class=\"text1noticias\">Proseguir\u00e1 un encuentro con  empresarios agr\u00edcolas en La   Vegas, que organiza el ingeniero Osmar Ben\u00edtez. A las tres de  la tarde pero sigue su gira de trabajo Santiago con la juramentaci\u00f3n de un  nutrido grupo de ingenieros en la residencia del\u00a0 empresario Salvador Sahdal\u00e1. Luego  juramentar\u00e1 el local de campa\u00f1a en la Circuscripci\u00f2n n\u00famero , para proseguir con una  caminata en el sector Los Pepines. <\/p>\n<p>&#13;<\/p>\n<p align=\"justify\" class=\"text1noticias\">Sostendr\u00e1 una reuni\u00f3n con del  el movimiento independiente MOPAE, que respalda su candidatura presidencial  y\u00a0 concluye la noche con una cena con el  grupo Propuesta Nacional, que tambi\u00e9m endosa su aspiraci\u00f3n presidencial. Este  movimiento lo dirige el doctor Julio Benoit. <\/p>\n<p>&#13;<\/p>\n<p align=\"justify\" class=\"text1noticias\">Este domingo visitar\u00e1 el  municipio de san Jos\u00e9 de las Matas, donde concluir\u00e1.<\/p>\n<p>&#13;<\/p>\n<h6> 2007-12-08 02:25:39 <\/h6>\n<p><!--\n<link rel=\"stylesheet\" href=\"css\/bootstrap.min.css\">\n\n\n<ul class=\"pagination\">\n\t    \n\t\n\n<li >\n\t<a href='?page_no=34608'>Previous<\/a>\n\t<\/li>\n\n\n       \n    \n\n<li><a href='?page_no=1'>1<\/a><\/li>\n\n\n\n<li><a href='?page_no=2'>2<\/a><\/li>\n\n\n\n<li><a>...<\/a><\/li>\n\n\n\n<li><a href='?page_no=34607'>34607<\/a><\/li>\n\n\n\n<li><a href='?page_no=34608'>34608<\/a><\/li>\n\n\n\n<li class='active'><a>34609<\/a><\/li>\n\n\n\n<li><a href='?page_no=34610'>34610<\/a><\/li>\n\n\n\n<li><a href='?page_no=34611'>34611<\/a><\/li>\n\n\n\n<li><a>...<\/a><\/li>\n\n\n\n<li><a href='?page_no=36999'>36999<\/a><\/li>\n\n\n\n<li><a href='?page_no=37000'>37000<\/a><\/li>\n\n    \n\t\n\n<li >\n\t<a href='?page_no=34610'>Next<\/a>\n\t<\/li>\n\n\n    \n\n<li><a href='?page_no=37000'>Last &rsaquo;&rsaquo;<\/a><\/li>\n\n<\/ul>\n\n\n--><br \/>\n<\/body><\/p>\n","protected":false},"excerpt":{"rendered":"<p>Vargas Maldonado recibe apoyo de familia Antonio Guzm\u00e1n &#13; Santo Domingo.- El candidato presidencial Miguel Vargas Maldonado recibi\u00f3 el \u201cpleno respaldo\u201d de la influyente familia del extinto presidente Antonio Guzm\u00e1n, y de inmediato \u00a0Sonia Guzm\u00e1n de Hern\u00e1ndez anunci\u00f3 la conformaci\u00f3n del Movimiento de Secretarios Generales Guzmancistas, que trabajar\u00e1n con la misma dedicaci\u00f3n y entrega que [&hellip;]<\/p>\n","protected":false},"author":3,"featured_media":0,"comment_status":"open","ping_status":"open","sticky":false,"template":"","format":"standard","meta":{"footnotes":""},"categories":[22],"tags":[],"class_list":["post-191861","post","type-post","status-publish","format-standard","hentry","category-politica"],"_links":{"self":[{"href":"https:\/\/diariodominicano.com\/index.php?rest_route=\/wp\/v2\/posts\/191861","targetHints":{"allow":["GET"]}}],"collection":[{"href":"https:\/\/diariodominicano.com\/index.php?rest_route=\/wp\/v2\/posts"}],"about":[{"href":"https:\/\/diariodominicano.com\/index.php?rest_route=\/wp\/v2\/types\/post"}],"author":[{"embeddable":true,"href":"https:\/\/diariodominicano.com\/index.php?rest_route=\/wp\/v2\/users\/3"}],"replies":[{"embeddable":true,"href":"https:\/\/diariodominicano.com\/index.php?rest_route=%2Fwp%2Fv2%2Fcomments&post=191861"}],"version-history":[{"count":0,"href":"https:\/\/diariodominicano.com\/index.php?rest_route=\/wp\/v2\/posts\/191861\/revisions"}],"wp:attachment":[{"href":"https:\/\/diariodominicano.com\/index.php?rest_route=%2Fwp%2Fv2%2Fmedia&parent=191861"}],"wp:term":[{"taxonomy":"category","embeddable":true,"href":"https:\/\/diariodominicano.com\/index.php?rest_route=%2Fwp%2Fv2%2Fcategories&post=191861"},{"taxonomy":"post_tag","embeddable":true,"href":"https:\/\/diariodominicano.com\/index.php?rest_route=%2Fwp%2Fv2%2Ftags&post=191861"}],"curies":[{"name":"wp","href":"https:\/\/api.w.org\/{rel}","templated":true}]}}