{"id":191859,"date":"2007-12-09T19:47:01","date_gmt":"2007-12-09T19:47:01","guid":{"rendered":"http:\/\/diariodominicano.ddns.net\/?p=191859"},"modified":"2007-12-09T19:47:01","modified_gmt":"2007-12-09T19:47:01","slug":"leonel-comienza-trabajos-segunda-etapa-de-guajimia","status":"publish","type":"post","link":"https:\/\/diariodominicano.com\/?p=191859","title":{"rendered":"Leonel comienza trabajos segunda etapa de Guajim\u00eda"},"content":{"rendered":"<p><body><\/p>\n<p align=\"justify\"><span class=\"titulogrande1\">Leonel  comienza trabajos segunda etapa de Guajim\u00eda<\/span><br \/>&#13;<br \/>\n  <br \/>&#13;<br \/>\n    <span class=\"text1noticias\"><strong><img loading=\"lazy\" decoding=\"async\" src=\"http:\/\/localhost:8080\/pictures\/leonel canada guajimia.jpg\" width=\"269\" height=\"542\" hspace=\"4\" align=\"left\" \/>SANTO DOMINGO.- <\/strong>En medio de consignas y proclamas a  favor de la reelecci\u00f3n, el Presidente de la Rep\u00fablica, doctor Leonel  Fern\u00e1ndez dio ayer el primer picazo para el inicio de la segunda etapa del  Proyecto de Saneamiento y Rescate Integral de la Ca\u00f1ada de Guajim\u00eda, en  Santo Domingo Oeste, que incluye la construcci\u00f3n de 1,072 apartamentos a un  costo de RD$523 millones.<br \/>&#13;<br \/>\n    <br \/>&#13;<br \/>\n    Los elogios y respaldo a la reelecci\u00f3n  del gobernante estuvieron presentes desde el discurso inicial de la ceremonia a  cargo del gobernador de la provincia Santo Domingo, Eladio Mart\u00ednez; siguiendo  con el del dirigente comunitario Celso Mad\u00e9, hasta terminar con las palabras  del director de la   Corporaci\u00f3n del Acueducto y Alcantarillados de Santo Domingo  (CAASD), Mariano Germ\u00e1n, entidad que tiene a su cargo el proyecto.<br \/>&#13;<br \/>\n    <br \/>&#13;<br \/>\n\u00a1Lleg\u00f3 Pap\u00e1! \u00a1Lleg\u00f3 Pap\u00e1!, se escuch\u00f3  gritar a buena parte del p\u00fablico que se congreg\u00f3 en un solar bald\u00edo de la  prolongaci\u00f3n 27 de Febrero a la llegada del jefe de Estado. En esa \u00e1rea\u00a0  ser\u00e1n construidos 35 edificios de 4 pisos con apartamentos de 2 y 3  habitaciones para alojar a\u00a0 408 familias, explic\u00f3 el director de la CAASD.<br \/>&#13;<br \/>\n<br \/>&#13;<br \/>\nEn un segundo solar ubicado al frente,  con un \u00e1rea de 19,000   metros cuadrados, ser\u00e1n levantados otros 33 edificios de  4 pisos con apartamentos de 1, 2 y 3 habitaciones para albergar las restantes  664 familias, agreg\u00f3 el funcionario en su discurso.<br \/>&#13;<br \/>\n<br \/>&#13;<br \/>\nGerm\u00e1n destac\u00f3 que en una primera etapa  el presidente Fern\u00e1ndez ya entreg\u00f3 208 apartamentos a igual n\u00famero de familias  reubicadas y que hasta la fecha se han invertido en el saneamiento y rescate de  la ca\u00f1ada m\u00e1s de RD$1,274 millones.<br \/>&#13;<br \/>\n<br \/>&#13;<br \/>\nAdelant\u00f3 que en abril ser\u00e1n inaugurados  los apartamentos porque \u201cno hay tiempo que perder\u201d y porque \u201cla gente los est\u00e1  necesitando\u201d.<br \/>&#13;<br \/>\n<br \/>&#13;<br \/>\nTras definir el proyecto de Guajim\u00eda  como el de mayor impacto social en este gobierno, Germ\u00e1n dijo que con \u00e9ste no  solo se ha logrado rescatar de la miseria a cientos de familias, sino tambi\u00e9n  de la muerte \u201cporque cada vez que ven\u00eda un aguacero, no importa de la magnitud  que fuera, inmediatamente reinaba la incertidumbre y la desesperaci\u00f3n\u201d.<br \/>&#13;<br \/>\n<br \/>&#13;<br \/>\n\u201cPresidente Fern\u00e1ndez, obras como \u00e9sta  son las que dicen de manera definitiva que el pa\u00eds avanza, obras como \u00e9sta son  las que de manera definitiva reafirman que con su gobierno el pa\u00eds marcha hacia  el progreso y obras como \u00e9sta es que confirmar que usted seguir\u00e1 siendo  Presidente de la Rep\u00fablica  a partir del 16 de agosto del a\u00f1o 2008\u201d,  dijo.<br \/>&#13;<br \/>\n<br \/>&#13;<br \/>\nEl gobernador de la provincia Santo  Domingo, Eladio Mart\u00ednez, dijo que el Presidente Fern\u00e1ndez ha asumido el sector  de Herrera como \u201csu novia predilecta\u201d y destac\u00f3 los alcances de la pol\u00edtica  social del gobierno en esta zona del Santo Domingo Oeste.<br \/>&#13;<br \/>\n<br \/>&#13;<br \/>\nEl dirigente comunitario Celso Mad\u00e9  destac\u00f3, de su lado, que el paso de la tormenta Noel no afecto ni una sola  familia en la Ca\u00f1ada  de Guajim\u00eda y hemos pasado de ser la zona mas vulnerable a la zona mas segura  gracias a quien es presidente hoy y que seguir\u00e1 siendo presidente ma\u00f1ana\u201d.<br \/>&#13;<br \/>\n<br \/>&#13;<br \/>\nAl acto asisti\u00f3 la embajadora de Canad\u00e1  en Santo Domingo, Patricia Portier, cuyo gobierno facilit\u00f3 un cr\u00e9dito para la  rehabilitaci\u00f3n y rescate de la ca\u00f1ada, as\u00ed como funcionarios del gobierno y  moradores de las inmediaciones.<br \/>&#13;<br \/>\n<br \/>&#13;<br \/>\nEl padre Julio C\u00e9sar G\u00f3mez bendijo la  obra. En los apartamentos se reubicar\u00e1n familias residentes en los sectores de  Buenos Aires, El Indio y Ure\u00f1a, en Herrera.<br \/>&#13;<br \/>\n<br \/>&#13;<br \/>\nEl director de la CAASD, Mariano Germ\u00e1n, dijo  que se espera que los trabajos propios de saneamiento rehabilitaci\u00f3n de la  ca\u00f1ada est\u00e9n culminados para el a\u00f1o 2009.<\/span><\/p>\n<p>&#13;<\/p>\n<div align=\"justify\" class=\"text1noticias\"><strong>POR MANUEL JIM\u00c9NEZ<\/strong><br \/>&#13;\n<\/div>\n<p>&#13;<\/p>\n<h6> 2007-12-09 19:47:01 <\/h6>\n<p><!--\n<link rel=\"stylesheet\" href=\"css\/bootstrap.min.css\">\n\n\n<ul class=\"pagination\">\n\t    \n\t\n\n<li >\n\t<a href='?page_no=34606'>Previous<\/a>\n\t<\/li>\n\n\n       \n    \n\n<li><a href='?page_no=1'>1<\/a><\/li>\n\n\n\n<li><a href='?page_no=2'>2<\/a><\/li>\n\n\n\n<li><a>...<\/a><\/li>\n\n\n\n<li><a href='?page_no=34605'>34605<\/a><\/li>\n\n\n\n<li><a href='?page_no=34606'>34606<\/a><\/li>\n\n\n\n<li class='active'><a>34607<\/a><\/li>\n\n\n\n<li><a href='?page_no=34608'>34608<\/a><\/li>\n\n\n\n<li><a href='?page_no=34609'>34609<\/a><\/li>\n\n\n\n<li><a>...<\/a><\/li>\n\n\n\n<li><a href='?page_no=36999'>36999<\/a><\/li>\n\n\n\n<li><a href='?page_no=37000'>37000<\/a><\/li>\n\n    \n\t\n\n<li >\n\t<a href='?page_no=34608'>Next<\/a>\n\t<\/li>\n\n\n    \n\n<li><a href='?page_no=37000'>Last &rsaquo;&rsaquo;<\/a><\/li>\n\n<\/ul>\n\n\n--><br \/>\n<\/body><\/p>\n","protected":false},"excerpt":{"rendered":"<p>Leonel comienza trabajos segunda etapa de Guajim\u00eda&#13; &#13; SANTO DOMINGO.- En medio de consignas y proclamas a favor de la reelecci\u00f3n, el Presidente de la Rep\u00fablica, doctor Leonel Fern\u00e1ndez dio ayer el primer picazo para el inicio de la segunda etapa del Proyecto de Saneamiento y Rescate Integral de la Ca\u00f1ada de Guajim\u00eda, en Santo [&hellip;]<\/p>\n","protected":false},"author":3,"featured_media":0,"comment_status":"open","ping_status":"open","sticky":false,"template":"","format":"standard","meta":{"footnotes":""},"categories":[22],"tags":[],"class_list":["post-191859","post","type-post","status-publish","format-standard","hentry","category-politica"],"_links":{"self":[{"href":"https:\/\/diariodominicano.com\/index.php?rest_route=\/wp\/v2\/posts\/191859","targetHints":{"allow":["GET"]}}],"collection":[{"href":"https:\/\/diariodominicano.com\/index.php?rest_route=\/wp\/v2\/posts"}],"about":[{"href":"https:\/\/diariodominicano.com\/index.php?rest_route=\/wp\/v2\/types\/post"}],"author":[{"embeddable":true,"href":"https:\/\/diariodominicano.com\/index.php?rest_route=\/wp\/v2\/users\/3"}],"replies":[{"embeddable":true,"href":"https:\/\/diariodominicano.com\/index.php?rest_route=%2Fwp%2Fv2%2Fcomments&post=191859"}],"version-history":[{"count":0,"href":"https:\/\/diariodominicano.com\/index.php?rest_route=\/wp\/v2\/posts\/191859\/revisions"}],"wp:attachment":[{"href":"https:\/\/diariodominicano.com\/index.php?rest_route=%2Fwp%2Fv2%2Fmedia&parent=191859"}],"wp:term":[{"taxonomy":"category","embeddable":true,"href":"https:\/\/diariodominicano.com\/index.php?rest_route=%2Fwp%2Fv2%2Fcategories&post=191859"},{"taxonomy":"post_tag","embeddable":true,"href":"https:\/\/diariodominicano.com\/index.php?rest_route=%2Fwp%2Fv2%2Ftags&post=191859"}],"curies":[{"name":"wp","href":"https:\/\/api.w.org\/{rel}","templated":true}]}}