{"id":191856,"date":"2007-12-11T01:57:08","date_gmt":"2007-12-11T01:57:08","guid":{"rendered":"http:\/\/diariodominicano.ddns.net\/?p=191856"},"modified":"2007-12-11T01:57:08","modified_gmt":"2007-12-11T01:57:08","slug":"miguel-vargas-dice-leonel-utiliza-la-pobreza-como-propaganda-politica","status":"publish","type":"post","link":"https:\/\/diariodominicano.com\/?p=191856","title":{"rendered":"Miguel Vargas dice Leonel utiliza la pobreza como propaganda pol\u00edtica"},"content":{"rendered":"<p><body><\/p>\n<p class=\"titulogrande1\">Miguel Vargas dice Leonel utiliza la pobreza como  propaganda pol\u00edtica<\/p>\n<p>&#13;<\/p>\n<p align=\"justify\" class=\"text1noticias\"><strong><img loading=\"lazy\" decoding=\"async\" src=\"http:\/\/localhost:8080\/pictures\/maldonado nueva.jpg\" width=\"269\" height=\"190\" hspace=\"4\" align=\"left\" \/>Santo  Domingo.- <\/strong>El candidato presidencial Miguel Vargas Maldonado considera una  verg\u00fcenza que el presidente Leonel Fern\u00e1ndez est\u00e9 usando la pobreza y las  necesidades de la gente como un instrumento de propaganda pol\u00edtica. <br \/>&#13;<br \/>\n  <br \/>&#13;<br \/>\nExpuso que sin el menor respeto a la dignidad humana y ante la vista de todos,  el presidente Fern\u00e1ndez publicita las im\u00e1genes de la gente que se ve obligada a  recibir la asistencia del Estado, con el prop\u00f3sito de presentar ante la  sociedad una sensibilidad que no tiene frente a las necesidades del pueblo. <br \/>&#13;<br \/>\n<br \/>&#13;<br \/>\nExpuso sus criterios tras sostener una reuni\u00f3n con un nutrido grupo de  empresarios a los que expuso su decisi\u00f3n de hacer una campa\u00f1a pol\u00edtica basada  en propuestas constructivas y en formalizar alianzas y acuerdos con los  diferentes sectores organizados de la sociedad. <br \/>&#13;<br \/>\n<br \/>&#13;<br \/>\nAl condenar las pr\u00e1cticas clientelistas que usa el presidente Fern\u00e1ndez,  puntualiz\u00f3: que use los dineros de los impuestos que pagamos los dominicanos y  dominicanas de todas las creencias y criterios pol\u00edticos a favor de su campa\u00f1a  reeleccionista, ya es un grave abuso de poder que debe merecer la condena de  los sectores conscientes de la ciudadan\u00eda. <br \/>&#13;<br \/>\n<br \/>&#13;<br \/>\n\u201cPero que adem\u00e1s use los fondos p\u00fablicos para hacer propaganda reeleccionista  con la ayuda que el Estado otorga a los m\u00e1s necesitados, es una verg\u00fcenza\u201d,  expuso el candidato presidencial del Partido Revolucionario Dominicano, en nota  informativa de la Direcci\u00f3n  de Comunicaciones de su campa\u00f1a. <br \/>&#13;<br \/>\n<br \/>&#13;<br \/>\nAdvirti\u00f3 que uno de los objetivos que debe tener una buena campa\u00f1a  pol\u00edtica es servir como instrumento de educaci\u00f3n ciudadana, \u201cpero estas  acciones del candidato reeleccionista lo que hacen es usar los recursos  p\u00fablicos para realizar pr\u00e1cticas de manipulaci\u00f3n pol\u00edtica que nuestra sociedad  aspira a dejar atr\u00e1s, porque en vez de educar lo que hacen es reforzar  conductas atrasadas y degradantes para nuestro pueblo\u201d. <br \/>&#13;<br \/>\n<br \/>&#13;<br \/>\nVargas Maldonado dijo que el presidente Fern\u00e1ndez reduce sus pol\u00edticas  sociales a la manipulaci\u00f3n y el uso politiquero y es por lo que cada d\u00eda se  ampl\u00eda la deuda social y se elevan los niveles de pobreza y de estrecheces no  s\u00f3lo de los m\u00e1s desvalidos sino incluso de los sectores medios. <br \/>&#13;<br \/>\n<br \/>&#13;<br \/>\nCada d\u00eda nos enteramos de un nuevo informe de los organismos  internacionales que cooperan en el \u00e1rea social, evidenciando los atrasos que  acusa la   Rep\u00fablica Dominicana en alimentaci\u00f3n y nutrici\u00f3n, en salud,  educaci\u00f3n y cultura y otros d\u00e9ficits del desarrollo humano.\u00a0\u00a0\u00a0 <\/p>\n<p>&#13;<\/p>\n<p align=\"justify\" class=\"text1noticias\">Vargas Maldonado dijo que contrario a lo que hace el presidente  reeleccionista, desde la   Presidencia de la Rep\u00fablica \u00e9l trabajar\u00e1 para respetar y dignificar  a los dominicanos y dominicanas, especialmente a los sectores mas vulnerables  de la sociedad. <br \/>&#13;<br \/>\n  <br \/>&#13;<br \/>\n\u201cA diferencia del presidente reeleccionista, por formaci\u00f3n familiar  cristiana y por lo que ha sido mi conducta de toda la vida, jam\u00e1s usar\u00edamos  nosotros la ayuda social, la asistencia a la gente, \u00a0para humillarles  \u00a0p\u00fablicamente y hacer propaganda pol\u00edtica\u00a8 dijo \u00a0 <br \/>&#13;<br \/>\n<br \/>&#13;<br \/>\nEl candidato presidencial se mantuvo ayer desarrollando una amplia  agenda de reuniones con los equipos de planificaci\u00f3n, organizaci\u00f3n y ejecuci\u00f3n  de su campa\u00f1a. <\/p>\n<p>&#13;<\/p>\n<h6> 2007-12-11 01:57:08 <\/h6>\n<p><!--\n<link rel=\"stylesheet\" href=\"css\/bootstrap.min.css\">\n\n\n<ul class=\"pagination\">\n\t    \n\t\n\n<li >\n\t<a href='?page_no=34603'>Previous<\/a>\n\t<\/li>\n\n\n       \n    \n\n<li><a href='?page_no=1'>1<\/a><\/li>\n\n\n\n<li><a href='?page_no=2'>2<\/a><\/li>\n\n\n\n<li><a>...<\/a><\/li>\n\n\n\n<li><a href='?page_no=34602'>34602<\/a><\/li>\n\n\n\n<li><a href='?page_no=34603'>34603<\/a><\/li>\n\n\n\n<li class='active'><a>34604<\/a><\/li>\n\n\n\n<li><a href='?page_no=34605'>34605<\/a><\/li>\n\n\n\n<li><a href='?page_no=34606'>34606<\/a><\/li>\n\n\n\n<li><a>...<\/a><\/li>\n\n\n\n<li><a href='?page_no=36999'>36999<\/a><\/li>\n\n\n\n<li><a href='?page_no=37000'>37000<\/a><\/li>\n\n    \n\t\n\n<li >\n\t<a href='?page_no=34605'>Next<\/a>\n\t<\/li>\n\n\n    \n\n<li><a href='?page_no=37000'>Last &rsaquo;&rsaquo;<\/a><\/li>\n\n<\/ul>\n\n\n--><br \/>\n<\/body><\/p>\n","protected":false},"excerpt":{"rendered":"<p>Miguel Vargas dice Leonel utiliza la pobreza como propaganda pol\u00edtica &#13; Santo Domingo.- El candidato presidencial Miguel Vargas Maldonado considera una verg\u00fcenza que el presidente Leonel Fern\u00e1ndez est\u00e9 usando la pobreza y las necesidades de la gente como un instrumento de propaganda pol\u00edtica. &#13; &#13; Expuso que sin el menor respeto a la dignidad humana [&hellip;]<\/p>\n","protected":false},"author":3,"featured_media":0,"comment_status":"open","ping_status":"open","sticky":false,"template":"","format":"standard","meta":{"footnotes":""},"categories":[22],"tags":[],"class_list":["post-191856","post","type-post","status-publish","format-standard","hentry","category-politica"],"_links":{"self":[{"href":"https:\/\/diariodominicano.com\/index.php?rest_route=\/wp\/v2\/posts\/191856","targetHints":{"allow":["GET"]}}],"collection":[{"href":"https:\/\/diariodominicano.com\/index.php?rest_route=\/wp\/v2\/posts"}],"about":[{"href":"https:\/\/diariodominicano.com\/index.php?rest_route=\/wp\/v2\/types\/post"}],"author":[{"embeddable":true,"href":"https:\/\/diariodominicano.com\/index.php?rest_route=\/wp\/v2\/users\/3"}],"replies":[{"embeddable":true,"href":"https:\/\/diariodominicano.com\/index.php?rest_route=%2Fwp%2Fv2%2Fcomments&post=191856"}],"version-history":[{"count":0,"href":"https:\/\/diariodominicano.com\/index.php?rest_route=\/wp\/v2\/posts\/191856\/revisions"}],"wp:attachment":[{"href":"https:\/\/diariodominicano.com\/index.php?rest_route=%2Fwp%2Fv2%2Fmedia&parent=191856"}],"wp:term":[{"taxonomy":"category","embeddable":true,"href":"https:\/\/diariodominicano.com\/index.php?rest_route=%2Fwp%2Fv2%2Fcategories&post=191856"},{"taxonomy":"post_tag","embeddable":true,"href":"https:\/\/diariodominicano.com\/index.php?rest_route=%2Fwp%2Fv2%2Ftags&post=191856"}],"curies":[{"name":"wp","href":"https:\/\/api.w.org\/{rel}","templated":true}]}}