{"id":191851,"date":"2007-12-12T03:01:37","date_gmt":"2007-12-12T03:01:37","guid":{"rendered":"http:\/\/diariodominicano.ddns.net\/?p=191851"},"modified":"2007-12-12T03:01:37","modified_gmt":"2007-12-12T03:01:37","slug":"evo-morales-llama-a-tregua-navidena","status":"publish","type":"post","link":"https:\/\/diariodominicano.com\/?p=191851","title":{"rendered":"Evo Morales llama a tregua navide\u00f1a"},"content":{"rendered":"<p><body><\/p>\n<h1 class=\"titulogrande1\">Evo  Morales llama a tregua navide\u00f1a<\/h1>\n<p>&#13;<\/p>\n<p align=\"justify\"><strong>Marcelo Hern\u00e1ndez \/ Foto AP<\/strong><br \/>&#13;<br \/>\n  <br \/>&#13;<br \/>\n<strong>El primer ministro franc\u00e9s Francois Fillon entrega un regalo  al presidente boliviano Evo Morales, antes de una reuni\u00f3n en Buenos Aires, el  lunes 10 de diciembre del 2007.<\/strong><\/p>\n<p>&#13;<\/p>\n<p align=\"justify\" class=\"text1noticias\"><img loading=\"lazy\" decoding=\"async\" src=\"http:\/\/localhost:8080\/pictures\/evo morales navidad.jpg\" width=\"269\" height=\"195\" hspace=\"4\" align=\"left\" \/>El presidente Evo Morales llam\u00f3 el martes a una tregua en  las protestas de la oposici\u00f3n contra la reciente aprobaci\u00f3n del proyecto de  constituci\u00f3n del oficialismo; pero dirigentes de la oposici\u00f3n respondieron que  se trata de una \u00abcortina de humo\u00bb para desmovilizar al sector. <br \/>&#13;<br \/>\n  <br \/>&#13;<br \/>\n  En  un mensaje por la televisora gubernamental, Morales llam\u00f3 a restablecer la paz  por Navidad, e insisti\u00f3 en convocar al di\u00e1logo, especialmente, a los seis  prefectos (gobernadores) opositores.<br \/>&#13;<br \/>\n  <br \/>&#13;<br \/>\n  Cuatro  de esos prefectos ya anunciaron que dar\u00e1n lugar a gobiernos aut\u00f3nomos  regionales desde el s\u00e1bado. Bolivia tiene nueve prefectos.<br \/>&#13;<br \/>\n  <br \/>&#13;<br \/>\n\u00abPido  al pueblo boliviano, algunos grupos movilizados, convocarles a la paz para  pasar estas fiestas de Navidad de fin de a\u00f1o\u00bb, dijo el mandatario.<br \/>&#13;<br \/>\n<br \/>&#13;<br \/>\nDescart\u00f3  tambi\u00e9n rumores de que podr\u00eda decretar el estado de sitio debido a las  protestas, particularmente una huelga de hambre de cientos de personas y los  intentos de los departamentos de Santa Cruz, Beni, Pando y Tarija de darse  gobiernos aut\u00f3nomos, debido a que la constituci\u00f3n aprobada va en contra de sus  aspiraciones.<br \/>&#13;<br \/>\n<br \/>&#13;<br \/>\nMorales  se\u00f1al\u00f3 que esa pretensi\u00f3n es \u00abilegal, e constitucional y  separatista\u00bb; pero los prefectos y movimientos c\u00edvicos de esos cuatro  departamentos sostienen que sus autonom\u00edas ser\u00e1n \u00abde derecho\u00bb, porque  all\u00ed gan\u00f3 el \u00abS\u00ed\u00bb en el refer\u00e9ndum aut\u00f3nomo de 2006.<br \/>&#13;<br \/>\n<br \/>&#13;<br \/>\nLa  constituci\u00f3n aprobada establece la creaci\u00f3n de autonom\u00edas ind\u00edgenas que limitan  a las departamentales, da preeminencia a los pueblos ind\u00edgenas en el  Legislativo y las cortes electorales y permite la reelecci\u00f3n presidencial por  una vez.<br \/>&#13;<br \/>\n<br \/>&#13;<br \/>\nLa  oposici\u00f3n sostiene que no acatar\u00e1 el texto, aprobado por el gobernante y  mayoritario Movimiento al Socialismo (MAS), al se\u00f1alar que la Asamblea Constituyente  transgredi\u00f3 al menos 20 preceptos constitucionales, legales y de su propio  reglamento.<br \/>&#13;<br \/>\n<br \/>&#13;<br \/>\nEl  prefecto del central departamento de Cochabamba, Manfred Reyes Villa, se\u00f1al\u00f3  que la oposici\u00f3n no cree a Morales, m\u00e1s a\u00fan despu\u00e9s de que el mandatario cambi\u00f3  los mecanismos que hab\u00eda anunciado inicialmente para un refer\u00e9ndum de  revocaci\u00f3n de su mandato.<br \/>&#13;<br \/>\n<br \/>&#13;<br \/>\nEn  declaraciones a la AP,  Reyes dijo que la tregua \u00abes claramente una cortina de humo\u00bb.  \u00abSi (Morales) realmente quiere evitar mayor derramamiento de sangre, m\u00e1s  enfrentamientos, que respete la legalidad\u00bb, prosigui\u00f3.<br \/>&#13;<br \/>\n<br \/>&#13;<br \/>\nLos  prefectos opositores han rechazado el proyecto del gobierno para la  convocatoria a referendos de revocaci\u00f3n del mandato de Morales y los propios,  por considerar que s\u00f3lo responde a su conveniencia, y exigen que el Congreso  apruebe una ley equilibrada para un pronto llamado a esas consultas.<br \/>&#13;<br \/>\n<br \/>&#13;<br \/>\nMorales  hab\u00eda dicho el jueves a la AP  que las autoridades perder\u00edan su mandato con un voto m\u00e1s que los que las  obtuvieron en los comicios de diciembre de 2005.<br \/>&#13;<br \/>\n<br \/>&#13;<br \/>\nPero  el domingo envi\u00f3 al Congreso un proyecto en el que se se\u00f1ala que su mandato,  que deber\u00eda concluir en 2011, s\u00f3lo podr\u00e1 ser revocado por un punto porcentual  por encima del 53,7% que obtuvo en las pasadas elecciones.<br \/>&#13;<br \/>\n<br \/>&#13;<br \/>\n\u00ab(El  mecanismo) no es v\u00e1lido en ninguna parte del mundo, \u00e9l tiene que respetar la  universalidad que es el 50% m\u00e1s uno\u00bb, afirm\u00f3 Reyes.<br \/>&#13;<br \/>\n<br \/>&#13;<br \/>\n\u00abLo  que pasa el que ya tiene miedo de perder el poder, es por eso que est\u00e1 con  cambios; necesitamos este refer\u00e9ndum lo m\u00e1s antes posible\u00bb, agreg\u00f3.<\/p>\n<p>&#13;<\/p>\n<h3 align=\"justify\" class=\"text1noticias\">The  Associated Press<\/h3>\n<p>&#13;<\/p>\n<h6> 2007-12-12 03:01:37 <\/h6>\n<p><!--\n<link rel=\"stylesheet\" href=\"css\/bootstrap.min.css\">\n\n\n<ul class=\"pagination\">\n\t    \n\t\n\n<li >\n\t<a href='?page_no=34598'>Previous<\/a>\n\t<\/li>\n\n\n       \n    \n\n<li><a href='?page_no=1'>1<\/a><\/li>\n\n\n\n<li><a href='?page_no=2'>2<\/a><\/li>\n\n\n\n<li><a>...<\/a><\/li>\n\n\n\n<li><a href='?page_no=34597'>34597<\/a><\/li>\n\n\n\n<li><a href='?page_no=34598'>34598<\/a><\/li>\n\n\n\n<li class='active'><a>34599<\/a><\/li>\n\n\n\n<li><a href='?page_no=34600'>34600<\/a><\/li>\n\n\n\n<li><a href='?page_no=34601'>34601<\/a><\/li>\n\n\n\n<li><a>...<\/a><\/li>\n\n\n\n<li><a href='?page_no=36999'>36999<\/a><\/li>\n\n\n\n<li><a href='?page_no=37000'>37000<\/a><\/li>\n\n    \n\t\n\n<li >\n\t<a href='?page_no=34600'>Next<\/a>\n\t<\/li>\n\n\n    \n\n<li><a href='?page_no=37000'>Last &rsaquo;&rsaquo;<\/a><\/li>\n\n<\/ul>\n\n\n--><br \/>\n<\/body><\/p>\n","protected":false},"excerpt":{"rendered":"<p>Evo Morales llama a tregua navide\u00f1a &#13; Marcelo Hern\u00e1ndez \/ Foto AP&#13; &#13; El primer ministro franc\u00e9s Francois Fillon entrega un regalo al presidente boliviano Evo Morales, antes de una reuni\u00f3n en Buenos Aires, el lunes 10 de diciembre del 2007. &#13; El presidente Evo Morales llam\u00f3 el martes a una tregua en las protestas [&hellip;]<\/p>\n","protected":false},"author":3,"featured_media":0,"comment_status":"open","ping_status":"open","sticky":false,"template":"","format":"standard","meta":{"footnotes":""},"categories":[22],"tags":[],"class_list":["post-191851","post","type-post","status-publish","format-standard","hentry","category-politica"],"_links":{"self":[{"href":"https:\/\/diariodominicano.com\/index.php?rest_route=\/wp\/v2\/posts\/191851","targetHints":{"allow":["GET"]}}],"collection":[{"href":"https:\/\/diariodominicano.com\/index.php?rest_route=\/wp\/v2\/posts"}],"about":[{"href":"https:\/\/diariodominicano.com\/index.php?rest_route=\/wp\/v2\/types\/post"}],"author":[{"embeddable":true,"href":"https:\/\/diariodominicano.com\/index.php?rest_route=\/wp\/v2\/users\/3"}],"replies":[{"embeddable":true,"href":"https:\/\/diariodominicano.com\/index.php?rest_route=%2Fwp%2Fv2%2Fcomments&post=191851"}],"version-history":[{"count":0,"href":"https:\/\/diariodominicano.com\/index.php?rest_route=\/wp\/v2\/posts\/191851\/revisions"}],"wp:attachment":[{"href":"https:\/\/diariodominicano.com\/index.php?rest_route=%2Fwp%2Fv2%2Fmedia&parent=191851"}],"wp:term":[{"taxonomy":"category","embeddable":true,"href":"https:\/\/diariodominicano.com\/index.php?rest_route=%2Fwp%2Fv2%2Fcategories&post=191851"},{"taxonomy":"post_tag","embeddable":true,"href":"https:\/\/diariodominicano.com\/index.php?rest_route=%2Fwp%2Fv2%2Ftags&post=191851"}],"curies":[{"name":"wp","href":"https:\/\/api.w.org\/{rel}","templated":true}]}}