{"id":191850,"date":"2007-12-12T03:08:15","date_gmt":"2007-12-12T03:08:15","guid":{"rendered":"http:\/\/diariodominicano.ddns.net\/?p=191850"},"modified":"2007-12-12T03:08:15","modified_gmt":"2007-12-12T03:08:15","slug":"hija-de-fujimori-habla-de-persecucion-judicial-contra-su-padre","status":"publish","type":"post","link":"https:\/\/diariodominicano.com\/?p=191850","title":{"rendered":"Hija de Fujimori habla de \u00abpersecuci\u00f3n judicial\u00bb contra su padre"},"content":{"rendered":"<p><body><\/p>\n<h1 class=\"titulogrande1\">Hija de Fujimori habla de \u00abpersecuci\u00f3n judicial\u00bb contra su padre <\/h1>\n<p>&#13;<\/p>\n<p align=\"justify\" class=\"text1noticias\"><strong><img loading=\"lazy\" decoding=\"async\" src=\"http:\/\/localhost:8080\/pictures\/keiko fujimori.jpg\" width=\"269\" height=\"406\" hspace=\"4\" align=\"left\" \/>LIMA.-<\/strong> La congresista peruana Keiko Fujimori denunci\u00f3 una  supuesta \u00abpersecuci\u00f3n judicial\u00bb contra su padre, el ex presidente  Alberto Fujimori, despu\u00e9s de que fuera sentenciado hoy a seis a\u00f1os de c\u00e1rcel en  un fallo de primera instancia por un allanamiento ilegal perpetrado en 2000.<br \/>&#13;<br \/>\n  <br \/>&#13;<br \/>\n\u00abSi esto es lo que ocurre hoy, que podemos esperar de los otros  casos\u00bb, afirm\u00f3 Keiko Fujimori, en referencia a los dem\u00e1s procesos que  afronta el ex mandatario y por los que est\u00e1 expuesto a penas de hasta 30 a\u00f1os  de c\u00e1rcel.<br \/>&#13;<br \/>\n<br \/>&#13;<br \/>\nLa congresista, que se declar\u00f3 \u00abmuy molesta\u00bb con el fallo, afirm\u00f3  que su padre debi\u00f3 recibir m\u00e1ximo cuatro a\u00f1os de prisi\u00f3n, los que, seg\u00fan las  leyes peruanas, podr\u00eda cumplir bajo libertad restringida.<br \/>&#13;<br \/>\n<br \/>&#13;<br \/>\nPor su parte, el abogado de Fujimori, C\u00e9sar Nakazaki, indic\u00f3 que la  apelaci\u00f3n parcial anunciada por su despacho quiere decir que se acepta la  culpabilidad pero no la pena impuesta.<br \/>&#13;<br \/>\n<br \/>&#13;<br \/>\nEl juez del caso, Pedro Guillermo Urbina, encontr\u00f3 a Fujimori culpable de  inducir a la usurpaci\u00f3n de funciones en perjuicio del Estado, por lo que adem\u00e1s  de obligarlo a permanecer en la c\u00e1rcel hasta el 21 de septiembre de 2013 le  orden\u00f3 el pago de una reparaci\u00f3n civil de 400.000 soles (unos 130.000 d\u00f3lares).<br \/>&#13;<br \/>\n<br \/>&#13;<br \/>\nEl proceso determin\u00f3 que Fujimori orden\u00f3 la operaci\u00f3n il\u00edcita, para la cual  recurri\u00f3 a un falso fiscal, con el fin de apoderarse de materiales que pod\u00edan  haber estado en manos de Montesinos y que hubieran sido perjudiciales para \u00e9l  en los dem\u00e1s casos. DPA<\/p>\n<p>&#13;<\/p>\n<h6> 2007-12-12 03:08:15 <\/h6>\n<p><!--\n<link rel=\"stylesheet\" href=\"css\/bootstrap.min.css\">\n\n\n<ul class=\"pagination\">\n\t    \n\t\n\n<li >\n\t<a href='?page_no=34597'>Previous<\/a>\n\t<\/li>\n\n\n       \n    \n\n<li><a href='?page_no=1'>1<\/a><\/li>\n\n\n\n<li><a href='?page_no=2'>2<\/a><\/li>\n\n\n\n<li><a>...<\/a><\/li>\n\n\n\n<li><a href='?page_no=34596'>34596<\/a><\/li>\n\n\n\n<li><a href='?page_no=34597'>34597<\/a><\/li>\n\n\n\n<li class='active'><a>34598<\/a><\/li>\n\n\n\n<li><a href='?page_no=34599'>34599<\/a><\/li>\n\n\n\n<li><a href='?page_no=34600'>34600<\/a><\/li>\n\n\n\n<li><a>...<\/a><\/li>\n\n\n\n<li><a href='?page_no=36999'>36999<\/a><\/li>\n\n\n\n<li><a href='?page_no=37000'>37000<\/a><\/li>\n\n    \n\t\n\n<li >\n\t<a href='?page_no=34599'>Next<\/a>\n\t<\/li>\n\n\n    \n\n<li><a href='?page_no=37000'>Last &rsaquo;&rsaquo;<\/a><\/li>\n\n<\/ul>\n\n\n--><br \/>\n<\/body><\/p>\n","protected":false},"excerpt":{"rendered":"<p>Hija de Fujimori habla de \u00abpersecuci\u00f3n judicial\u00bb contra su padre &#13; LIMA.- La congresista peruana Keiko Fujimori denunci\u00f3 una supuesta \u00abpersecuci\u00f3n judicial\u00bb contra su padre, el ex presidente Alberto Fujimori, despu\u00e9s de que fuera sentenciado hoy a seis a\u00f1os de c\u00e1rcel en un fallo de primera instancia por un allanamiento ilegal perpetrado en 2000.&#13; &#13; [&hellip;]<\/p>\n","protected":false},"author":3,"featured_media":0,"comment_status":"open","ping_status":"open","sticky":false,"template":"","format":"standard","meta":{"footnotes":""},"categories":[22],"tags":[],"class_list":["post-191850","post","type-post","status-publish","format-standard","hentry","category-politica"],"_links":{"self":[{"href":"https:\/\/diariodominicano.com\/index.php?rest_route=\/wp\/v2\/posts\/191850","targetHints":{"allow":["GET"]}}],"collection":[{"href":"https:\/\/diariodominicano.com\/index.php?rest_route=\/wp\/v2\/posts"}],"about":[{"href":"https:\/\/diariodominicano.com\/index.php?rest_route=\/wp\/v2\/types\/post"}],"author":[{"embeddable":true,"href":"https:\/\/diariodominicano.com\/index.php?rest_route=\/wp\/v2\/users\/3"}],"replies":[{"embeddable":true,"href":"https:\/\/diariodominicano.com\/index.php?rest_route=%2Fwp%2Fv2%2Fcomments&post=191850"}],"version-history":[{"count":0,"href":"https:\/\/diariodominicano.com\/index.php?rest_route=\/wp\/v2\/posts\/191850\/revisions"}],"wp:attachment":[{"href":"https:\/\/diariodominicano.com\/index.php?rest_route=%2Fwp%2Fv2%2Fmedia&parent=191850"}],"wp:term":[{"taxonomy":"category","embeddable":true,"href":"https:\/\/diariodominicano.com\/index.php?rest_route=%2Fwp%2Fv2%2Fcategories&post=191850"},{"taxonomy":"post_tag","embeddable":true,"href":"https:\/\/diariodominicano.com\/index.php?rest_route=%2Fwp%2Fv2%2Ftags&post=191850"}],"curies":[{"name":"wp","href":"https:\/\/api.w.org\/{rel}","templated":true}]}}