{"id":191848,"date":"2007-12-12T20:22:37","date_gmt":"2007-12-12T20:22:37","guid":{"rendered":"http:\/\/diariodominicano.ddns.net\/?p=191848"},"modified":"2007-12-12T20:22:37","modified_gmt":"2007-12-12T20:22:37","slug":"derechos-humanos-reconoce-hoy-al-sindico-san-cristobal-periodista-jose-montas","status":"publish","type":"post","link":"https:\/\/diariodominicano.com\/?p=191848","title":{"rendered":"Derechos Humanos reconoce hoy al s\u00edndico San Cristobal periodista Jos\u00e9 Mont\u00e1s"},"content":{"rendered":"<p><body><\/p>\n<p align=\"justify\" class=\"titulogrande1\">Derechos Humanos reconoce hoy jueves al s\u00edndico   San Crist\u00f3bal periodista Jos\u00e9 Mont\u00e1s<\/p>\n<p>&#13;<\/p>\n<p align=\"justify\" class=\"text1noticias\"><strong><img loading=\"lazy\" decoding=\"async\" src=\"http:\/\/localhost:8080\/pictures\/jose montas.jpg\" width=\"269\" height=\"207\" hspace=\"4\" align=\"left\" \/>SANTO DOMINGO.- <\/strong>La Comisi\u00f3n Nacional  de los Derechos Humanos (CNH) entregar\u00e1 hoy jueves el premio \u201cSupremo Laurel de  Oro Dignidad y Trabajo, Grado Fray Ant\u00f3n de Montesinos\u201d al alcalde de San  Crist\u00f3bal, periodista Jos\u00e9 Mont\u00e1s, inform\u00f3 el jurista Domingo Porfirio Rojas  Nina.<\/p>\n<p>&#13;<\/p>\n<p align=\"justify\" class=\"text1noticias\">El Alto Comisionado para los Derechos Humanos dijo que el  galard\u00f3n al alcalde del municipio de San Crist\u00f3bal ser\u00e1 durante un acto a  celebrarse a partir de las 04:3\u00ba de la tarde en los salones de la Sala Capitular.<\/p>\n<p>&#13;<\/p>\n<p align=\"justify\" class=\"text1noticias\">\u201cHemos decidido otorgar este galard\u00f3n al periodista Jos\u00e9  Mont\u00e1s por la gran labor realizada desde la Sindicatura a favor  del municipio benem\u00e9rito de San Crist\u00f3bal\u201d, manifest\u00f3 Rojas Nina, quien es  adem\u00e1s secretario de Estado y asesor del Poder Ejecutivo en materia de Derechos  Humanos.\u00a0<\/p>\n<p>&#13;<\/p>\n<p align=\"justify\" class=\"text1noticias\">Desde la llegada al ayuntamiento el periodista Mont\u00e1s ha  realizado todos los esfuerzos necesario para devolver al municipio la  solemnidad.<\/p>\n<p>&#13;<\/p>\n<p align=\"justify\" class=\"text1noticias\">La CNDH  celebra varias actividades desde el lunes con motivo de la semana aniversaria  por los 59 a\u00f1os de conmemoraci\u00f3n de la Declaraci\u00f3n Universal  de los Derechos Humanos.<\/p>\n<p>&#13;<\/p>\n<p align=\"justify\" class=\"text1noticias\">Entre los reconocimientos realizados est\u00e1 el hecho a la  capitana del Ej\u00e9rcito Nacional y encargada de la divisi\u00f3n de la Direcci\u00f3n Nacional  de Control de Drogas (DNCD) en San Francisco de Macor\u00eds, Raysa de la Cruz.<\/p>\n<p>&#13;<\/p>\n<p align=\"justify\" class=\"text1noticias\">La declaraci\u00f3n fue aprobada el 10 de diciembre del 1948.<\/p>\n<p>&#13;<\/p>\n<h6> 2007-12-12 20:22:37 <\/h6>\n<p><!--\n<link rel=\"stylesheet\" href=\"css\/bootstrap.min.css\">\n\n\n<ul class=\"pagination\">\n\t    \n\t\n\n<li >\n\t<a href='?page_no=34595'>Previous<\/a>\n\t<\/li>\n\n\n       \n    \n\n<li><a href='?page_no=1'>1<\/a><\/li>\n\n\n\n<li><a href='?page_no=2'>2<\/a><\/li>\n\n\n\n<li><a>...<\/a><\/li>\n\n\n\n<li><a href='?page_no=34594'>34594<\/a><\/li>\n\n\n\n<li><a href='?page_no=34595'>34595<\/a><\/li>\n\n\n\n<li class='active'><a>34596<\/a><\/li>\n\n\n\n<li><a href='?page_no=34597'>34597<\/a><\/li>\n\n\n\n<li><a href='?page_no=34598'>34598<\/a><\/li>\n\n\n\n<li><a>...<\/a><\/li>\n\n\n\n<li><a href='?page_no=36999'>36999<\/a><\/li>\n\n\n\n<li><a href='?page_no=37000'>37000<\/a><\/li>\n\n    \n\t\n\n<li >\n\t<a href='?page_no=34597'>Next<\/a>\n\t<\/li>\n\n\n    \n\n<li><a href='?page_no=37000'>Last &rsaquo;&rsaquo;<\/a><\/li>\n\n<\/ul>\n\n\n--><br \/>\n<\/body><\/p>\n","protected":false},"excerpt":{"rendered":"<p>Derechos Humanos reconoce hoy jueves al s\u00edndico San Crist\u00f3bal periodista Jos\u00e9 Mont\u00e1s &#13; SANTO DOMINGO.- La Comisi\u00f3n Nacional de los Derechos Humanos (CNH) entregar\u00e1 hoy jueves el premio \u201cSupremo Laurel de Oro Dignidad y Trabajo, Grado Fray Ant\u00f3n de Montesinos\u201d al alcalde de San Crist\u00f3bal, periodista Jos\u00e9 Mont\u00e1s, inform\u00f3 el jurista Domingo Porfirio Rojas Nina. [&hellip;]<\/p>\n","protected":false},"author":3,"featured_media":0,"comment_status":"open","ping_status":"open","sticky":false,"template":"","format":"standard","meta":{"footnotes":""},"categories":[22],"tags":[],"class_list":["post-191848","post","type-post","status-publish","format-standard","hentry","category-politica"],"_links":{"self":[{"href":"https:\/\/diariodominicano.com\/index.php?rest_route=\/wp\/v2\/posts\/191848","targetHints":{"allow":["GET"]}}],"collection":[{"href":"https:\/\/diariodominicano.com\/index.php?rest_route=\/wp\/v2\/posts"}],"about":[{"href":"https:\/\/diariodominicano.com\/index.php?rest_route=\/wp\/v2\/types\/post"}],"author":[{"embeddable":true,"href":"https:\/\/diariodominicano.com\/index.php?rest_route=\/wp\/v2\/users\/3"}],"replies":[{"embeddable":true,"href":"https:\/\/diariodominicano.com\/index.php?rest_route=%2Fwp%2Fv2%2Fcomments&post=191848"}],"version-history":[{"count":0,"href":"https:\/\/diariodominicano.com\/index.php?rest_route=\/wp\/v2\/posts\/191848\/revisions"}],"wp:attachment":[{"href":"https:\/\/diariodominicano.com\/index.php?rest_route=%2Fwp%2Fv2%2Fmedia&parent=191848"}],"wp:term":[{"taxonomy":"category","embeddable":true,"href":"https:\/\/diariodominicano.com\/index.php?rest_route=%2Fwp%2Fv2%2Fcategories&post=191848"},{"taxonomy":"post_tag","embeddable":true,"href":"https:\/\/diariodominicano.com\/index.php?rest_route=%2Fwp%2Fv2%2Ftags&post=191848"}],"curies":[{"name":"wp","href":"https:\/\/api.w.org\/{rel}","templated":true}]}}