{"id":191847,"date":"2007-12-12T20:45:20","date_gmt":"2007-12-12T20:45:20","guid":{"rendered":"http:\/\/diariodominicano.ddns.net\/?p=191847"},"modified":"2007-12-12T20:45:20","modified_gmt":"2007-12-12T20:45:20","slug":"dirigencia-miuca-visita-reinaldo-pared","status":"publish","type":"post","link":"https:\/\/diariodominicano.com\/?p=191847","title":{"rendered":"Dirigencia Miuca visita Reinaldo Pared"},"content":{"rendered":"<p><body><\/p>\n<p class=\"titulogrande1\">Dirigencia Miuca visita Reinaldo Pared<\/p>\n<p>&#13;<\/p>\n<p align=\"justify\" class=\"text1noticias\">      <strong><img loading=\"lazy\" decoding=\"async\" src=\"http:\/\/localhost:8080\/pictures\/dirigencia miuca.jpg\" width=\"269\" height=\"194\" hspace=\"4\" align=\"left\" \/>SANTO DOMINGO.-<\/strong> Las c\u00fapulas del Movimiento Independencia Unidad y  Cambio (MIUCA) y el Partido Comunista del Trabajo (PCT) se reunieron  con Reinaldo Pared P\u00e9rez para ponerse a disposici\u00f3n del Senado y el  Gobierno en las labores de reconstruir el pa\u00eds, tras el paso de las  tormentas Noel y Olga.<br \/>&#13;<br \/>\n  <br \/>  &#13;<br \/>\n  En el despacho de la Presidencia del Senado, Pared P\u00e9rez convers\u00f3  sobre otros temas de inter\u00e9s nacionales con los dirigentes de  izquierda.    Juan Dionisio Rodr\u00edguez, secretario general del MIUCA, estuvo  acompa\u00f1ado de Manuel Salazar, secretario general del Partido Comunista  del Trabajo (PCT), y Virtudes Alvarez.    Dijo que el MIUCA puso a disposici\u00f3n los miembros y dirigentes de esa  organizaci\u00f3n de izquierda, a los fines de contribuir en las labores de  asistencia que realizan las autoridades, sobre todo las zonas Bajo  Yuna, Santiago, Saman\u00e1 y la Provincia Duarte.    Agreg\u00f3 que a las labores de socorro de las familias afectadas por la  tormenta Olga tambi\u00e9n se ha sumado la militancia del PCT.    <br \/>&#13;<br \/>\n<br \/>&#13;<br \/>\n\u00abQueremos decirle al Gobierno dominicano y al Senado, como principal  \u00f3rgano legislativo, que estamos en disposici\u00f3n de contribuir a  mejor  las condiciones de vida de la poblaci\u00f3n que pasa en este momento por  una situaci\u00f3n dif\u00edcil\u00bb, asegur\u00f3.    El presidente del Senado valor\u00f3 la colaboraci\u00f3n de los dirigentes de  izquierda y sostuvo que \u00abla naci\u00f3n dominicana agradece estos gestos de  humanidad de los dirigentes pol\u00edticos\u00bb.      <br \/>&#13;<br \/>\n<br \/>&#13;<br \/>\nMi\u00e9rcoles, 12 de diciembre de 2007.<\/p>\n<p>&#13;<\/p>\n<p>\u00a0<\/p>\n<p>&#13;<\/p>\n<h6> 2007-12-12 20:45:20 <\/h6>\n<p><!--\n<link rel=\"stylesheet\" href=\"css\/bootstrap.min.css\">\n\n\n<ul class=\"pagination\">\n\t    \n\t\n\n<li >\n\t<a href='?page_no=34594'>Previous<\/a>\n\t<\/li>\n\n\n       \n    \n\n<li><a href='?page_no=1'>1<\/a><\/li>\n\n\n\n<li><a href='?page_no=2'>2<\/a><\/li>\n\n\n\n<li><a>...<\/a><\/li>\n\n\n\n<li><a href='?page_no=34593'>34593<\/a><\/li>\n\n\n\n<li><a href='?page_no=34594'>34594<\/a><\/li>\n\n\n\n<li class='active'><a>34595<\/a><\/li>\n\n\n\n<li><a href='?page_no=34596'>34596<\/a><\/li>\n\n\n\n<li><a href='?page_no=34597'>34597<\/a><\/li>\n\n\n\n<li><a>...<\/a><\/li>\n\n\n\n<li><a href='?page_no=36999'>36999<\/a><\/li>\n\n\n\n<li><a href='?page_no=37000'>37000<\/a><\/li>\n\n    \n\t\n\n<li >\n\t<a href='?page_no=34596'>Next<\/a>\n\t<\/li>\n\n\n    \n\n<li><a href='?page_no=37000'>Last &rsaquo;&rsaquo;<\/a><\/li>\n\n<\/ul>\n\n\n--><br \/>\n<\/body><\/p>\n","protected":false},"excerpt":{"rendered":"<p>Dirigencia Miuca visita Reinaldo Pared &#13; SANTO DOMINGO.- Las c\u00fapulas del Movimiento Independencia Unidad y Cambio (MIUCA) y el Partido Comunista del Trabajo (PCT) se reunieron con Reinaldo Pared P\u00e9rez para ponerse a disposici\u00f3n del Senado y el Gobierno en las labores de reconstruir el pa\u00eds, tras el paso de las tormentas Noel y Olga.&#13; [&hellip;]<\/p>\n","protected":false},"author":3,"featured_media":0,"comment_status":"open","ping_status":"open","sticky":false,"template":"","format":"standard","meta":{"footnotes":""},"categories":[22],"tags":[],"class_list":["post-191847","post","type-post","status-publish","format-standard","hentry","category-politica"],"_links":{"self":[{"href":"https:\/\/diariodominicano.com\/index.php?rest_route=\/wp\/v2\/posts\/191847","targetHints":{"allow":["GET"]}}],"collection":[{"href":"https:\/\/diariodominicano.com\/index.php?rest_route=\/wp\/v2\/posts"}],"about":[{"href":"https:\/\/diariodominicano.com\/index.php?rest_route=\/wp\/v2\/types\/post"}],"author":[{"embeddable":true,"href":"https:\/\/diariodominicano.com\/index.php?rest_route=\/wp\/v2\/users\/3"}],"replies":[{"embeddable":true,"href":"https:\/\/diariodominicano.com\/index.php?rest_route=%2Fwp%2Fv2%2Fcomments&post=191847"}],"version-history":[{"count":0,"href":"https:\/\/diariodominicano.com\/index.php?rest_route=\/wp\/v2\/posts\/191847\/revisions"}],"wp:attachment":[{"href":"https:\/\/diariodominicano.com\/index.php?rest_route=%2Fwp%2Fv2%2Fmedia&parent=191847"}],"wp:term":[{"taxonomy":"category","embeddable":true,"href":"https:\/\/diariodominicano.com\/index.php?rest_route=%2Fwp%2Fv2%2Fcategories&post=191847"},{"taxonomy":"post_tag","embeddable":true,"href":"https:\/\/diariodominicano.com\/index.php?rest_route=%2Fwp%2Fv2%2Ftags&post=191847"}],"curies":[{"name":"wp","href":"https:\/\/api.w.org\/{rel}","templated":true}]}}