{"id":191846,"date":"2007-12-12T23:32:42","date_gmt":"2007-12-12T23:32:42","guid":{"rendered":"http:\/\/diariodominicano.ddns.net\/?p=191846"},"modified":"2007-12-12T23:32:42","modified_gmt":"2007-12-12T23:32:42","slug":"fuerza-nacional-progresista-abre-local-en-barahona","status":"publish","type":"post","link":"https:\/\/diariodominicano.com\/?p=191846","title":{"rendered":"Fuerza Nacional Progresista abre local en Barahona"},"content":{"rendered":"<p><body><\/p>\n<p><span class=\"titulogrande1\"><strong>Fuerza  Nacional Progresista<\/strong> <strong>abre  local en Barahona<\/strong><\/span> <\/p>\n<p>&#13;<\/p>\n<p align=\"justify\"><span class=\"text1noticias\"><strong><img loading=\"lazy\" decoding=\"async\" src=\"http:\/\/localhost:8080\/pictures\/fnp.jpg\" width=\"269\" height=\"412\" hspace=\"4\" align=\"left\" \/>Santo Domingo.- <\/strong>El  partido Fuerza Nacional Progresista (FNP), que lidera el doctor Marino Vinicio  Castillo (Vincho), inaugur\u00f3 su local principal de Barahona, en un acto donde se  dieron cita dirigentes de esa organizaci\u00f3n pol\u00edtica.<\/span><\/p>\n<p>&#13;<\/p>\n<p align=\"justify\" class=\"text1noticias\"> La apertura de la  sede ubicada en la calle Apolinar Perdomo esquina Maria Montes de esta ciudad,  estuvo encabezada por su secretario de organizaci\u00f3n, el diputado Pelegrin  Castillo, y el coordinador de la regi\u00f3n Suroeste, Radham\u00e9s Batista.<\/p>\n<p>&#13;<\/p>\n<p align=\"justify\" class=\"text1noticias\"> Participaci\u00f3n,  asimismo, el catedr\u00e1tico universitario David Olivero Feliz; el ingeniero George  Luis Olma Cede\u00f1o y Jos\u00e9 Matos, principales dirigentes de la FNP en Barahona.<\/p>\n<p>&#13;<\/p>\n<p align=\"justify\" class=\"text1noticias\"> Las actividades  comprendieron, adem\u00e1s, un encuentro-charla realizada en el Restaurante El  Laurel, de Barahona, donde participaron miembros de la FNP de los once municipios de  esa localidad, as\u00ed como integrantes del comit\u00e9 provincial del Partido de la Liberaci\u00f3n Dominicana  (PLD), con el que mantiene una alianza electoral.<\/p>\n<p>&#13;<\/p>\n<p align=\"justify\" class=\"text1noticias\">&#13;<br \/>\nCastillo destac\u00f3 la  importancia estrat\u00e9gica que representa este nuevo local para la FNP, en una de las principales  ciudad del Suroeste y municipio cabecera de esta demarcaci\u00f3n. <\/p>\n<p>&#13;<\/p>\n<p align=\"justify\" class=\"text1noticias\"> Con\u00a0 este acto, el partido de Vincho Castillo  inici\u00f3 en la regi\u00f3n suroeste los trabajos pol\u00edticos con miras a las elecciones  del 2008, en las cuales se espera lograr la reelecci\u00f3n del doctor Leonel  Fern\u00e1ndez.<\/p>\n<p>&#13;<\/p>\n<h6> 2007-12-12 23:32:42 <\/h6>\n<p><!--\n<link rel=\"stylesheet\" href=\"css\/bootstrap.min.css\">\n\n\n<ul class=\"pagination\">\n\t    \n\t\n\n<li >\n\t<a href='?page_no=34593'>Previous<\/a>\n\t<\/li>\n\n\n       \n    \n\n<li><a href='?page_no=1'>1<\/a><\/li>\n\n\n\n<li><a href='?page_no=2'>2<\/a><\/li>\n\n\n\n<li><a>...<\/a><\/li>\n\n\n\n<li><a href='?page_no=34592'>34592<\/a><\/li>\n\n\n\n<li><a href='?page_no=34593'>34593<\/a><\/li>\n\n\n\n<li class='active'><a>34594<\/a><\/li>\n\n\n\n<li><a href='?page_no=34595'>34595<\/a><\/li>\n\n\n\n<li><a href='?page_no=34596'>34596<\/a><\/li>\n\n\n\n<li><a>...<\/a><\/li>\n\n\n\n<li><a href='?page_no=36999'>36999<\/a><\/li>\n\n\n\n<li><a href='?page_no=37000'>37000<\/a><\/li>\n\n    \n\t\n\n<li >\n\t<a href='?page_no=34595'>Next<\/a>\n\t<\/li>\n\n\n    \n\n<li><a href='?page_no=37000'>Last &rsaquo;&rsaquo;<\/a><\/li>\n\n<\/ul>\n\n\n--><br \/>\n<\/body><\/p>\n","protected":false},"excerpt":{"rendered":"<p>Fuerza Nacional Progresista abre local en Barahona &#13; Santo Domingo.- El partido Fuerza Nacional Progresista (FNP), que lidera el doctor Marino Vinicio Castillo (Vincho), inaugur\u00f3 su local principal de Barahona, en un acto donde se dieron cita dirigentes de esa organizaci\u00f3n pol\u00edtica. &#13; La apertura de la sede ubicada en la calle Apolinar Perdomo esquina [&hellip;]<\/p>\n","protected":false},"author":3,"featured_media":0,"comment_status":"open","ping_status":"open","sticky":false,"template":"","format":"standard","meta":{"footnotes":""},"categories":[22],"tags":[],"class_list":["post-191846","post","type-post","status-publish","format-standard","hentry","category-politica"],"_links":{"self":[{"href":"https:\/\/diariodominicano.com\/index.php?rest_route=\/wp\/v2\/posts\/191846","targetHints":{"allow":["GET"]}}],"collection":[{"href":"https:\/\/diariodominicano.com\/index.php?rest_route=\/wp\/v2\/posts"}],"about":[{"href":"https:\/\/diariodominicano.com\/index.php?rest_route=\/wp\/v2\/types\/post"}],"author":[{"embeddable":true,"href":"https:\/\/diariodominicano.com\/index.php?rest_route=\/wp\/v2\/users\/3"}],"replies":[{"embeddable":true,"href":"https:\/\/diariodominicano.com\/index.php?rest_route=%2Fwp%2Fv2%2Fcomments&post=191846"}],"version-history":[{"count":0,"href":"https:\/\/diariodominicano.com\/index.php?rest_route=\/wp\/v2\/posts\/191846\/revisions"}],"wp:attachment":[{"href":"https:\/\/diariodominicano.com\/index.php?rest_route=%2Fwp%2Fv2%2Fmedia&parent=191846"}],"wp:term":[{"taxonomy":"category","embeddable":true,"href":"https:\/\/diariodominicano.com\/index.php?rest_route=%2Fwp%2Fv2%2Fcategories&post=191846"},{"taxonomy":"post_tag","embeddable":true,"href":"https:\/\/diariodominicano.com\/index.php?rest_route=%2Fwp%2Fv2%2Ftags&post=191846"}],"curies":[{"name":"wp","href":"https:\/\/api.w.org\/{rel}","templated":true}]}}