{"id":191845,"date":"2007-12-13T01:02:47","date_gmt":"2007-12-13T01:02:47","guid":{"rendered":"http:\/\/diariodominicano.ddns.net\/?p=191845"},"modified":"2007-12-13T01:02:47","modified_gmt":"2007-12-13T01:02:47","slug":"amable-responsabiliza-a-leonel-de-muertes-y-danos-por-desague-irresponsable-de-la-presa-de-taveras","status":"publish","type":"post","link":"https:\/\/diariodominicano.com\/?p=191845","title":{"rendered":"Amable responsabiliza a Leonel de muertes y da\u00f1os por desag\u00fce \u201cirresponsable\u201d de la presa de Taveras"},"content":{"rendered":"<p><body><\/p>\n<p><strong><u>PARTIDO  REFORMISTA SOCIAL CRISTIANOI (PRSC)<\/u><\/strong><\/p>\n<p>&#13;<\/p>\n<p align=\"justify\" class=\"titulogrande1\">Amable responsabiliza  a Leonel de muertes y da\u00f1os Por desag\u00fce  \u201cirresponsable\u201d de la presa de Taveras<\/p>\n<p>&#13;<\/p>\n<p><strong>ARISTY CASTRO  RESCATO A 14 AGRICULTORES EN MAO<\/strong><\/p>\n<p>&#13;<\/p>\n<p align=\"justify\" class=\"text1noticias\"><img loading=\"lazy\" decoding=\"async\" src=\"http:\/\/localhost:8080\/pictures\/amable en pleno rescate.jpg\" width=\"269\" height=\"360\" hspace=\"4\" align=\"left\" \/>El candidato  presidencial del Partido Reformista Social Cristiano (PRSC), Amable Aristy  Castro, responsabiliz\u00f3 al gobierno del presidente Leonel Fern\u00e1ndez de las  muertes y da\u00f1os materiales que pueda provocar la \u201cirresponsable decisi\u00f3n\u201d de  desaguar la presa de Taveras sin advertir a las comunidades que serian afectadas  con la medida.<\/p>\n<p>&#13;<\/p>\n<p align=\"justify\" class=\"text1noticias\">Dijo que las  inundaciones que se produjeron en Santiago, Mao, Montecristi y obras  comunidades fueron consecuencia de la \u201cmala operaci\u00f3n\u201d de la presa de Taveras.<\/p>\n<p>&#13;<\/p>\n<p align=\"justify\" class=\"text1noticias\"> Explic\u00f3 que el  embase fue abierto en horas de la madrugada por funcionarios que no tienen ning\u00fan  tipo de experiencia para estos casos, dejando salir 5 mil 300 metros c\u00fabicos  por segundo, cuando lo correcto era 500 metros c\u00fabicos  por segundo\u201d.<\/p>\n<p>&#13;<\/p>\n<p align=\"justify\" class=\"text1noticias\">\u201cEste error  infantil cometido por los funcionarios del gobierno fue lo que provoc\u00f3 que las  aguas devastaran gran parte de Santiago y el Bajo Yaque\u201d.<br \/>&#13;<br \/>\n  \u00a0<br \/>&#13;<br \/>\n\u201cEs imperdonable  que los responsables de administrar las presas sean ingenieros qu\u00edmicos, o sea  expertos en hacer champ\u00fa, jab\u00f3n \u00a0y otros  productos qu\u00edmicos, pero no saben nada de c\u00f3mo se manejan\u00a0 los cuerpos de agua y los embases\u201d, agreg\u00f3.<\/p>\n<p>&#13;<\/p>\n<p align=\"justify\" class=\"text1noticias\">Aristy Castro se  traslad\u00f3 a esa regi\u00f3n desde tempranas horas del d\u00eda de ayer, desafiando la  inclemencia del tiempo, a socorrer a los damnificados\u00a0 de la tormenta tropical Olga en Santiago y el  denominado Bajo Yaque del Norte.<\/p>\n<p>&#13;<\/p>\n<p align=\"justify\" class=\"text1noticias\">Se moviliz\u00f3 con  dos helic\u00f3pteros para sobrevolar la zona y percatarse de los da\u00f1os que provoc\u00f3  la tormenta y pudo rescatar a catorce trabajadores agr\u00edcolas que se encontraban  en los techos de viviendas y \u00e1rboles, en una comunidad rural de Mao.<\/p>\n<p>&#13;<\/p>\n<p align=\"justify\" class=\"text1noticias\">Las dos  aeronaves trasladaron a los campesinos a tierra firme en la comunidad de La Colonia, en Mao, donde los  moradores recibieron al candidato presidencial como un heroe por haber salvado  la vida al grupo de trabajadores de esa comunidad.<\/p>\n<p>&#13;<\/p>\n<p align=\"justify\" class=\"text1noticias\">El aspirante a la Presidencia de la Rep\u00fablica dijo que el presidente  Fern\u00e1ndez y sus funcionarios no atendieron las recomendaciones hechas por los t\u00e9cnicos  del PRSC \u201cde desaguar la presa a una velocidad de 500 metros c\u00fabicos  por segundo\u201d.<\/p>\n<p>&#13;<\/p>\n<p align=\"justify\" class=\"text1noticias\">\u201cY operar  adecuadamente\u201d, agreg\u00f3, \u201clas presas de Sabana Yegua y Hatillo\u201d.<\/p>\n<p>&#13;<\/p>\n<p align=\"justify\" class=\"text1noticias\">Aristy Castro  viaj\u00f3 a Santiago acompa\u00f1ado de t\u00e9cnicos reformistas, entre ellos Osiris de  Le\u00f3n, quien hizo una serie de explicaciones de c\u00f3mo debi\u00f3 manejarse el rebase  de la presa de Tavera para evitar las inundaciones que provocaron grandes da\u00f1os  a la agricultura, infraestructuras y miles de viviendas.<\/p>\n<p>&#13;<\/p>\n<p align=\"justify\" class=\"text1noticias\">Aristy Castro  aterrizo en la comunidad de Casta\u00f1uelas\u00a0  para alertar a los moradores de all\u00ed que desalojaran sus hogares ante el  inminente paso de la crecida de por el mismo centro del peque\u00f1o poblado.<\/p>\n<p>&#13;<\/p>\n<p align=\"justify\" class=\"text1noticias\">Dijo que esta  tormenta no debi\u00f3 llevar el nombre de mujer, sino de Leonel \u201cporque es fruto de  la improvisi\u00f3n, improvisaci\u00f3n e indolencia de un presidente\u00a0 desalmado que no se conduele de la gente\u201d.<\/p>\n<p>&#13;<\/p>\n<p align=\"justify\" class=\"text1noticias\">Instruy\u00f3 a la  dirigencia reformista en todos los municipios, en especial a los legisladores,  s\u00edndicos, vices\u00edndicos y regidores de la agrupaci\u00f3n, a integrarse a las labores  de asistencia y socorros a los damnificados.<\/p>\n<p>&#13;<\/p>\n<p><strong><u>SALA DE PRENSA <\/u><\/strong><\/p>\n<p>&#13;<\/p>\n<p><strong>ROBERTO BRITO<\/strong><br \/>&#13;<br \/>\n  <span class=\"text1noticias\">Director de Prensa  y Sub-secretario de Comunicaci\u00f3n<br \/>&#13;<br \/>\n  del Partido  Reformista Social Cristiano (PRSC)<\/span><\/p>\n<p>&#13;<\/p>\n<h6> 2007-12-13 01:02:47 <\/h6>\n<p><!--\n<link rel=\"stylesheet\" href=\"css\/bootstrap.min.css\">\n\n\n<ul class=\"pagination\">\n\t    \n\t\n\n<li >\n\t<a href='?page_no=34592'>Previous<\/a>\n\t<\/li>\n\n\n       \n    \n\n<li><a href='?page_no=1'>1<\/a><\/li>\n\n\n\n<li><a href='?page_no=2'>2<\/a><\/li>\n\n\n\n<li><a>...<\/a><\/li>\n\n\n\n<li><a href='?page_no=34591'>34591<\/a><\/li>\n\n\n\n<li><a href='?page_no=34592'>34592<\/a><\/li>\n\n\n\n<li class='active'><a>34593<\/a><\/li>\n\n\n\n<li><a href='?page_no=34594'>34594<\/a><\/li>\n\n\n\n<li><a href='?page_no=34595'>34595<\/a><\/li>\n\n\n\n<li><a>...<\/a><\/li>\n\n\n\n<li><a href='?page_no=36999'>36999<\/a><\/li>\n\n\n\n<li><a href='?page_no=37000'>37000<\/a><\/li>\n\n    \n\t\n\n<li >\n\t<a href='?page_no=34594'>Next<\/a>\n\t<\/li>\n\n\n    \n\n<li><a href='?page_no=37000'>Last &rsaquo;&rsaquo;<\/a><\/li>\n\n<\/ul>\n\n\n--><br \/>\n<\/body><\/p>\n","protected":false},"excerpt":{"rendered":"<p>PARTIDO REFORMISTA SOCIAL CRISTIANOI (PRSC) &#13; Amable responsabiliza a Leonel de muertes y da\u00f1os Por desag\u00fce \u201cirresponsable\u201d de la presa de Taveras &#13; ARISTY CASTRO RESCATO A 14 AGRICULTORES EN MAO &#13; El candidato presidencial del Partido Reformista Social Cristiano (PRSC), Amable Aristy Castro, responsabiliz\u00f3 al gobierno del presidente Leonel Fern\u00e1ndez de las muertes y [&hellip;]<\/p>\n","protected":false},"author":3,"featured_media":0,"comment_status":"open","ping_status":"open","sticky":false,"template":"","format":"standard","meta":{"footnotes":""},"categories":[22],"tags":[],"class_list":["post-191845","post","type-post","status-publish","format-standard","hentry","category-politica"],"_links":{"self":[{"href":"https:\/\/diariodominicano.com\/index.php?rest_route=\/wp\/v2\/posts\/191845","targetHints":{"allow":["GET"]}}],"collection":[{"href":"https:\/\/diariodominicano.com\/index.php?rest_route=\/wp\/v2\/posts"}],"about":[{"href":"https:\/\/diariodominicano.com\/index.php?rest_route=\/wp\/v2\/types\/post"}],"author":[{"embeddable":true,"href":"https:\/\/diariodominicano.com\/index.php?rest_route=\/wp\/v2\/users\/3"}],"replies":[{"embeddable":true,"href":"https:\/\/diariodominicano.com\/index.php?rest_route=%2Fwp%2Fv2%2Fcomments&post=191845"}],"version-history":[{"count":0,"href":"https:\/\/diariodominicano.com\/index.php?rest_route=\/wp\/v2\/posts\/191845\/revisions"}],"wp:attachment":[{"href":"https:\/\/diariodominicano.com\/index.php?rest_route=%2Fwp%2Fv2%2Fmedia&parent=191845"}],"wp:term":[{"taxonomy":"category","embeddable":true,"href":"https:\/\/diariodominicano.com\/index.php?rest_route=%2Fwp%2Fv2%2Fcategories&post=191845"},{"taxonomy":"post_tag","embeddable":true,"href":"https:\/\/diariodominicano.com\/index.php?rest_route=%2Fwp%2Fv2%2Ftags&post=191845"}],"curies":[{"name":"wp","href":"https:\/\/api.w.org\/{rel}","templated":true}]}}