{"id":191843,"date":"2007-12-14T02:02:37","date_gmt":"2007-12-14T02:02:37","guid":{"rendered":"http:\/\/diariodominicano.ddns.net\/?p=191843"},"modified":"2007-12-14T02:02:37","modified_gmt":"2007-12-14T02:02:37","slug":"pared-perez-llama-a-peledeistas-a-unirse-para-hacer-frente-a-estragos-tormentas","status":"publish","type":"post","link":"https:\/\/diariodominicano.com\/?p=191843","title":{"rendered":"Pared P\u00e9rez llama a peledeistas a unirse para hacer frente a estragos tormentas"},"content":{"rendered":"<p><body><\/p>\n<p align=\"justify\" class=\"titulogrande1\">Pared P\u00e9rez llama a peledeistas a unirse  para hacer frente a estragos tormentas<\/p>\n<p>&#13;<\/p>\n<p align=\"justify\" class=\"text1noticias\"><strong><img loading=\"lazy\" decoding=\"async\" src=\"http:\/\/localhost:8080\/pictures\/reynaldo pared.jpg\" width=\"269\" height=\"296\" hspace=\"4\" align=\"left\" \/>SANTO DOMINGO.-<\/strong> \u00a0El  presidente del Senado, Reinaldo Pared P\u00e9rez, llam\u00f3 a la dirigencia pol\u00edtica a  no politizar la tormenta Olga y a unirse a las labores de reconstrucci\u00f3n en los  sitios afectados.<\/p>\n<p>&#13;<\/p>\n<p align=\"justify\" class=\"text1noticias\">En una informaci\u00f3n divulgada por el Departamento de Prensa del  senado, el legislador apunt\u00f3 que \u00abes momento de sensibilidad y de ofrecer ayuda  a los necesitados\u00bb.<\/p>\n<p>&#13;<\/p>\n<p align=\"justify\" class=\"text1noticias\">Igualmente, calific\u00f3 como un acto de \u00abextrema perversidad  pol\u00edtica\u00bb las acusaciones de grupos opositores, en el sentido de culpar al  gobierno de un alegado mal manejo de las aguas de la presa Tavera, a ra\u00edz de  las muertes provocadas por el desag\u00fce de sus aguas durante el paso de la tormenta Olga en la provincia de Santiago.<\/p>\n<p>&#13;<\/p>\n<p align=\"justify\" class=\"text1noticias\">  \u00abSi ellos creen que el otro puede ser capaz de cometer  acciones semejantes, es porque ellos realmente s\u00ed lo har\u00edan\u00bb, dijo el presidente  del Senado.<\/p>\n<p>&#13;<\/p>\n<p align=\"justify\" class=\"text1noticias\">Defini\u00f3 estas imputaciones como una maldad, que en el fondo lo que hace es descalificarlos a ellos ante la sociedad dominicana.<\/p>\n<p>&#13;<\/p>\n<p align=\"justify\" class=\"text1noticias\">Pared P\u00e9rez se reuni\u00f3 con los periodistas para dar cuenta de la decisi\u00f3n  adoptada por la secretar\u00eda general del partido de gobierno, en torno a la  suspensi\u00f3n de las actividades programadas con motivo del Trig\u00e9simo Cuarto Aniversario de su fundaci\u00f3n.<\/p>\n<p>&#13;<\/p>\n<p align=\"justify\" class=\"text1noticias\">El aplazamiento de este programa aniversario se atribuy\u00f3 a la coincidencia  de esta fecha con los recientes acontecimientos ocurridos en Santiago de los  Caballeros y otras poblaciones del Cibao, seriamente afectadas por el paso de  la tormenta Olga.<\/p>\n<p>&#13;<\/p>\n<h6> 2007-12-14 02:02:37 <\/h6>\n<p><!--\n<link rel=\"stylesheet\" href=\"css\/bootstrap.min.css\">\n\n\n<ul class=\"pagination\">\n\t    \n\t\n\n<li >\n\t<a href='?page_no=34590'>Previous<\/a>\n\t<\/li>\n\n\n       \n    \n\n<li><a href='?page_no=1'>1<\/a><\/li>\n\n\n\n<li><a href='?page_no=2'>2<\/a><\/li>\n\n\n\n<li><a>...<\/a><\/li>\n\n\n\n<li><a href='?page_no=34589'>34589<\/a><\/li>\n\n\n\n<li><a href='?page_no=34590'>34590<\/a><\/li>\n\n\n\n<li class='active'><a>34591<\/a><\/li>\n\n\n\n<li><a href='?page_no=34592'>34592<\/a><\/li>\n\n\n\n<li><a href='?page_no=34593'>34593<\/a><\/li>\n\n\n\n<li><a>...<\/a><\/li>\n\n\n\n<li><a href='?page_no=36999'>36999<\/a><\/li>\n\n\n\n<li><a href='?page_no=37000'>37000<\/a><\/li>\n\n    \n\t\n\n<li >\n\t<a href='?page_no=34592'>Next<\/a>\n\t<\/li>\n\n\n    \n\n<li><a href='?page_no=37000'>Last &rsaquo;&rsaquo;<\/a><\/li>\n\n<\/ul>\n\n\n--><br \/>\n<\/body><\/p>\n","protected":false},"excerpt":{"rendered":"<p>Pared P\u00e9rez llama a peledeistas a unirse para hacer frente a estragos tormentas &#13; SANTO DOMINGO.- \u00a0El presidente del Senado, Reinaldo Pared P\u00e9rez, llam\u00f3 a la dirigencia pol\u00edtica a no politizar la tormenta Olga y a unirse a las labores de reconstrucci\u00f3n en los sitios afectados. &#13; En una informaci\u00f3n divulgada por el Departamento de [&hellip;]<\/p>\n","protected":false},"author":3,"featured_media":0,"comment_status":"open","ping_status":"open","sticky":false,"template":"","format":"standard","meta":{"footnotes":""},"categories":[22],"tags":[],"class_list":["post-191843","post","type-post","status-publish","format-standard","hentry","category-politica"],"_links":{"self":[{"href":"https:\/\/diariodominicano.com\/index.php?rest_route=\/wp\/v2\/posts\/191843","targetHints":{"allow":["GET"]}}],"collection":[{"href":"https:\/\/diariodominicano.com\/index.php?rest_route=\/wp\/v2\/posts"}],"about":[{"href":"https:\/\/diariodominicano.com\/index.php?rest_route=\/wp\/v2\/types\/post"}],"author":[{"embeddable":true,"href":"https:\/\/diariodominicano.com\/index.php?rest_route=\/wp\/v2\/users\/3"}],"replies":[{"embeddable":true,"href":"https:\/\/diariodominicano.com\/index.php?rest_route=%2Fwp%2Fv2%2Fcomments&post=191843"}],"version-history":[{"count":0,"href":"https:\/\/diariodominicano.com\/index.php?rest_route=\/wp\/v2\/posts\/191843\/revisions"}],"wp:attachment":[{"href":"https:\/\/diariodominicano.com\/index.php?rest_route=%2Fwp%2Fv2%2Fmedia&parent=191843"}],"wp:term":[{"taxonomy":"category","embeddable":true,"href":"https:\/\/diariodominicano.com\/index.php?rest_route=%2Fwp%2Fv2%2Fcategories&post=191843"},{"taxonomy":"post_tag","embeddable":true,"href":"https:\/\/diariodominicano.com\/index.php?rest_route=%2Fwp%2Fv2%2Ftags&post=191843"}],"curies":[{"name":"wp","href":"https:\/\/api.w.org\/{rel}","templated":true}]}}