{"id":191842,"date":"2007-12-14T03:37:10","date_gmt":"2007-12-14T03:37:10","guid":{"rendered":"http:\/\/diariodominicano.ddns.net\/?p=191842"},"modified":"2007-12-14T03:37:10","modified_gmt":"2007-12-14T03:37:10","slug":"pld-suspende-actos-con-motivo-de-aniversario-de-su-fundacion","status":"publish","type":"post","link":"https:\/\/diariodominicano.com\/?p=191842","title":{"rendered":"PLD suspende actos con motivo de aniversario de su fundaci\u00f3n"},"content":{"rendered":"<p><body><\/p>\n<p class=\"titulogrande1\">PLD  suspende actos con motivo de aniversario  de su fundaci\u00f3n<\/p>\n<p>&#13;<\/p>\n<p align=\"justify\" class=\"text1noticias\"><strong>Santo Domingo.-<\/strong> La direcci\u00f3n  pol\u00edtica del Partido de la Liberaci\u00f3n Dominicana (PLD) decidi\u00f3 cancelar las  actividades que tradicionalmente realiza para celebrar los aniversarios de  fundaci\u00f3n de esa organizaci\u00f3n cada 15 de diciembre. <br \/>&#13;<br \/>\n  <br \/>&#13;<br \/>\n  La informaci\u00f3n fue dada a conocer por el secretario general del partido morado,  Reinaldo Pared P\u00e9rez, quien partiendo de los fen\u00f3menos atmosf\u00e9ricos recientes  explic\u00f3 que en el pa\u00eds no existen condiciones para la celebraci\u00f3n del 34  aniversario del PLD. <br \/>&#13;<br \/>\n  <br \/>&#13;<br \/>\n\u00abPara ese d\u00eda la   Secretar\u00eda General ten\u00eda planificado una serie de actividades  como un almuerzo con la dirigencia; pero atendiendo a lo acontecido y a las  consecuencias dejada por la tormenta Olga, hemos tomado la decisi\u00f3n de  suspender esas actividades\u00bb, precis\u00f3 Pared P\u00e9rez en despacho informativo  de la Secretar\u00eda  de Comunicaciones. <br \/>&#13;<br \/>\n  <br \/>&#13;<br \/>\n  Consecuente con esa conducta y motivado por el impacto de la tormenta Noel hace  poco fueron suspendidas las actividades para conmemorar el fallecimiento del  fundador profesor Juan Bosch, as\u00ed como el acto oficial de proclamaci\u00f3n de la  candidatura presidencial del doctor Leonel Fern\u00e1ndez. <br \/>&#13;<br \/>\n  <br \/>&#13;<br \/>\n  En otro orden, el portavoz pelede\u00edsta atribuy\u00f3 \u00abextrema perversidad  pol\u00edtica\u00bb al manejo electoralista que le est\u00e1n dando a los fen\u00f3menos  atmosf\u00e9ricos los responsables de las campa\u00f1as presidenciales del Partido  Revolucionario Dominicano y del Partido Reformista Social Cristiano. <br \/>&#13;<br \/>\n  <br \/>&#13;<br \/>\n  Se\u00f1al\u00f3 que el r\u00edo Cam\u00fa no est\u00e1 represado e inund\u00f3 el pueblo de La Vega, y que esa situaci\u00f3n no  puede atribu\u00edrsele a funcionario alguno como pretenden desde la oposici\u00f3n.<br \/>&#13;<br \/>\n  <br \/>&#13;<br \/>\n\u00abLo que ocurre es que durante todo el a\u00f1o en esa zona de la presa de  Tav\u00e9ras por lo regular caen 1,800 mil\u00edmetros c\u00fabicos de agua, y en un solo  d\u00eda cay\u00f3 la tercera parte de lo que cae en un a\u00f1o\u00bb, sostuvo Pared P\u00e9rez al  preguntarse el porqu\u00e9 desde las candidaturas del PRD y el PRSC no dicen eso. <br \/>&#13;<br \/>\n  <br \/>&#13;<br \/>\n  Insisti\u00f3 en calificar de irresponsables a los aludidos dirigentes pol\u00edticos que  juegan con la desgracia de muchos dominicanos y dominicanas, como est\u00e1  acaeciendo actualmente.<br \/>&#13;<br \/>\n  <br \/>&#13;<br \/>\n  Asimismo refut\u00f3 que desde litorales opositores externen que hubo una  intencionalidad expresa de anegar ciudades y predios como pretexto para  supuestamente sacar provecho pol\u00edtico-electoral. <br \/>&#13;<br \/>\n  <br \/>&#13;<br \/>\n  Dijo que s\u00f3lo en mentes como las de la oposici\u00f3n cabe que desde el gobierno se  ponga en juego intencionalmente las vidas de conciudadanos, las millonarias  plantaciones para exportaci\u00f3n que generan divisas como platanares, guineos y  tomates, etc. <br \/>&#13;<br \/>\n  <br \/>&#13;<br \/>\n  Reinaldo Pared P\u00e9rez dijo que el PLD ni el presidente Fern\u00e1ndez se caracterizan  ni necesitan tan mal proceder, aludiendo adem\u00e1s que las encuestas desde ya  confirman la reelecci\u00f3n del mandatario y presidente de esa organizaci\u00f3n  pol\u00edtica. <br \/>&#13;<br \/>\n  <br \/>&#13;<br \/>\n\u00abNo puede caber tanta maldad en cabeza alguna, ni tanta perversidad\u00bb,  subray\u00f3 el dirigente pelede\u00edsta y presidente del Senado al se\u00f1alar que si fuera  el PLD que estuviera en la oposici\u00f3n a ning\u00fan dirigente se le ocurr\u00eda pensar lo  mismo de un gobierno perredeista o reformista. <br \/>&#13;<br \/>\n  <br \/>&#13;<br \/>\n\u00abAhora, si ellos creen que el otro puede ser capaz de eso, es porque ellos  son capaces de hacerlo\u00bb, concluy\u00f3 Reinaldo Pared P\u00e9rez.<\/p>\n<p>&#13;<\/p>\n<h6> 2007-12-14 03:37:10 <\/h6>\n<p><!--\n<link rel=\"stylesheet\" href=\"css\/bootstrap.min.css\">\n\n\n<ul class=\"pagination\">\n\t    \n\t\n\n<li >\n\t<a href='?page_no=34589'>Previous<\/a>\n\t<\/li>\n\n\n       \n    \n\n<li><a href='?page_no=1'>1<\/a><\/li>\n\n\n\n<li><a href='?page_no=2'>2<\/a><\/li>\n\n\n\n<li><a>...<\/a><\/li>\n\n\n\n<li><a href='?page_no=34588'>34588<\/a><\/li>\n\n\n\n<li><a href='?page_no=34589'>34589<\/a><\/li>\n\n\n\n<li class='active'><a>34590<\/a><\/li>\n\n\n\n<li><a href='?page_no=34591'>34591<\/a><\/li>\n\n\n\n<li><a href='?page_no=34592'>34592<\/a><\/li>\n\n\n\n<li><a>...<\/a><\/li>\n\n\n\n<li><a href='?page_no=36999'>36999<\/a><\/li>\n\n\n\n<li><a href='?page_no=37000'>37000<\/a><\/li>\n\n    \n\t\n\n<li >\n\t<a href='?page_no=34591'>Next<\/a>\n\t<\/li>\n\n\n    \n\n<li><a href='?page_no=37000'>Last &rsaquo;&rsaquo;<\/a><\/li>\n\n<\/ul>\n\n\n--><br \/>\n<\/body><\/p>\n","protected":false},"excerpt":{"rendered":"<p>PLD suspende actos con motivo de aniversario de su fundaci\u00f3n &#13; Santo Domingo.- La direcci\u00f3n pol\u00edtica del Partido de la Liberaci\u00f3n Dominicana (PLD) decidi\u00f3 cancelar las actividades que tradicionalmente realiza para celebrar los aniversarios de fundaci\u00f3n de esa organizaci\u00f3n cada 15 de diciembre. &#13; &#13; La informaci\u00f3n fue dada a conocer por el secretario general [&hellip;]<\/p>\n","protected":false},"author":3,"featured_media":0,"comment_status":"open","ping_status":"open","sticky":false,"template":"","format":"standard","meta":{"footnotes":""},"categories":[22],"tags":[],"class_list":["post-191842","post","type-post","status-publish","format-standard","hentry","category-politica"],"_links":{"self":[{"href":"https:\/\/diariodominicano.com\/index.php?rest_route=\/wp\/v2\/posts\/191842","targetHints":{"allow":["GET"]}}],"collection":[{"href":"https:\/\/diariodominicano.com\/index.php?rest_route=\/wp\/v2\/posts"}],"about":[{"href":"https:\/\/diariodominicano.com\/index.php?rest_route=\/wp\/v2\/types\/post"}],"author":[{"embeddable":true,"href":"https:\/\/diariodominicano.com\/index.php?rest_route=\/wp\/v2\/users\/3"}],"replies":[{"embeddable":true,"href":"https:\/\/diariodominicano.com\/index.php?rest_route=%2Fwp%2Fv2%2Fcomments&post=191842"}],"version-history":[{"count":0,"href":"https:\/\/diariodominicano.com\/index.php?rest_route=\/wp\/v2\/posts\/191842\/revisions"}],"wp:attachment":[{"href":"https:\/\/diariodominicano.com\/index.php?rest_route=%2Fwp%2Fv2%2Fmedia&parent=191842"}],"wp:term":[{"taxonomy":"category","embeddable":true,"href":"https:\/\/diariodominicano.com\/index.php?rest_route=%2Fwp%2Fv2%2Fcategories&post=191842"},{"taxonomy":"post_tag","embeddable":true,"href":"https:\/\/diariodominicano.com\/index.php?rest_route=%2Fwp%2Fv2%2Ftags&post=191842"}],"curies":[{"name":"wp","href":"https:\/\/api.w.org\/{rel}","templated":true}]}}