{"id":191840,"date":"2007-12-15T02:59:34","date_gmt":"2007-12-15T02:59:34","guid":{"rendered":"http:\/\/diariodominicano.ddns.net\/?p=191840"},"modified":"2007-12-15T02:59:34","modified_gmt":"2007-12-15T02:59:34","slug":"rajoy-en-contra-del-canon-digital-pagar-por-ser-sospechoso-es-inaceptable","status":"publish","type":"post","link":"https:\/\/diariodominicano.com\/?p=191840","title":{"rendered":"Rajoy, en contra del canon digital: \u00abPagar por ser sospechoso es inaceptable\u00bb"},"content":{"rendered":"<p><body><\/p>\n<p align=\"justify\"><strong class=\"titulogrande1\">Rajoy, en  contra del canon digital: \u00abPagar por ser sospechoso es inaceptable\u00bb<\/strong><br \/>&#13;<br \/>\n  <br \/>&#13;<br \/>\n    <strong>El presidente del PP  propone consensuar un gran pacto entre consumidores, productores y creadores <\/strong><\/p>\n<p>&#13;<\/p>\n<p align=\"justify\" class=\"text1noticias\"><strong><img loading=\"lazy\" decoding=\"async\" src=\"http:\/\/localhost:8080\/pictures\/mariano rajoy.jpg\" width=\"269\" height=\"198\" hspace=\"4\" align=\"left\" \/>BUENOS AIRES.-<\/strong> El presidente del Partido Popular, Mariano Rajoy,  se ha postulado este viernes en contra del canon digital al afirmar que  \u00abpagar por ser sospechoso es inaceptable\u00bb.<br \/>&#13;<br \/>\n  <br \/> &#13;<br \/>\n  Rajoy, que se encuentra en  Buenos Aires recabando apoyos entre los 300.000 espa\u00f1oles con derecho a voto  que viven en la capital argentina y Montevideo, ha se\u00f1alado que, si alcanza la Presidencia del  Gobierno tras las pr\u00f3ximas elecciones generales, impulsar\u00e1 un gran pacto en el  que est\u00e9n implicados los consumidores, los productores y los creadores.<br \/>&#13;<br \/>\n  <br \/>&#13;<br \/>\n  \u00abLa situaci\u00f3n actual no es buena\u00bb, ha reconocido  Rajoy, quien, sin embargo, ha defendido que \u00abno se puede pagar sobre la  base de ser sospechosos de hacer cosas ilegales\u00bb. El candidato popular  resaltaba as\u00ed que no se puede gravar a todos los consumidores por la actuaci\u00f3n  fraudulenta de determinados usuarios de los soportes digitales. En este  sentido, ha propuesto crear una agencia de propiedad intelectual que permita  resolver los conflictos que aparezcan en este \u00e1mbito.<br \/>&#13;<br \/>\n  <br \/>&#13;<br \/>\n  El candidato popular aclara as\u00ed su postura sobre el canon digital  despu\u00e9s de que el Grupo Popular en el Senado votara el pasado martes a favor de  una enmienda a la Ley  de Medidas de Impulso de la   Sociedad de la   Informaci\u00f3n (LISI) que en la que se ped\u00eda la desaparici\u00f3n de  este gravamen en el plazo de un a\u00f1o. Aunque, en un primer momento, la portavoz  de Cultura del PP, Beatriz Rodr\u00edguez Salmones, asegur\u00f3 que hab\u00edan votado  err\u00f3neamente a favor de la medida, al d\u00eda siguiente el senador Jos\u00e9 Segu\u00ed  resaltaba que no hab\u00eda ning\u00fan error: seg\u00fan \u00e9l, la postura del PP en la C\u00e1mara Alta es la  misma que sostuvo en el a\u00f1o 2005, cuando su formaci\u00f3n defendi\u00f3 una proposici\u00f3n  de ley contraria al canon sobre los soportes digitales.<br \/>&#13;<br \/>\n  <br \/>&#13;<br \/>\n  Pese a todo, aunque la iniciativa presentada por Entesa Catalana  insta a que \u00aben el plazo de un a\u00f1o se presente un proyecto de ley en el  que se modifique el art\u00edculo 25 del texto refundido de la Ley de Propiedad Intelectual  eliminando el llamado canon digital y proponiendo alternativas consensuadas con  el sector para la salvaguarda de los derechos de autor y de la propiedad  intelectual\u00bb, lo m\u00e1s probable es que el canon sea aprobado al tramitar la LISI en el Congreso de los  Diputados.<br \/>&#13;<br \/>\n  <br \/>&#13;<br \/>\n  <strong>CARLOS E. CU\u00c9<\/strong> &#8211; Buenos Aires &#8211; 14\/12\/2007 \/El Pa\u00eds<\/p>\n<p>&#13;<\/p>\n<h6> 2007-12-15 02:59:34 <\/h6>\n<p><!--\n<link rel=\"stylesheet\" href=\"css\/bootstrap.min.css\">\n\n\n<ul class=\"pagination\">\n\t    \n\t\n\n<li >\n\t<a href='?page_no=34587'>Previous<\/a>\n\t<\/li>\n\n\n       \n    \n\n<li><a href='?page_no=1'>1<\/a><\/li>\n\n\n\n<li><a href='?page_no=2'>2<\/a><\/li>\n\n\n\n<li><a>...<\/a><\/li>\n\n\n\n<li><a href='?page_no=34586'>34586<\/a><\/li>\n\n\n\n<li><a href='?page_no=34587'>34587<\/a><\/li>\n\n\n\n<li class='active'><a>34588<\/a><\/li>\n\n\n\n<li><a href='?page_no=34589'>34589<\/a><\/li>\n\n\n\n<li><a href='?page_no=34590'>34590<\/a><\/li>\n\n\n\n<li><a>...<\/a><\/li>\n\n\n\n<li><a href='?page_no=36999'>36999<\/a><\/li>\n\n\n\n<li><a href='?page_no=37000'>37000<\/a><\/li>\n\n    \n\t\n\n<li >\n\t<a href='?page_no=34589'>Next<\/a>\n\t<\/li>\n\n\n    \n\n<li><a href='?page_no=37000'>Last &rsaquo;&rsaquo;<\/a><\/li>\n\n<\/ul>\n\n\n--><br \/>\n<\/body><\/p>\n","protected":false},"excerpt":{"rendered":"<p>Rajoy, en contra del canon digital: \u00abPagar por ser sospechoso es inaceptable\u00bb&#13; &#13; El presidente del PP propone consensuar un gran pacto entre consumidores, productores y creadores &#13; BUENOS AIRES.- El presidente del Partido Popular, Mariano Rajoy, se ha postulado este viernes en contra del canon digital al afirmar que \u00abpagar por ser sospechoso es [&hellip;]<\/p>\n","protected":false},"author":3,"featured_media":0,"comment_status":"open","ping_status":"open","sticky":false,"template":"","format":"standard","meta":{"footnotes":""},"categories":[22],"tags":[],"class_list":["post-191840","post","type-post","status-publish","format-standard","hentry","category-politica"],"_links":{"self":[{"href":"https:\/\/diariodominicano.com\/index.php?rest_route=\/wp\/v2\/posts\/191840","targetHints":{"allow":["GET"]}}],"collection":[{"href":"https:\/\/diariodominicano.com\/index.php?rest_route=\/wp\/v2\/posts"}],"about":[{"href":"https:\/\/diariodominicano.com\/index.php?rest_route=\/wp\/v2\/types\/post"}],"author":[{"embeddable":true,"href":"https:\/\/diariodominicano.com\/index.php?rest_route=\/wp\/v2\/users\/3"}],"replies":[{"embeddable":true,"href":"https:\/\/diariodominicano.com\/index.php?rest_route=%2Fwp%2Fv2%2Fcomments&post=191840"}],"version-history":[{"count":0,"href":"https:\/\/diariodominicano.com\/index.php?rest_route=\/wp\/v2\/posts\/191840\/revisions"}],"wp:attachment":[{"href":"https:\/\/diariodominicano.com\/index.php?rest_route=%2Fwp%2Fv2%2Fmedia&parent=191840"}],"wp:term":[{"taxonomy":"category","embeddable":true,"href":"https:\/\/diariodominicano.com\/index.php?rest_route=%2Fwp%2Fv2%2Fcategories&post=191840"},{"taxonomy":"post_tag","embeddable":true,"href":"https:\/\/diariodominicano.com\/index.php?rest_route=%2Fwp%2Fv2%2Ftags&post=191840"}],"curies":[{"name":"wp","href":"https:\/\/api.w.org\/{rel}","templated":true}]}}