{"id":191839,"date":"2007-12-16T22:18:01","date_gmt":"2007-12-16T22:18:01","guid":{"rendered":"http:\/\/diariodominicano.ddns.net\/?p=191839"},"modified":"2007-12-16T22:18:01","modified_gmt":"2007-12-16T22:18:01","slug":"vargas-maldonado-opina-torpezas-del-gobierno-llenan-de-tristeza-navidades-del-pueblo-dominicano","status":"publish","type":"post","link":"https:\/\/diariodominicano.com\/?p=191839","title":{"rendered":"Vargas Maldonado opina \u201ctorpezas del Gobierno llenan de tristeza navidades del pueblo dominicano\u201d"},"content":{"rendered":"<p><body><\/p>\n<p align=\"justify\" class=\"titulogrande1\">Vargas Maldonado opina \u201ctorpezas  del Gobierno llenan de tristeza navidades del pueblo dominicano\u201d<\/p>\n<p>&#13;<\/p>\n<p align=\"justify\" class=\"text1noticias\"><img loading=\"lazy\" decoding=\"async\" src=\"http:\/\/localhost:8080\/pictures\/maldonado recorrido tormenta.jpg\" width=\"269\" height=\"179\" hspace=\"4\" align=\"left\" \/>El candidato presidencial del Partido  Revolucionario Dominicano (PRD) Miguel Vargas Maldonado responsabiliz\u00f3 al presidente  Leonel Fern\u00e1ndez de que, seg\u00fan su criterio, \u00a0cientos de miles de dominicanos y dominicanas  no puedan celebrar a plenitud la llegada de las navidades, por el dolor y la  desolaci\u00f3n en que lo han sumido los efectos de las tormentas Noel y Olga, por lo  que considera falta de previsi\u00f3n y a la irresponsabilidad del Gobierno. <br \/>&#13;<br \/>\n  <br \/>&#13;<br \/>\n  El candidato presidencial del PRD consider\u00f3, seg\u00fan un bolet\u00edn de  prensa de su Direcci\u00f3n de Comunicaci\u00f3n,\u00a0 \u00a0que \u201cen el caso de la tormenta Noel ha quedado  claro que la falta de previsi\u00f3n y orientaci\u00f3n oportuna a la poblaci\u00f3n fue la  causa principal de las p\u00e9rdidas humanas y materiales que sufri\u00f3 el pueblo  dominicano. En cuanto a la tormenta Olga atribuy\u00f3 los muertos y los da\u00f1os  materiales que afectan a Santiago, la L\u00ednea Noroeste y otras comunidades de la regi\u00f3n  del Cibao, a la incapacidad de los funcionarios del gobierno en el manejo de la  presa de Tavera\u201d. <br \/>&#13;<br \/>\n  <br \/>&#13;<br \/>\n\u00abHe podido palpar de manera personal  en los pueblitos y comunidades rurales aleda\u00f1os al Bajo Yuna, en los barrios  arrasados en ambas riveras del Yaque del Norte, en Santiago, y en Valverde,  Santiago Rodr\u00edguez y Montecristi el dolor y la desesperanza con que tantos  dominicanos y dominicanas ver\u00e1n llegar las fiestas de la Natividad y A\u00f1o  Nuevo\u00bb, agrega la informaci\u00f3n. <br \/>&#13;<br \/>\n<br \/>&#13;<br \/>\nLa Direcci\u00f3n de Comunicaci\u00f3n del candidato  presidencial del PRD, indica que Vargas Maldonado \u00a0ha mantenido un permanente cuestionamiento a  la actuaci\u00f3n de las autoridades por los efectos de las tormentas Noel y Olga,  que en menos de 45 d\u00edas han golpeado con severidad amplias zonas del pa\u00eds,  especialmente en los barrios y zonas rurales m\u00e1s empobrecidos. <br \/>&#13;<br \/>\n<br \/>&#13;<br \/>\nDijo que \u201cen sus recorridos de  constataci\u00f3n de los da\u00f1os y en sus visitas a los sectores afectados, ha  comprobado c\u00f3mo estos fen\u00f3menos naturales han evidenciado la gran brecha  existente entre los que tienen mucho y los que nada tienen \u00aby tambi\u00e9n he  podido comprobar la incapacidad y la indolencia de un presidente como el doctor  Leonel Fern\u00e1ndez, que pudiendo hacerlo no fue capaz de adoptar medidas de  prevenci\u00f3n para que estas tormentas no afectaran con tanta dureza a nuestra  gente humilde\u00bb. <br \/>&#13;<br \/>\n<br \/>&#13;<br \/>\nVargas Maldonado refiere \u00a0que a\u00fan no hab\u00eda pasado la tormenta Noel  cuando se reuni\u00f3 con los t\u00e9cnicos de su proyecto presidencial y propuso 25  medidas de emergencia para la recuperaci\u00f3n del pa\u00eds y para que se previnieran  enfermedades y epidemias que podr\u00edan generar las secuelas de las lluvias e  inundaciones. <br \/>&#13;<br \/>\n<br \/>&#13;<br \/>\n\u00abAs\u00ed pensamos y as\u00ed hemos actuado  porque tenemos el concepto de que la pol\u00edtica y la gesti\u00f3n p\u00fablica deben estar  centradas en cuidar a la gente y atender sus necesidades y darle soluci\u00f3n a sus  problemas, y no usar las necesidades y los problemas de la gente para hacer  propaganda pol\u00edtica, como hace el presidente candidato Leonel Fern\u00e1ndez\u00bb.  \u00a0 <br \/>&#13;<br \/>\n<br \/>&#13;<br \/>\nVargas Maldonado se refiri\u00f3 a las  experiencias vividas tras diversos recorridos por las zonas afectadas,  incluyendo la visita que concluyera ayer en horas de la tarde en la L\u00ednea Noroeste,  destaca el bolet\u00edn de su Direcci\u00f3n de Comunicaciones. <\/p>\n<p>&#13;<\/p>\n<p align=\"justify\" class=\"text1noticias\"><strong>Saluda \u00a0resoluci\u00f3n de la IS <\/strong> <br \/>&#13;<br \/>\n  <br \/>&#13;<br \/>\n  De acuerdo con el bolet\u00edn de Direcci\u00f3n de  Comunicaciones del candidato presidencial del PRD,Vargas Maldonado salud\u00f3 la  resoluci\u00f3n dedicada a la Rep\u00fablica Dominicana emitida por el Comit\u00e9 de la Internacional Socialista  para Am\u00e9rica Latina y el Caribe, reunido esta semana en Asunci\u00f3n, Paraguay. <br \/>&#13;<br \/>\n  <br \/>&#13;<br \/>\n  La resoluci\u00f3n de los socialdem\u00f3cratas del  Continente expresa \u00absu confianza en el triunfo del candidato presidencial  del PRD, Miguel Vargas, y le expresa su solidaridad en sus esfuerzos por  construir un nuevo cap\u00edtulo en la vida de su pa\u00eds, con m\u00e1s justicia y mejores  condiciones de vida para su pueblo\u00bb. <br \/>&#13;<br \/>\n  <br \/>&#13;<br \/>\n  Agrega que tambi\u00e9n \u00a0incluyeron en su resoluci\u00f3n una reiteraci\u00f3n a  la exigencia de que las elecciones dominicanas se realicen de modo plenamente  democr\u00e1tico y transparente y de que el Estado y sus agentes no utilicen los  recursos p\u00fablicos en el per\u00edodo de campa\u00f1a. <\/p>\n<p>&#13;<\/p>\n<h6> 2007-12-16 22:18:01 <\/h6>\n<p><!--\n<link rel=\"stylesheet\" href=\"css\/bootstrap.min.css\">\n\n\n<ul class=\"pagination\">\n\t    \n\t\n\n<li >\n\t<a href='?page_no=34586'>Previous<\/a>\n\t<\/li>\n\n\n       \n    \n\n<li><a href='?page_no=1'>1<\/a><\/li>\n\n\n\n<li><a href='?page_no=2'>2<\/a><\/li>\n\n\n\n<li><a>...<\/a><\/li>\n\n\n\n<li><a href='?page_no=34585'>34585<\/a><\/li>\n\n\n\n<li><a href='?page_no=34586'>34586<\/a><\/li>\n\n\n\n<li class='active'><a>34587<\/a><\/li>\n\n\n\n<li><a href='?page_no=34588'>34588<\/a><\/li>\n\n\n\n<li><a href='?page_no=34589'>34589<\/a><\/li>\n\n\n\n<li><a>...<\/a><\/li>\n\n\n\n<li><a href='?page_no=36999'>36999<\/a><\/li>\n\n\n\n<li><a href='?page_no=37000'>37000<\/a><\/li>\n\n    \n\t\n\n<li >\n\t<a href='?page_no=34588'>Next<\/a>\n\t<\/li>\n\n\n    \n\n<li><a href='?page_no=37000'>Last &rsaquo;&rsaquo;<\/a><\/li>\n\n<\/ul>\n\n\n--><br \/>\n<\/body><\/p>\n","protected":false},"excerpt":{"rendered":"<p>Vargas Maldonado opina \u201ctorpezas del Gobierno llenan de tristeza navidades del pueblo dominicano\u201d &#13; El candidato presidencial del Partido Revolucionario Dominicano (PRD) Miguel Vargas Maldonado responsabiliz\u00f3 al presidente Leonel Fern\u00e1ndez de que, seg\u00fan su criterio, \u00a0cientos de miles de dominicanos y dominicanas no puedan celebrar a plenitud la llegada de las navidades, por el dolor [&hellip;]<\/p>\n","protected":false},"author":3,"featured_media":0,"comment_status":"open","ping_status":"open","sticky":false,"template":"","format":"standard","meta":{"footnotes":""},"categories":[22],"tags":[],"class_list":["post-191839","post","type-post","status-publish","format-standard","hentry","category-politica"],"_links":{"self":[{"href":"https:\/\/diariodominicano.com\/index.php?rest_route=\/wp\/v2\/posts\/191839","targetHints":{"allow":["GET"]}}],"collection":[{"href":"https:\/\/diariodominicano.com\/index.php?rest_route=\/wp\/v2\/posts"}],"about":[{"href":"https:\/\/diariodominicano.com\/index.php?rest_route=\/wp\/v2\/types\/post"}],"author":[{"embeddable":true,"href":"https:\/\/diariodominicano.com\/index.php?rest_route=\/wp\/v2\/users\/3"}],"replies":[{"embeddable":true,"href":"https:\/\/diariodominicano.com\/index.php?rest_route=%2Fwp%2Fv2%2Fcomments&post=191839"}],"version-history":[{"count":0,"href":"https:\/\/diariodominicano.com\/index.php?rest_route=\/wp\/v2\/posts\/191839\/revisions"}],"wp:attachment":[{"href":"https:\/\/diariodominicano.com\/index.php?rest_route=%2Fwp%2Fv2%2Fmedia&parent=191839"}],"wp:term":[{"taxonomy":"category","embeddable":true,"href":"https:\/\/diariodominicano.com\/index.php?rest_route=%2Fwp%2Fv2%2Fcategories&post=191839"},{"taxonomy":"post_tag","embeddable":true,"href":"https:\/\/diariodominicano.com\/index.php?rest_route=%2Fwp%2Fv2%2Ftags&post=191839"}],"curies":[{"name":"wp","href":"https:\/\/api.w.org\/{rel}","templated":true}]}}