{"id":191837,"date":"2007-12-17T03:25:54","date_gmt":"2007-12-17T03:25:54","guid":{"rendered":"http:\/\/diariodominicano.ddns.net\/?p=191837"},"modified":"2007-12-17T03:25:54","modified_gmt":"2007-12-17T03:25:54","slug":"evo-morales-llama-al-dialogo-a-las-regiones-autonomistas","status":"publish","type":"post","link":"https:\/\/diariodominicano.com\/?p=191837","title":{"rendered":"Evo Morales llama al di\u00e1logo a las regiones autonomistas"},"content":{"rendered":"<p><body><\/p>\n<p align=\"justify\"><strong class=\"titulogrande1\">Evo Morales  llama al di\u00e1logo a las regiones autonomistas<\/strong><br \/>&#13;<br \/>\n  <br \/>&#13;<br \/>\n    <strong>El presidente de  Bolivia afirma que sus estatutos deben encajarse en la futura constituci\u00f3n  impulsada por su Gobierno <\/strong><\/p>\n<p>&#13;<\/p>\n<p align=\"justify\" class=\"text1noticias\"><strong>LA PAZ.-<\/strong>   El presidente de Bolivia, Evo Morales, ha llamado este  domingo a las regiones que se oponen a su proyecto constitucional a iniciar un  di\u00e1logo con el fin de evitar la divis\u00f3n del pa\u00eds. <br \/>&#13;<br \/>\n  <br \/>&#13;<br \/>\n  Morales ha asegurado que los  estatutos de autonom\u00eda de Santa cruz, Beni, Pando y Tarija, presentados ayer al  mismo tiempo que en La Paz  ten\u00eda lugar un desfile para celebrar la aprobaci\u00f3n del proyecto constitucional  en la Asamblea   Constituyente, deben encajarse en la futura carta magna.<br \/>&#13;<br \/>\n  <br \/>&#13;<br \/>\n  \u00abEmpecemos el di\u00e1logo\u00bb, ha dicho Morales en un acto  celebrado en la capital boliviana, instando de nuevo a la oposici\u00f3n a  \u00abtrabajar juntos\u00bb dentro del proyecto constitucional, sobre el que ha  recordado que debe ser complementado \u00abcon muchas leyes\u00bb en distintos  \u00e1mbitos. Entre esas normas ha citado los estatutos auton\u00f3micos presentados el  s\u00e1bado en los departamentos de Santa Cruz, Beni, Pando y Tarija, subrayando  que, para ser legales, deben tratarse y regularse en el marco de la futura  Constituci\u00f3n.<br \/>&#13;<br \/>\n  <br \/>&#13;<br \/>\n  <strong>Actos contrapuestos<\/strong> <br \/>&#13;<br \/>\n  <br \/>&#13;<br \/>\n  En un multitudinario acto celebrado en La Paz ante decenas de organizaciones  y sindicatos afines a su Gobierno, Morales recibi\u00f3 el s\u00e1bado la propuesta de  nueva Constituci\u00f3n de la presidenta de la Asamblea Constituyente,  la ind\u00edgena quechua Silvia Lazarte. Ese proyecto todav\u00eda debe ser sometido a  dos referendos durante el pr\u00f3ximo a\u00f1o, uno para definir qu\u00e9 se considerar\u00e1  latifundio y otro para ratificar o no todo el texto.<br \/>&#13;<br \/>\n  <br \/>&#13;<br \/>\n  En su discurso, Morales asegur\u00f3 que no permitir\u00e1 ninguna  separaci\u00f3n de Bolivia y que las Fuerzas Armadas no se prestar\u00e1n a un golpe de  Estado, que, a su juicio, promueven grupos de \u00abautonomistas  separatistas\u00bb, en clara referencia a los l\u00edderes de Santa Cruz, Beni,  Pando y Tarija.<br \/>&#13;<br \/>\n  <br \/>&#13;<br \/>\n  Mientras, los prefectos (gobernadores) de esas cuatro regiones  presentaban sus estatutos de autonom\u00eda. Los cuatro departamentos auton\u00f3micos,  cuyos habitantes aprobaron en refer\u00e9ndum ese r\u00e9gimeno en julio de 2006, suman  dos tercios del territorio boliviano, el 42 por ciento del PIB y tienen el 85  por ciento de las reservas de hidrocarburos.<br \/>&#13;<br \/>\n  <br \/>&#13;<br \/>\n  <strong>EFE<\/strong> &#8211; La Paz  &#8211; 16\/12\/2007 <\/p>\n<p>&#13;<\/p>\n<h6> 2007-12-17 03:25:54 <\/h6>\n<p><!--\n<link rel=\"stylesheet\" href=\"css\/bootstrap.min.css\">\n\n\n<ul class=\"pagination\">\n\t    \n\t\n\n<li >\n\t<a href='?page_no=34584'>Previous<\/a>\n\t<\/li>\n\n\n       \n    \n\n<li><a href='?page_no=1'>1<\/a><\/li>\n\n\n\n<li><a href='?page_no=2'>2<\/a><\/li>\n\n\n\n<li><a>...<\/a><\/li>\n\n\n\n<li><a href='?page_no=34583'>34583<\/a><\/li>\n\n\n\n<li><a href='?page_no=34584'>34584<\/a><\/li>\n\n\n\n<li class='active'><a>34585<\/a><\/li>\n\n\n\n<li><a href='?page_no=34586'>34586<\/a><\/li>\n\n\n\n<li><a href='?page_no=34587'>34587<\/a><\/li>\n\n\n\n<li><a>...<\/a><\/li>\n\n\n\n<li><a href='?page_no=36999'>36999<\/a><\/li>\n\n\n\n<li><a href='?page_no=37000'>37000<\/a><\/li>\n\n    \n\t\n\n<li >\n\t<a href='?page_no=34586'>Next<\/a>\n\t<\/li>\n\n\n    \n\n<li><a href='?page_no=37000'>Last &rsaquo;&rsaquo;<\/a><\/li>\n\n<\/ul>\n\n\n--><br \/>\n<\/body><\/p>\n","protected":false},"excerpt":{"rendered":"<p>Evo Morales llama al di\u00e1logo a las regiones autonomistas&#13; &#13; El presidente de Bolivia afirma que sus estatutos deben encajarse en la futura constituci\u00f3n impulsada por su Gobierno &#13; LA PAZ.- El presidente de Bolivia, Evo Morales, ha llamado este domingo a las regiones que se oponen a su proyecto constitucional a iniciar un di\u00e1logo [&hellip;]<\/p>\n","protected":false},"author":3,"featured_media":0,"comment_status":"open","ping_status":"open","sticky":false,"template":"","format":"standard","meta":{"footnotes":""},"categories":[22],"tags":[],"class_list":["post-191837","post","type-post","status-publish","format-standard","hentry","category-politica"],"_links":{"self":[{"href":"https:\/\/diariodominicano.com\/index.php?rest_route=\/wp\/v2\/posts\/191837","targetHints":{"allow":["GET"]}}],"collection":[{"href":"https:\/\/diariodominicano.com\/index.php?rest_route=\/wp\/v2\/posts"}],"about":[{"href":"https:\/\/diariodominicano.com\/index.php?rest_route=\/wp\/v2\/types\/post"}],"author":[{"embeddable":true,"href":"https:\/\/diariodominicano.com\/index.php?rest_route=\/wp\/v2\/users\/3"}],"replies":[{"embeddable":true,"href":"https:\/\/diariodominicano.com\/index.php?rest_route=%2Fwp%2Fv2%2Fcomments&post=191837"}],"version-history":[{"count":0,"href":"https:\/\/diariodominicano.com\/index.php?rest_route=\/wp\/v2\/posts\/191837\/revisions"}],"wp:attachment":[{"href":"https:\/\/diariodominicano.com\/index.php?rest_route=%2Fwp%2Fv2%2Fmedia&parent=191837"}],"wp:term":[{"taxonomy":"category","embeddable":true,"href":"https:\/\/diariodominicano.com\/index.php?rest_route=%2Fwp%2Fv2%2Fcategories&post=191837"},{"taxonomy":"post_tag","embeddable":true,"href":"https:\/\/diariodominicano.com\/index.php?rest_route=%2Fwp%2Fv2%2Ftags&post=191837"}],"curies":[{"name":"wp","href":"https:\/\/api.w.org\/{rel}","templated":true}]}}