{"id":191836,"date":"2007-12-17T15:17:12","date_gmt":"2007-12-17T15:17:12","guid":{"rendered":"http:\/\/diariodominicano.ddns.net\/?p=191836"},"modified":"2007-12-17T15:17:12","modified_gmt":"2007-12-17T15:17:12","slug":"dirigente-perredeista-afirma-pld-gobierna-sin-autoridad","status":"publish","type":"post","link":"https:\/\/diariodominicano.com\/?p=191836","title":{"rendered":"Dirigente perredeista afirma PLD gobierna sin autoridad"},"content":{"rendered":"<p><body><\/p>\n<p class=\"titulogrande1\"><strong>Dirigente perredeista afirma PLD  gobierna sin autoridad <\/strong><\/p>\n<p>&#13;<\/p>\n<p align=\"justify\" class=\"text1noticias\"><strong><img loading=\"lazy\" decoding=\"async\" src=\"http:\/\/localhost:8080\/pictures\/carlos gabriel dirigente prd.jpg\" width=\"269\" height=\"382\" hspace=\"4\" align=\"left\" \/>SANTO  DOMINGO.-<\/strong> El Director de Comunicaciones del Comando de Campa\u00f1a del PRD, Carlos  Gabriel Garc\u00eda, dijo este lunes que \u201ceste es un gobierno sin autoridad, donde  cada funcionario hace lo que le da la gana sabiendo anticipadamente que nadie  en la administraci\u00f3n le pedir\u00e1 rendici\u00f3n de cuentas por sus actuaciones\u201d.<\/p>\n<p>&#13;<\/p>\n<p align=\"justify\" class=\"text1noticias\">Garc\u00eda  manifest\u00f3 que esa falta de autoridad en el gobierno ha quedado evidenciada una  vez m\u00e1s con la tragedia que vive la ciudad de Santiago y las provincias que  conforman la L\u00ednea   Noroeste del pa\u00eds \u00abpor la imprudencia de los  funcionarios que abrieron abruptamente las compuertas de la presa de Taveras,  provocando decenas de muertos, miles de desplazados y p\u00e9rdidas materiales  millonarias\u00bb.<\/p>\n<p>&#13;<\/p>\n<p align=\"justify\" class=\"text1noticias\"> Indic\u00f3  que a pesar de que existen sobradas razones para destituir y someter a la  justicia a los funcionarios del gobierno comprometidos con el manejo err\u00e1tico  de la presa de Taveras, el presidente Leonel Fern\u00e1ndez se da por no enterado  del desastre que han provocado sus colaboradores y por el contrario los protege  con la complicidad de su silencio.<\/p>\n<p>&#13;<\/p>\n<p align=\"justify\" class=\"text1noticias\">\u00abEsa  falta de autoridad qued\u00f3 reflejada tambi\u00e9n cuando la sociedad dominicana exig\u00eda  sanci\u00f3n para los funcionarios relacionados con los esc\u00e1ndalos del pr\u00e9stamo de  132 millones de d\u00f3lares para equipar a la Polic\u00eda Nacional,  el proyecto de la Isla   Artificial, el contrato de ENADE y el portal electr\u00f3nico del  Palacio Nacional, entre otros acontecimientos que han estremecido la conciencia  nacional sin ninguna sanci\u00f3n para sus responsables\u00bb, destac\u00f3 el dirigente  perrede\u00edsta.<\/p>\n<p>&#13;<\/p>\n<p align=\"justify\" class=\"text1noticias\">Se\u00f1al\u00f3  que ese comportamiento del Presidente Leonel Fern\u00e1ndez \u00abcontrario a la  disciplina y el debido respeto que debe merecer la autoridad  presidencial\u00bb, ha significado un duro golpe para la democracia dominicana  que a su entender debe enviar mensajes diferentes a los ciudadanos sobre la  superaci\u00f3n de viejos h\u00e1bitos de la comunidad pol\u00edtica nacional.<\/p>\n<p>&#13;<\/p>\n<p align=\"justify\" class=\"text1noticias\">Garc\u00eda  manifest\u00f3 que un gobierno sin autoridad sobre sus ministros y dem\u00e1s  funcionarios se convierte en un peligro p\u00fablico, porque abre las puertas a la  anarqu\u00eda y el desorden institucional sobre el estado de derecho que debe  prevalecer en un sistema verdaderamente democr\u00e1tico.<\/p>\n<p>&#13;<\/p>\n<p align=\"justify\" class=\"text1noticias\">Advirti\u00f3  que en gran medida la decadencia pol\u00edtica y moral que a su juicio exhiben las  instituciones p\u00fablicas en los \u00faltimos a\u00f1os obedece a la puesta en vigencia de  ese modelo de gesti\u00f3n p\u00fablica caracterizado por la falta de autoridad y  capacidad gerencial de quienes est\u00e1n llamados a imponer orden, respeto y  transparencia en la administraci\u00f3n del Estado.<\/p>\n<p>&#13;<\/p>\n<p align=\"justify\" class=\"text1noticias\">Se\u00f1al\u00f3  que la autoridad del Presidente Leonel Fern\u00e1ndez ha quedado seriamente  disminuida frente a sus funcionarios por auspiciar violaciones a la Constituci\u00f3n y a las  leyes de la Rep\u00fablica  como la Ley de  Acceso a la   Informaci\u00f3n P\u00fablica, la Ley de Austeridad, la Ley sobre la Municipalidad, la Ley de Contrataci\u00f3n de Obras  del Estado, la Ley  de Educaci\u00f3n y la propia Constituci\u00f3n de la Rep\u00fablica en el caso de la Sun Land.<\/p>\n<p>&#13;<\/p>\n<h6> 2007-12-17 15:17:12 <\/h6>\n<p><!--\n<link rel=\"stylesheet\" href=\"css\/bootstrap.min.css\">\n\n\n<ul class=\"pagination\">\n\t    \n\t\n\n<li >\n\t<a href='?page_no=34583'>Previous<\/a>\n\t<\/li>\n\n\n       \n    \n\n<li><a href='?page_no=1'>1<\/a><\/li>\n\n\n\n<li><a href='?page_no=2'>2<\/a><\/li>\n\n\n\n<li><a>...<\/a><\/li>\n\n\n\n<li><a href='?page_no=34582'>34582<\/a><\/li>\n\n\n\n<li><a href='?page_no=34583'>34583<\/a><\/li>\n\n\n\n<li class='active'><a>34584<\/a><\/li>\n\n\n\n<li><a href='?page_no=34585'>34585<\/a><\/li>\n\n\n\n<li><a href='?page_no=34586'>34586<\/a><\/li>\n\n\n\n<li><a>...<\/a><\/li>\n\n\n\n<li><a href='?page_no=36999'>36999<\/a><\/li>\n\n\n\n<li><a href='?page_no=37000'>37000<\/a><\/li>\n\n    \n\t\n\n<li >\n\t<a href='?page_no=34585'>Next<\/a>\n\t<\/li>\n\n\n    \n\n<li><a href='?page_no=37000'>Last &rsaquo;&rsaquo;<\/a><\/li>\n\n<\/ul>\n\n\n--><br \/>\n<\/body><\/p>\n","protected":false},"excerpt":{"rendered":"<p>Dirigente perredeista afirma PLD gobierna sin autoridad &#13; SANTO DOMINGO.- El Director de Comunicaciones del Comando de Campa\u00f1a del PRD, Carlos Gabriel Garc\u00eda, dijo este lunes que \u201ceste es un gobierno sin autoridad, donde cada funcionario hace lo que le da la gana sabiendo anticipadamente que nadie en la administraci\u00f3n le pedir\u00e1 rendici\u00f3n de cuentas [&hellip;]<\/p>\n","protected":false},"author":3,"featured_media":0,"comment_status":"open","ping_status":"open","sticky":false,"template":"","format":"standard","meta":{"footnotes":""},"categories":[22],"tags":[],"class_list":["post-191836","post","type-post","status-publish","format-standard","hentry","category-politica"],"_links":{"self":[{"href":"https:\/\/diariodominicano.com\/index.php?rest_route=\/wp\/v2\/posts\/191836","targetHints":{"allow":["GET"]}}],"collection":[{"href":"https:\/\/diariodominicano.com\/index.php?rest_route=\/wp\/v2\/posts"}],"about":[{"href":"https:\/\/diariodominicano.com\/index.php?rest_route=\/wp\/v2\/types\/post"}],"author":[{"embeddable":true,"href":"https:\/\/diariodominicano.com\/index.php?rest_route=\/wp\/v2\/users\/3"}],"replies":[{"embeddable":true,"href":"https:\/\/diariodominicano.com\/index.php?rest_route=%2Fwp%2Fv2%2Fcomments&post=191836"}],"version-history":[{"count":0,"href":"https:\/\/diariodominicano.com\/index.php?rest_route=\/wp\/v2\/posts\/191836\/revisions"}],"wp:attachment":[{"href":"https:\/\/diariodominicano.com\/index.php?rest_route=%2Fwp%2Fv2%2Fmedia&parent=191836"}],"wp:term":[{"taxonomy":"category","embeddable":true,"href":"https:\/\/diariodominicano.com\/index.php?rest_route=%2Fwp%2Fv2%2Fcategories&post=191836"},{"taxonomy":"post_tag","embeddable":true,"href":"https:\/\/diariodominicano.com\/index.php?rest_route=%2Fwp%2Fv2%2Ftags&post=191836"}],"curies":[{"name":"wp","href":"https:\/\/api.w.org\/{rel}","templated":true}]}}