{"id":191835,"date":"2007-12-17T16:21:37","date_gmt":"2007-12-17T16:21:37","guid":{"rendered":"http:\/\/diariodominicano.ddns.net\/?p=191835"},"modified":"2007-12-17T16:21:37","modified_gmt":"2007-12-17T16:21:37","slug":"la-fuerza-integral-progresista-hace-entrega-de-ayudas-a-damnificados-de-olga","status":"publish","type":"post","link":"https:\/\/diariodominicano.com\/?p=191835","title":{"rendered":"La Fuerza Integral Progresista hace entrega de ayudas a damnificados de Olga"},"content":{"rendered":"<p><body><\/p>\n<p align=\"justify\" class=\"titulogrande1\"><strong>La Fuerza Integral Progresista hace entrega de ayudas a damnificados de Olga<\/strong><\/p>\n<p>&#13;<\/p>\n<p align=\"justify\" class=\"text1noticias\"><strong><img loading=\"lazy\" decoding=\"async\" src=\"http:\/\/localhost:8080\/pictures\/fuerza integral progresista.jpg\" width=\"269\" height=\"388\" hspace=\"4\" align=\"left\" \/>SANTIAGO.- <\/strong>Decenas de damnificados de la tormenta Olga recibieron  raciones de alimentos, agua potable\u00a0 y  colchonetas durante una jornada de solidaridad del movimiento Fuerza Integral  Progresista.<\/p>\n<p>&#13;<\/p>\n<p align=\"justify\" class=\"text1noticias\">En una nota informativa el presidente del movimiento  Francis Mej\u00eda indic\u00f3 la jornada del movimiento que apoya las aspiraciones  reeleccionistas del Presidente Leonel Fern\u00e1ndez se llev\u00f3 a cabo en el refugio  ubicado de la Iglesia  de Dios Amparo Divino del Barrio Duarte en Santiago.<\/p>\n<p>&#13;<\/p>\n<p align=\"justify\" class=\"text1noticias\">Explic\u00f3 que a la entrega asistieron tambi\u00e9n algunos  coordinadores y miembros del Movimiento en Santiago como Miguelina P\u00e9rez,  Carmen de Guaba, Luisa Almonte, Vanesa Hach\u00e9 y el empresario Tom\u00e1s  Collado.\u00a0 Adem\u00e1s de los coordinadores  Sara Campos, Kelvin Mej\u00eda y Keila Cruz quienes se desplazaron desde Santo  Domingo.<\/p>\n<p>&#13;<\/p>\n<p align=\"justify\" class=\"text1noticias\">\u201cLas ayudas provienen de donaciones que han realizado  y gestionado los miembros de la Fuerza Integral Progresista con diferentes  personas y empresas, que se han solidarizado con las personas afectadas por  esta nueva tormenta, dijo Mej\u00eda en el despacho de prensa. <\/p>\n<p>&#13;<\/p>\n<p align=\"justify\" class=\"text1noticias\">Mej\u00eda afirm\u00f3 que la Fuerza Integral  Progresista\u00a0 ha movilizado todos sus  coordinadores y miembros para dar una mano solidaria a todos los hermanos  dominicanos que est\u00e1n sufriendo a causa de los estragos producidos por la  tormenta Olga.\u00a0\u00a0 <\/p>\n<p>&#13;<\/p>\n<p align=\"justify\" class=\"text1noticias\">Adem\u00e1s explic\u00f3 que est\u00e1n entregando alimentos, ropa y  enseres, entre otras ayudas a los miembros de gran cantidad de familias de las  provincias afectadas.<\/p>\n<p>&#13;<\/p>\n<p align=\"justify\" class=\"text1noticias\">\u201cLa   Fuerza Integral Progresista se declara a la entera  disposici\u00f3n del Pueblo Dominicano y del\u00a0Presidente Leonel Fern\u00e1ndez, para colaborar en la ayuda y  recuperaci\u00f3n del Pa\u00eds y continuar as\u00ed  avanzando hacia el progreso\u201d, afirm\u00f3 Mej\u00eda.<\/p>\n<p>&#13;<\/p>\n<h6> 2007-12-17 16:21:37 <\/h6>\n<p><!--\n<link rel=\"stylesheet\" href=\"css\/bootstrap.min.css\">\n\n\n<ul class=\"pagination\">\n\t    \n\t\n\n<li >\n\t<a href='?page_no=34582'>Previous<\/a>\n\t<\/li>\n\n\n       \n    \n\n<li><a href='?page_no=1'>1<\/a><\/li>\n\n\n\n<li><a href='?page_no=2'>2<\/a><\/li>\n\n\n\n<li><a>...<\/a><\/li>\n\n\n\n<li><a href='?page_no=34581'>34581<\/a><\/li>\n\n\n\n<li><a href='?page_no=34582'>34582<\/a><\/li>\n\n\n\n<li class='active'><a>34583<\/a><\/li>\n\n\n\n<li><a href='?page_no=34584'>34584<\/a><\/li>\n\n\n\n<li><a href='?page_no=34585'>34585<\/a><\/li>\n\n\n\n<li><a>...<\/a><\/li>\n\n\n\n<li><a href='?page_no=36999'>36999<\/a><\/li>\n\n\n\n<li><a href='?page_no=37000'>37000<\/a><\/li>\n\n    \n\t\n\n<li >\n\t<a href='?page_no=34584'>Next<\/a>\n\t<\/li>\n\n\n    \n\n<li><a href='?page_no=37000'>Last &rsaquo;&rsaquo;<\/a><\/li>\n\n<\/ul>\n\n\n--><br \/>\n<\/body><\/p>\n","protected":false},"excerpt":{"rendered":"<p>La Fuerza Integral Progresista hace entrega de ayudas a damnificados de Olga &#13; SANTIAGO.- Decenas de damnificados de la tormenta Olga recibieron raciones de alimentos, agua potable\u00a0 y colchonetas durante una jornada de solidaridad del movimiento Fuerza Integral Progresista. &#13; En una nota informativa el presidente del movimiento Francis Mej\u00eda indic\u00f3 la jornada del movimiento [&hellip;]<\/p>\n","protected":false},"author":3,"featured_media":0,"comment_status":"open","ping_status":"open","sticky":false,"template":"","format":"standard","meta":{"footnotes":""},"categories":[22],"tags":[],"class_list":["post-191835","post","type-post","status-publish","format-standard","hentry","category-politica"],"_links":{"self":[{"href":"https:\/\/diariodominicano.com\/index.php?rest_route=\/wp\/v2\/posts\/191835","targetHints":{"allow":["GET"]}}],"collection":[{"href":"https:\/\/diariodominicano.com\/index.php?rest_route=\/wp\/v2\/posts"}],"about":[{"href":"https:\/\/diariodominicano.com\/index.php?rest_route=\/wp\/v2\/types\/post"}],"author":[{"embeddable":true,"href":"https:\/\/diariodominicano.com\/index.php?rest_route=\/wp\/v2\/users\/3"}],"replies":[{"embeddable":true,"href":"https:\/\/diariodominicano.com\/index.php?rest_route=%2Fwp%2Fv2%2Fcomments&post=191835"}],"version-history":[{"count":0,"href":"https:\/\/diariodominicano.com\/index.php?rest_route=\/wp\/v2\/posts\/191835\/revisions"}],"wp:attachment":[{"href":"https:\/\/diariodominicano.com\/index.php?rest_route=%2Fwp%2Fv2%2Fmedia&parent=191835"}],"wp:term":[{"taxonomy":"category","embeddable":true,"href":"https:\/\/diariodominicano.com\/index.php?rest_route=%2Fwp%2Fv2%2Fcategories&post=191835"},{"taxonomy":"post_tag","embeddable":true,"href":"https:\/\/diariodominicano.com\/index.php?rest_route=%2Fwp%2Fv2%2Ftags&post=191835"}],"curies":[{"name":"wp","href":"https:\/\/api.w.org\/{rel}","templated":true}]}}