{"id":191834,"date":"2007-12-17T16:55:42","date_gmt":"2007-12-17T16:55:42","guid":{"rendered":"http:\/\/diariodominicano.ddns.net\/?p=191834"},"modified":"2007-12-17T16:55:42","modified_gmt":"2007-12-17T16:55:42","slug":"sector-externo-por-la-victoria-electoral-organiza-aguinaldos-en-parte-norte-del-distrito-nacional","status":"publish","type":"post","link":"https:\/\/diariodominicano.com\/?p=191834","title":{"rendered":"Sector Externo por la Victoria Electoral organiza aguinaldos en parte norte del Distrito Nacional"},"content":{"rendered":"<p><body><\/p>\n<p align=\"justify\" class=\"text1noticias\"><span class=\"titulogrande1\"><strong>Sector Externo por la Victoria Electoral organiza aguinaldos en parte norte del Distrito Nacional<\/strong><\/span><strong><br \/>&#13;<br \/>\n  <br \/>&#13;<br \/>\n      <img loading=\"lazy\" decoding=\"async\" src=\"http:\/\/localhost:8080\/pictures\/sector externo victoria electoral.jpg\" width=\"269\" height=\"180\" hspace=\"4\" align=\"left\" \/>SANTO  DOMINGO.-<\/strong> El Sector Externo  por la Victoria Electoral  (SEVE) organiz\u00f3 la celebraci\u00f3n de aguinaldos en diversos sectores de la parte  Norte del Distrito Nacional en ocasi\u00f3n de las fiestas navide\u00f1as.<\/p>\n<p>&#13;<\/p>\n<p align=\"justify\" class=\"text1noticias\">El co-presidente del SEVE, Cesar Mella, tuvo a su cargo el montaje  de las festividades iniciadas en el populoso sector de Gualey y que continuar\u00e1n  en otras barriadas de la capital y las provincias.<\/p>\n<p>&#13;<\/p>\n<p align=\"justify\" class=\"text1noticias\">En la actividad participaron los coordinadores del SEVE,  familiares y allegados, entre ellos Basilio Heredia, Tulio Zapata Mena,  Alejandro Pe\u00f1a P\u00e9rez, Jos\u00e9 Araujo, Marcelino Montero Vicente, Victor Mi\u00e9ses  Valera y Samuel Heredia.<\/p>\n<p>&#13;<\/p>\n<h6> 2007-12-17 16:55:42 <\/h6>\n<p><!--\n<link rel=\"stylesheet\" href=\"css\/bootstrap.min.css\">\n\n\n<ul class=\"pagination\">\n\t    \n\t\n\n<li >\n\t<a href='?page_no=34581'>Previous<\/a>\n\t<\/li>\n\n\n       \n    \n\n<li><a href='?page_no=1'>1<\/a><\/li>\n\n\n\n<li><a href='?page_no=2'>2<\/a><\/li>\n\n\n\n<li><a>...<\/a><\/li>\n\n\n\n<li><a href='?page_no=34580'>34580<\/a><\/li>\n\n\n\n<li><a href='?page_no=34581'>34581<\/a><\/li>\n\n\n\n<li class='active'><a>34582<\/a><\/li>\n\n\n\n<li><a href='?page_no=34583'>34583<\/a><\/li>\n\n\n\n<li><a href='?page_no=34584'>34584<\/a><\/li>\n\n\n\n<li><a>...<\/a><\/li>\n\n\n\n<li><a href='?page_no=36999'>36999<\/a><\/li>\n\n\n\n<li><a href='?page_no=37000'>37000<\/a><\/li>\n\n    \n\t\n\n<li >\n\t<a href='?page_no=34583'>Next<\/a>\n\t<\/li>\n\n\n    \n\n<li><a href='?page_no=37000'>Last &rsaquo;&rsaquo;<\/a><\/li>\n\n<\/ul>\n\n\n--><br \/>\n<\/body><\/p>\n","protected":false},"excerpt":{"rendered":"<p>Sector Externo por la Victoria Electoral organiza aguinaldos en parte norte del Distrito Nacional&#13; &#13; SANTO DOMINGO.- El Sector Externo por la Victoria Electoral (SEVE) organiz\u00f3 la celebraci\u00f3n de aguinaldos en diversos sectores de la parte Norte del Distrito Nacional en ocasi\u00f3n de las fiestas navide\u00f1as. &#13; El co-presidente del SEVE, Cesar Mella, tuvo a [&hellip;]<\/p>\n","protected":false},"author":3,"featured_media":0,"comment_status":"open","ping_status":"open","sticky":false,"template":"","format":"standard","meta":{"footnotes":""},"categories":[22],"tags":[],"class_list":["post-191834","post","type-post","status-publish","format-standard","hentry","category-politica"],"_links":{"self":[{"href":"https:\/\/diariodominicano.com\/index.php?rest_route=\/wp\/v2\/posts\/191834","targetHints":{"allow":["GET"]}}],"collection":[{"href":"https:\/\/diariodominicano.com\/index.php?rest_route=\/wp\/v2\/posts"}],"about":[{"href":"https:\/\/diariodominicano.com\/index.php?rest_route=\/wp\/v2\/types\/post"}],"author":[{"embeddable":true,"href":"https:\/\/diariodominicano.com\/index.php?rest_route=\/wp\/v2\/users\/3"}],"replies":[{"embeddable":true,"href":"https:\/\/diariodominicano.com\/index.php?rest_route=%2Fwp%2Fv2%2Fcomments&post=191834"}],"version-history":[{"count":0,"href":"https:\/\/diariodominicano.com\/index.php?rest_route=\/wp\/v2\/posts\/191834\/revisions"}],"wp:attachment":[{"href":"https:\/\/diariodominicano.com\/index.php?rest_route=%2Fwp%2Fv2%2Fmedia&parent=191834"}],"wp:term":[{"taxonomy":"category","embeddable":true,"href":"https:\/\/diariodominicano.com\/index.php?rest_route=%2Fwp%2Fv2%2Fcategories&post=191834"},{"taxonomy":"post_tag","embeddable":true,"href":"https:\/\/diariodominicano.com\/index.php?rest_route=%2Fwp%2Fv2%2Ftags&post=191834"}],"curies":[{"name":"wp","href":"https:\/\/api.w.org\/{rel}","templated":true}]}}