{"id":191832,"date":"2007-12-18T00:43:18","date_gmt":"2007-12-18T00:43:18","guid":{"rendered":"http:\/\/diariodominicano.ddns.net\/?p=191832"},"modified":"2007-12-18T00:43:18","modified_gmt":"2007-12-18T00:43:18","slug":"amable-aristy-dice-hay-que-atar-de-manos-a-leonel-con-un-nuevo-acuerdo-con-el-fondo-monetario","status":"publish","type":"post","link":"https:\/\/diariodominicano.com\/?p=191832","title":{"rendered":"Amable Aristy dice \u201cHay que atar de manos a Leonel con un nuevo acuerdo con el Fondo Monetario\u201d"},"content":{"rendered":"<p><body><\/p>\n<p align=\"justify\" class=\"titulogrande1\">Amable Aristy dice <strong>\u201cHay que atar de manos a Leonel con un<\/strong> <strong>nuevo acuerdo con el Fondo Monetario\u201d<\/strong><\/p>\n<p>&#13;<\/p>\n<p align=\"justify\" class=\"text1noticias\"><strong><img loading=\"lazy\" decoding=\"async\" src=\"http:\/\/localhost:8080\/pictures\/amablearisty foto.jpg\" width=\"269\" height=\"263\" hspace=\"4\" align=\"left\" \/>Santo Domingo.-<\/strong> El  candidato presidencial del Partido Reformista Social Cristiano (PRSC), Amable  Aristy, declar\u00f3 que el presidente Leonel Fern\u00e1ndez debe ser \u201catado de manos\u201d en  el a\u00f1o electoral que se avecina, porque dijo que manejar\u00e1 el presupuesto m\u00e1s  grande de la historia del pa\u00eds.<\/p>\n<p>&#13;<\/p>\n<p align=\"justify\" class=\"text1noticias\">Dijo que el  presidente-candidato Fern\u00e1ndez someti\u00f3 al Congreso un presupuesto de 300 mil  millones de pesos para el 2008, lo que a su juicio amerita de una celosa  vigilancia sobre el manejo de esos cuantiosos recursos.<\/p>\n<p>&#13;<\/p>\n<p align=\"justify\" class=\"text1noticias\">\u201cY que mejor que  un nuevo acuerdo con el FMI, tomando en cuenta que el 31 de enero de 2008  culmina el stand-bay que firmaron las actuales autoridades con ese organismo  internacional\u201d, agreg\u00f3.<\/p>\n<p>&#13;<\/p>\n<p align=\"justify\" class=\"text1noticias\">Insisti\u00f3 que el  presidente Fern\u00e1ndez\u00a0 \u201cno puede gobernar  con las manos sueltas, m\u00e1s ahora que se presenta como candidato a la  reelecci\u00f3n\u201d.<\/p>\n<p>&#13;<\/p>\n<p align=\"justify\" class=\"text1noticias\">Consider\u00f3 que  est\u00e1 m\u00e1s que demostrado que el presidente Fern\u00e1ndez no puede gobernar sin una  vigilancia sobre el manejo del presupuesto, \u201cpues a pesar de los excedentes  fiscales obtenidos de las \u00faltimas reformas fiscales, el dinero no le alcanza  por la mala calidad en el gasto\u201d.<\/p>\n<p>&#13;<\/p>\n<p align=\"justify\" class=\"text1noticias\">Afirm\u00f3 que es una verg\u00fcenza que la Rep\u00fablica Dominicana  sea el tercer pa\u00eds con la menor inmersi\u00f3n en salud, educaci\u00f3n, agua potable y  viviendas del Continente Americano.<\/p>\n<p>&#13;<\/p>\n<p align=\"justify\" class=\"text1noticias\">\u201cEsto ocurre,  mientras este gobierno gasta una parte importante del presupuesto nacional en  obras no prioritarias, como el Metro de Santo Domingo, y dilapida cuantiosos  recursos del erario en viajes al extranjero, vi\u00e1ticos, comisiones y sueldos de  lujos\u201d, agreg\u00f3.<\/p>\n<p>&#13;<\/p>\n<p align=\"justify\" class=\"text1noticias\">Resalt\u00f3 asimismo  que est\u00e1\u00a0 m\u00e1s que demostrado que los  gobiernos de Leonel Fern\u00e1ndez\u00a0 son muy  buenos para cobrar y poner impuestos, \u201cpero muy malos para gastar y muy  propensos al endeudamiento externo e interno\u201d.<\/p>\n<p>&#13;<\/p>\n<p align=\"justify\" class=\"text1noticias\">Insisti\u00f3 que por  ello se hace necesario un nuevo acuerdo con el FMI, que a su juicio tambi\u00e9n  servir\u00e1 para\u00a0 poner un\u00a0 techo al endeudamiento externo e interno del  pa\u00eds.<\/p>\n<p>&#13;<\/p>\n<p align=\"justify\" class=\"text1noticias\">Record\u00f3 que Fern\u00e1ndez  solamente gobernar\u00e1 hasta el 16 de agosto de 2008, por lo que es su obligaci\u00f3n  preservar la estabilidad y no dejarse tentar por los personeros de la  reelecci\u00f3n \u201cque lo est\u00e1n tentando a descalabrar la econom\u00eda con la vana  esperanza de lograr beneficios electorales\u201d.<\/p>\n<p>&#13;<\/p>\n<p align=\"justify\" class=\"text1noticias\">Manifest\u00f3 que  debe haber un nuevo acuerdo con el organismo crediticio internacional como  exige el empresariado nacional y\u00a0 lo  sugiere el secretario de Planificaci\u00f3n y Desarrollo, Temistocles Montas.<\/p>\n<p>&#13;<\/p>\n<p align=\"justify\" class=\"text1noticias\">\u201cNosotros  exigimos que el presidente Fern\u00e1ndez se pronuncie sobre la pertinencia o no de  un nuevo acuerdo con el FMI\u201d, agreg\u00f3 finalmente.<\/p>\n<p>&#13;<\/p>\n<h6> 2007-12-18 00:43:18 <\/h6>\n<p><!--\n<link rel=\"stylesheet\" href=\"css\/bootstrap.min.css\">\n\n\n<ul class=\"pagination\">\n\t    \n\t\n\n<li >\n\t<a href='?page_no=34579'>Previous<\/a>\n\t<\/li>\n\n\n       \n    \n\n<li><a href='?page_no=1'>1<\/a><\/li>\n\n\n\n<li><a href='?page_no=2'>2<\/a><\/li>\n\n\n\n<li><a>...<\/a><\/li>\n\n\n\n<li><a href='?page_no=34578'>34578<\/a><\/li>\n\n\n\n<li><a href='?page_no=34579'>34579<\/a><\/li>\n\n\n\n<li class='active'><a>34580<\/a><\/li>\n\n\n\n<li><a href='?page_no=34581'>34581<\/a><\/li>\n\n\n\n<li><a href='?page_no=34582'>34582<\/a><\/li>\n\n\n\n<li><a>...<\/a><\/li>\n\n\n\n<li><a href='?page_no=36999'>36999<\/a><\/li>\n\n\n\n<li><a href='?page_no=37000'>37000<\/a><\/li>\n\n    \n\t\n\n<li >\n\t<a href='?page_no=34581'>Next<\/a>\n\t<\/li>\n\n\n    \n\n<li><a href='?page_no=37000'>Last &rsaquo;&rsaquo;<\/a><\/li>\n\n<\/ul>\n\n\n--><br \/>\n<\/body><\/p>\n","protected":false},"excerpt":{"rendered":"<p>Amable Aristy dice \u201cHay que atar de manos a Leonel con un nuevo acuerdo con el Fondo Monetario\u201d &#13; Santo Domingo.- El candidato presidencial del Partido Reformista Social Cristiano (PRSC), Amable Aristy, declar\u00f3 que el presidente Leonel Fern\u00e1ndez debe ser \u201catado de manos\u201d en el a\u00f1o electoral que se avecina, porque dijo que manejar\u00e1 el [&hellip;]<\/p>\n","protected":false},"author":3,"featured_media":0,"comment_status":"open","ping_status":"open","sticky":false,"template":"","format":"standard","meta":{"footnotes":""},"categories":[22],"tags":[],"class_list":["post-191832","post","type-post","status-publish","format-standard","hentry","category-politica"],"_links":{"self":[{"href":"https:\/\/diariodominicano.com\/index.php?rest_route=\/wp\/v2\/posts\/191832","targetHints":{"allow":["GET"]}}],"collection":[{"href":"https:\/\/diariodominicano.com\/index.php?rest_route=\/wp\/v2\/posts"}],"about":[{"href":"https:\/\/diariodominicano.com\/index.php?rest_route=\/wp\/v2\/types\/post"}],"author":[{"embeddable":true,"href":"https:\/\/diariodominicano.com\/index.php?rest_route=\/wp\/v2\/users\/3"}],"replies":[{"embeddable":true,"href":"https:\/\/diariodominicano.com\/index.php?rest_route=%2Fwp%2Fv2%2Fcomments&post=191832"}],"version-history":[{"count":0,"href":"https:\/\/diariodominicano.com\/index.php?rest_route=\/wp\/v2\/posts\/191832\/revisions"}],"wp:attachment":[{"href":"https:\/\/diariodominicano.com\/index.php?rest_route=%2Fwp%2Fv2%2Fmedia&parent=191832"}],"wp:term":[{"taxonomy":"category","embeddable":true,"href":"https:\/\/diariodominicano.com\/index.php?rest_route=%2Fwp%2Fv2%2Fcategories&post=191832"},{"taxonomy":"post_tag","embeddable":true,"href":"https:\/\/diariodominicano.com\/index.php?rest_route=%2Fwp%2Fv2%2Ftags&post=191832"}],"curies":[{"name":"wp","href":"https:\/\/api.w.org\/{rel}","templated":true}]}}