{"id":191831,"date":"2007-12-18T01:23:50","date_gmt":"2007-12-18T01:23:50","guid":{"rendered":"http:\/\/diariodominicano.ddns.net\/?p=191831"},"modified":"2007-12-18T01:23:50","modified_gmt":"2007-12-18T01:23:50","slug":"vargas-maldonado-gestionara-bloque-del-prd-asuma-defensa-presupuesto-de-jce","status":"publish","type":"post","link":"https:\/\/diariodominicano.com\/?p=191831","title":{"rendered":"Vargas Maldonado gestionar\u00e1 bloque del PRD asuma defensa presupuesto de JCE"},"content":{"rendered":"<p><body><\/p>\n<p align=\"justify\" class=\"titulogrande1\">Vargas  Maldonado gestionar\u00e1 bloque del PRD asuma defensa presupuesto de JCE<\/p>\n<p>&#13;<\/p>\n<p align=\"justify\" class=\"text1noticias\"><strong><img loading=\"lazy\" decoding=\"async\" src=\"http:\/\/localhost:8080\/pictures\/maldonado derechos civiles 1.jpg\" width=\"269\" height=\"265\" hspace=\"4\" align=\"left\" \/>Santo Domingo.- <\/strong>El candidato  presidencial Miguel Vargas gestionar\u00e1 que el bloque parlamentario del Partido  Revolucionario Dominicano asuma la defensa de un presupuesto que le permita a la Junta Central  Electoral (JCE) organizar unas elecciones transparentes y que robustezcan el  proceso institucional del pa\u00eds.<br \/>&#13;<br \/>\n    <br \/>&#13;<br \/>\n  Dijo que\u00a0 \u00abel Congreso Nacional debe resolver este conflicto creado  por un presidente reeleccionista que pretende convertirse en juez y parte del  proceso electoral, modificando el calendario de trabajo de la Junta mediante el cerco  econ\u00f3mico que intenta levantar alrededor del organismo rector de las  elecciones.<br \/>&#13;<br \/>\n  <br \/>&#13;<br \/>\n  Manifest\u00f3 que resulta inaceptable que el candidato reeleccionista promueva una  limitaci\u00f3n presupuestaria a la JCE,  precisamente para el a\u00f1o que el alto tribunal debe contar con mayor apoyo  econ\u00f3mico para la aplicaci\u00f3n de los distintos programas que deben culminar con  el proceso electoral del pr\u00f3ximo mes de mayo.<br \/>&#13;<br \/>\n  <br \/>&#13;<br \/>\n  Consider\u00f3 que el candidato presidente subestima la inteligencia de la sociedad  dominicana cuando realiza una maniobra tan burda, pues resulta demasiado obvio  que con la reducci\u00f3n del\u00a0 presupuesto al tribunal de elecciones est\u00e1  jugando a poner presi\u00f3n a favor de sus aspiraciones de seguir dirigiendo los  destino del pa\u00eds.<br \/>&#13;<br \/>\n  <br \/>&#13;<br \/>\n  Deplor\u00f3 que en pleno siglo XXI un presidente de la Rep\u00fablica, como Leonel  Fern\u00e1ndez, desconozca incluso disposiciones legales que establecen\u00a0 la  autonom\u00eda presupuestaria de determinadas entidades del Estado.<br \/>&#13;<br \/>\n  <br \/>&#13;<br \/>\n  El pa\u00eds, sostuvo Vargas, no puede seguir teniendo un presidente de la Rep\u00fablica que violente  el ordenamiento institucional de pa\u00eds y reduzca el ejercicio presidencial a  ejecutorias orientadas \u00fanicamente a dar rienda suelta a su ambici\u00f3n de seguir  en un poder que no le sirve a la gente para que sean resueltas sus necesidades.<br \/>&#13;<br \/>\n  <br \/>&#13;<br \/>\n  Dijo que por estar convencido de que la Rep\u00fablica Dominicana  no debe seguir dirigida en funci\u00f3n del inter\u00e9s particular de un presidente de la Rep\u00fablica, es que ha  propuesto a la sociedad un proyecto de pa\u00eds basado en el respeto a la gente, el  cumplimiento estricto de la   Constituci\u00f3n y las leyes y el desarrollo humano para la  mayor\u00eda de los dominicanos y dominicanas.<\/p>\n<p>&#13;<\/p>\n<h6> 2007-12-18 01:23:50 <\/h6>\n<p><!--\n<link rel=\"stylesheet\" href=\"css\/bootstrap.min.css\">\n\n\n<ul class=\"pagination\">\n\t    \n\t\n\n<li >\n\t<a href='?page_no=34578'>Previous<\/a>\n\t<\/li>\n\n\n       \n    \n\n<li><a href='?page_no=1'>1<\/a><\/li>\n\n\n\n<li><a href='?page_no=2'>2<\/a><\/li>\n\n\n\n<li><a>...<\/a><\/li>\n\n\n\n<li><a href='?page_no=34577'>34577<\/a><\/li>\n\n\n\n<li><a href='?page_no=34578'>34578<\/a><\/li>\n\n\n\n<li class='active'><a>34579<\/a><\/li>\n\n\n\n<li><a href='?page_no=34580'>34580<\/a><\/li>\n\n\n\n<li><a href='?page_no=34581'>34581<\/a><\/li>\n\n\n\n<li><a>...<\/a><\/li>\n\n\n\n<li><a href='?page_no=36999'>36999<\/a><\/li>\n\n\n\n<li><a href='?page_no=37000'>37000<\/a><\/li>\n\n    \n\t\n\n<li >\n\t<a href='?page_no=34580'>Next<\/a>\n\t<\/li>\n\n\n    \n\n<li><a href='?page_no=37000'>Last &rsaquo;&rsaquo;<\/a><\/li>\n\n<\/ul>\n\n\n--><br \/>\n<\/body><\/p>\n","protected":false},"excerpt":{"rendered":"<p>Vargas Maldonado gestionar\u00e1 bloque del PRD asuma defensa presupuesto de JCE &#13; Santo Domingo.- El candidato presidencial Miguel Vargas gestionar\u00e1 que el bloque parlamentario del Partido Revolucionario Dominicano asuma la defensa de un presupuesto que le permita a la Junta Central Electoral (JCE) organizar unas elecciones transparentes y que robustezcan el proceso institucional del pa\u00eds.&#13; [&hellip;]<\/p>\n","protected":false},"author":3,"featured_media":0,"comment_status":"open","ping_status":"open","sticky":false,"template":"","format":"standard","meta":{"footnotes":""},"categories":[22],"tags":[],"class_list":["post-191831","post","type-post","status-publish","format-standard","hentry","category-politica"],"_links":{"self":[{"href":"https:\/\/diariodominicano.com\/index.php?rest_route=\/wp\/v2\/posts\/191831","targetHints":{"allow":["GET"]}}],"collection":[{"href":"https:\/\/diariodominicano.com\/index.php?rest_route=\/wp\/v2\/posts"}],"about":[{"href":"https:\/\/diariodominicano.com\/index.php?rest_route=\/wp\/v2\/types\/post"}],"author":[{"embeddable":true,"href":"https:\/\/diariodominicano.com\/index.php?rest_route=\/wp\/v2\/users\/3"}],"replies":[{"embeddable":true,"href":"https:\/\/diariodominicano.com\/index.php?rest_route=%2Fwp%2Fv2%2Fcomments&post=191831"}],"version-history":[{"count":0,"href":"https:\/\/diariodominicano.com\/index.php?rest_route=\/wp\/v2\/posts\/191831\/revisions"}],"wp:attachment":[{"href":"https:\/\/diariodominicano.com\/index.php?rest_route=%2Fwp%2Fv2%2Fmedia&parent=191831"}],"wp:term":[{"taxonomy":"category","embeddable":true,"href":"https:\/\/diariodominicano.com\/index.php?rest_route=%2Fwp%2Fv2%2Fcategories&post=191831"},{"taxonomy":"post_tag","embeddable":true,"href":"https:\/\/diariodominicano.com\/index.php?rest_route=%2Fwp%2Fv2%2Ftags&post=191831"}],"curies":[{"name":"wp","href":"https:\/\/api.w.org\/{rel}","templated":true}]}}