{"id":191830,"date":"2007-12-18T05:45:23","date_gmt":"2007-12-18T05:45:23","guid":{"rendered":"http:\/\/diariodominicano.ddns.net\/?p=191830"},"modified":"2007-12-18T05:45:23","modified_gmt":"2007-12-18T05:45:23","slug":"el-psoe-estudia-incluir-de-nuevo-en-su-programa-la-regulacion-del-aborto","status":"publish","type":"post","link":"https:\/\/diariodominicano.com\/?p=191830","title":{"rendered":"EL PSOE estudia incluir de nuevo en su programa la regulaci\u00f3n del aborto"},"content":{"rendered":"<p><body><\/p>\n<p align=\"justify\"><strong class=\"titulogrande1\">EL PSOE  estudia incluir de nuevo en su programa la regulaci\u00f3n del aborto<\/strong><br \/>&#13;<br \/>\n  <br \/>&#13;<br \/>\n    <strong>Los casos de Barcelona  y Madrid de interrupciones ilegales del embarazo mueven a la direcci\u00f3n  socialista a abrir un debate interno <\/strong><\/p>\n<p>&#13;<\/p>\n<p align=\"justify\" class=\"text1noticias\"><strong>MADRID.-<\/strong> El PSOE ha reconsiderado su posici\u00f3n inicial de excluir  de su programa electoral una nueva regulaci\u00f3n de la interrupci\u00f3n del embarazo.  Los casos surgidos en Barcelona y Madrid de pr\u00e1ctica de abortos ilegales mueve  a la direcci\u00f3n socialista a abrir un debate interno sobre c\u00f3mo establecer  mayores garant\u00edas jur\u00eddicas para las mujeres y fijar con m\u00e1s precisi\u00f3n los  supuestos para abortar. Esta nueva situaci\u00f3n ha surgido de la reuni\u00f3n de la Comisi\u00f3n Ejecutiva  Federal del PSOE en la que el secretario general y presidente del Gobierno,  Jos\u00e9 Luis Rodr\u00edguez Zapatero, ha escuchado un torrente de intervenciones de sus  compa\u00f1eros, la mayor\u00eda mujeres aunque tambi\u00e9n han expresado su opini\u00f3n miembros  varones de la ejecutiva.<br \/>&#13;<br \/>\n  <br \/>&#13;<br \/>\n  Los miembros de la ejecutiva han se\u00f1alado la necesidad de que el  PSOE fije una posici\u00f3n a favor de la interrupci\u00f3n del embarazo toda vez que  ante las ilegalidades descubiertas estos d\u00edas, s\u00f3lo se escucha a los sectores  que est\u00e1n en contra de ese derecho. Por otro lado, tambi\u00e9n se ha abierto la  reflexi\u00f3n, aceptada por Zapatero, de una posible nueva regulaci\u00f3n del aborto.<br \/>&#13;<br \/>\n  <br \/>&#13;<br \/>\n  Ahora los tres supuestos de despenalizaci\u00f3n son los siguientes:  violaci\u00f3n denunciada, graves taras f\u00edsicas o ps\u00edquicas del feto y grave peligro  para la vida o para la salud f\u00edsica o ps\u00edquica de la madre. El coordinador del  programa electoral del PSOE, Jes\u00fas Caldera, anunci\u00f3 hace dos semanas que el  partido hab\u00eda desestimado ampliar los supuestos legales para interrumpir el  embarazo, tal como se recog\u00eda en el programa electoral de 2004.<br \/>&#13;<br \/>\n  <br \/>&#13;<br \/>\n  Pese a ir en el programa, el Gobierno mostr\u00f3 muy pronto que no  iba a ser f\u00e1cil cumplir lo prometido. En agosto de 2004, Zapatero afirm\u00f3 que la  ampliaci\u00f3n de la ley del aborto no estaba \u00aben la previsi\u00f3n de la agenda  legislativa con car\u00e1cter inminente\u00bb. El PSOE ha venido desde entonces insistiendo  en que la sociedad espa\u00f1ola no est\u00e1 insatisfecha con una regulaci\u00f3n como la  actual que permite interrumpir el embarazo con cierta facilidad. IU-ICV ha  intentado a trav\u00e9s de distintas iniciativas que el PSOE cumpliera su promesa de  alcanzar una ley de plazos, como en la mayor\u00eda de los pa\u00edses de la Uni\u00f3n Europea, en  lugar de los actuales supuestos.<br \/>&#13;<br \/>\n  <br \/>&#13;<br \/>\n  <strong>ANABEL D\u00cdEZ<\/strong> &#8211; Madrid &#8211; 17\/12\/2007 \/El Pa\u00eds<\/p>\n<p>&#13;<\/p>\n<h6> 2007-12-18 05:45:23 <\/h6>\n<p><!--\n<link rel=\"stylesheet\" href=\"css\/bootstrap.min.css\">\n\n\n<ul class=\"pagination\">\n\t    \n\t\n\n<li >\n\t<a href='?page_no=34577'>Previous<\/a>\n\t<\/li>\n\n\n       \n    \n\n<li><a href='?page_no=1'>1<\/a><\/li>\n\n\n\n<li><a href='?page_no=2'>2<\/a><\/li>\n\n\n\n<li><a>...<\/a><\/li>\n\n\n\n<li><a href='?page_no=34576'>34576<\/a><\/li>\n\n\n\n<li><a href='?page_no=34577'>34577<\/a><\/li>\n\n\n\n<li class='active'><a>34578<\/a><\/li>\n\n\n\n<li><a href='?page_no=34579'>34579<\/a><\/li>\n\n\n\n<li><a href='?page_no=34580'>34580<\/a><\/li>\n\n\n\n<li><a>...<\/a><\/li>\n\n\n\n<li><a href='?page_no=36999'>36999<\/a><\/li>\n\n\n\n<li><a href='?page_no=37000'>37000<\/a><\/li>\n\n    \n\t\n\n<li >\n\t<a href='?page_no=34579'>Next<\/a>\n\t<\/li>\n\n\n    \n\n<li><a href='?page_no=37000'>Last &rsaquo;&rsaquo;<\/a><\/li>\n\n<\/ul>\n\n\n--><br \/>\n<\/body><\/p>\n","protected":false},"excerpt":{"rendered":"<p>EL PSOE estudia incluir de nuevo en su programa la regulaci\u00f3n del aborto&#13; &#13; Los casos de Barcelona y Madrid de interrupciones ilegales del embarazo mueven a la direcci\u00f3n socialista a abrir un debate interno &#13; MADRID.- El PSOE ha reconsiderado su posici\u00f3n inicial de excluir de su programa electoral una nueva regulaci\u00f3n de la [&hellip;]<\/p>\n","protected":false},"author":3,"featured_media":0,"comment_status":"open","ping_status":"open","sticky":false,"template":"","format":"standard","meta":{"footnotes":""},"categories":[22],"tags":[],"class_list":["post-191830","post","type-post","status-publish","format-standard","hentry","category-politica"],"_links":{"self":[{"href":"https:\/\/diariodominicano.com\/index.php?rest_route=\/wp\/v2\/posts\/191830","targetHints":{"allow":["GET"]}}],"collection":[{"href":"https:\/\/diariodominicano.com\/index.php?rest_route=\/wp\/v2\/posts"}],"about":[{"href":"https:\/\/diariodominicano.com\/index.php?rest_route=\/wp\/v2\/types\/post"}],"author":[{"embeddable":true,"href":"https:\/\/diariodominicano.com\/index.php?rest_route=\/wp\/v2\/users\/3"}],"replies":[{"embeddable":true,"href":"https:\/\/diariodominicano.com\/index.php?rest_route=%2Fwp%2Fv2%2Fcomments&post=191830"}],"version-history":[{"count":0,"href":"https:\/\/diariodominicano.com\/index.php?rest_route=\/wp\/v2\/posts\/191830\/revisions"}],"wp:attachment":[{"href":"https:\/\/diariodominicano.com\/index.php?rest_route=%2Fwp%2Fv2%2Fmedia&parent=191830"}],"wp:term":[{"taxonomy":"category","embeddable":true,"href":"https:\/\/diariodominicano.com\/index.php?rest_route=%2Fwp%2Fv2%2Fcategories&post=191830"},{"taxonomy":"post_tag","embeddable":true,"href":"https:\/\/diariodominicano.com\/index.php?rest_route=%2Fwp%2Fv2%2Ftags&post=191830"}],"curies":[{"name":"wp","href":"https:\/\/api.w.org\/{rel}","templated":true}]}}