{"id":191829,"date":"2007-12-18T05:50:16","date_gmt":"2007-12-18T05:50:16","guid":{"rendered":"http:\/\/diariodominicano.ddns.net\/?p=191829"},"modified":"2007-12-18T05:50:16","modified_gmt":"2007-12-18T05:50:16","slug":"200-000-espanoles-mas","status":"publish","type":"post","link":"https:\/\/diariodominicano.com\/?p=191829","title":{"rendered":"200.000 espa\u00f1oles m\u00e1s"},"content":{"rendered":"<p><body><\/p>\n<p align=\"justify\"><strong class=\"titulogrande1\">200.000  espa\u00f1oles m\u00e1s<\/strong><br \/>&#13;<br \/>\n  <br \/>&#13;<br \/>\n    <strong>La Ley de Memoria Hist\u00f3rica desata la euforia en  Argentina por la posibilidad de que los nietos de exiliados recuperen la  nacionalidad <\/strong><\/p>\n<p>&#13;<\/p>\n<p align=\"justify\" class=\"text1noticias\"><strong><img loading=\"lazy\" decoding=\"async\" src=\"http:\/\/localhost:8080\/pictures\/rajoy.jpg\" width=\"269\" height=\"198\" hspace=\"4\" align=\"left\" \/>BUENOS AIRES.- <\/strong>La   Ley de Memoria Hist\u00f3rica, por la que nietos de emigrantes espa\u00f1oles  podr\u00e1n recuperar la nacionalidad de sus antepasados, ha despertado expectativas  en Argentina.<br \/>&#13;<br \/>\n  <br \/>&#13;<br \/>\n  El pa\u00eds latinoamericano alberga probablemente el mayor n\u00famero de  posibles beneficiados, alrededor de 200.000, seg\u00fan la diputada socialista  gallega Marisol Soneira. Las consultas a gestores de tr\u00e1mites migratorios se  han triplicado. No obstante, la norma, que a\u00fan debe publicarse en el Bolet\u00edn  Oficial del Estado, ha generado pol\u00e9mica.<br \/>&#13;<br \/>\n  <br \/>&#13;<br \/>\n  En su visita a Buenos Aires con vistas a las elecciones  generales de marzo, el presidente del Partido Popular, Mariano Rajoy, tuvo que  explicar el jueves pasado, en una rueda de prensa, por qu\u00e9 vot\u00f3 en contra de la Ley de Memoria Hist\u00f3rica.  \u00abLa ley s\u00f3lo dice que pueden adquirir la nacionalidad espa\u00f1ola los nietos  de exiliados, y no los familiares de aquellas personas que se fueron de Espa\u00f1a  por otras razones. Y esto, para m\u00ed, es una discriminaci\u00f3n manifiestamente  injusta hacia los nietos de espa\u00f1oles que emigraron por razones econ\u00f3micas u  otros motivos\u201d, se defendi\u00f3 Rajoy.<br \/>&#13;<br \/>\n  <br \/>&#13;<br \/>\n  El aspirante del PP a la presidencia del Gobierno dio a entender  as\u00ed que s\u00f3lo los descendientes de aquellos que emigraron durante la Guerra Civil y la  dictadura de Franco iban a obtener la ciudadan\u00eda. Tambi\u00e9n prometi\u00f3 que \u00e9l  promover\u00e1 la nacionalizaci\u00f3n de todos los nietos de espa\u00f1oles.<br \/>&#13;<br \/>\n  <br \/>&#13;<br \/>\n  Las declaracion&#13;<br \/>\n  es de Rajoy ocasionaron numerosas consultas de  integrantes del colectivo Hijos y Nietos de Espa\u00f1oles a su coordinador, Daniel  Barreiro. \u201cEs una pena que nos usen a los nietos como bot\u00edn de guerra, porque  \u00e9sta es una ley para nietos en general\u201d, les respondi\u00f3 Barreiro en el foro de  Internet de su organizaci\u00f3n, que agrupa a 3.000 personas en toda Latinoam\u00e9rica.<br \/>&#13;<br \/>\n  <br \/>&#13;<br \/>\n  Barreiro, de 40 a\u00f1os, apol\u00edtico y cuyos abuelos llegaron de  Galicia durante la   Primera Guerra Mundial, lament\u00f3 que el l\u00edder popular no haya  le\u00eddo bien la primera enmienda de la ley y asegur\u00f3 que la semana pasada en  Madrid el presidente del Gobierno espa\u00f1ol, Jos\u00e9 Luis Rodr\u00edguez Zapatero, y el  ministro de Trabajo y Asuntos Sociales, Jes\u00fas Caldera, le prometieron que se  amparar\u00e1 a todos los nietos.<br \/>&#13;<br \/>\n  <br \/>&#13;<br \/>\n  Barreiro, que no aspira a emigrar a Espa\u00f1a sino que quiere la  nacionalidad por una cuesti\u00f3n de \u201cidentidad\u201d, reconoci\u00f3 que todo depender\u00e1 de  la reglamentaci\u00f3n de la ley y prometi\u00f3 que presionar\u00e1 a cualquiera que gane los  comicios, sea el PSOE o el PP, para que cumpla con su palabra.<br \/>&#13;<br \/>\n  <br \/>&#13;<br \/>\n  Antes de la Ley  de Memoria Hist\u00f3rica, los nietos de espa\u00f1oles deb\u00edan cumplir con el requisito  de contar con un a\u00f1o de residencia legal en Espa\u00f1a para conseguir la  nacionalidad. En el texto de la norma se aclara que se beneficiar\u00e1 a quienes  \u201chayan perdido o tenido que renunciar a la nacionalidad espa\u00f1ola\u201d como  consecuencia \u201cdel exilio\u201d.<br \/>&#13;<br \/>\n  <br \/>&#13;<br \/>\n  Los tr\u00e1mites de nacionalizaci\u00f3n s\u00f3lo comenzar\u00e1n un a\u00f1o despu\u00e9s  de promulgada la ley, en enero de 2009, porque la Administraci\u00f3n y  los consulados deber\u00e1n prepararse para lo que se supone una catarata de  peticiones, tal vez un mill\u00f3n, sobre todo en Argentina, M\u00e9xico, Uruguay y  Chile.<br \/>&#13;<br \/>\n  <br \/>&#13;<br \/>\n  Ciudadan\u00edasEuropeas.com, una gestor\u00eda de tr\u00e1mites migratorios de  Buenos Aires, triplic\u00f3 las consultas cada d\u00eda que los peri\u00f3dicos y los canales  de televisi\u00f3n de Argentina emitieron noticias sobre la Ley de Memoria Hist\u00f3rica. \u201cDe  50 consultas diarias pasamos a 150\u201d,  reconoci\u00f3 su directora, Laura Fern\u00e1ndez Taito. La abogada admite que a\u00fan existen  dudas sobre el alcance de la ley: si incluir\u00e1 a los descendientes de emigrantes  que salieron de Espa\u00f1a antes de 1936 y si beneficiar\u00e1 a los nietos cuyos padres  no hayan obtenido la nacionalidad espa\u00f1ola y ya hayan fallecido.<br \/>&#13;<br \/>\n  <br \/>&#13;<br \/>\n  En noviembre, Rodr\u00edguez Zapatero tambi\u00e9n visit\u00f3 Buenos Aires y  se referiri\u00f3 a la ley que permitir\u00e1 la nacionalizaci\u00f3n de nietos. \u201cNo sabemos  cu\u00e1ntos van a ser, pero yo estoy seguro de que ser\u00e1n miles y miles y miles; en  Espa\u00f1a muchos dicen que a lo mejor son m\u00e1s de un mill\u00f3n, pero os puedo asegurar  que es de justicia, y sean los que sean, todos van a ser espa\u00f1oles\u201d.<\/p>\n<p>&#13;<\/p>\n<h6> 2007-12-18 05:50:16 <\/h6>\n<p><!--\n<link rel=\"stylesheet\" href=\"css\/bootstrap.min.css\">\n\n\n<ul class=\"pagination\">\n\t    \n\t\n\n<li >\n\t<a href='?page_no=34576'>Previous<\/a>\n\t<\/li>\n\n\n       \n    \n\n<li><a href='?page_no=1'>1<\/a><\/li>\n\n\n\n<li><a href='?page_no=2'>2<\/a><\/li>\n\n\n\n<li><a>...<\/a><\/li>\n\n\n\n<li><a href='?page_no=34575'>34575<\/a><\/li>\n\n\n\n<li><a href='?page_no=34576'>34576<\/a><\/li>\n\n\n\n<li class='active'><a>34577<\/a><\/li>\n\n\n\n<li><a href='?page_no=34578'>34578<\/a><\/li>\n\n\n\n<li><a href='?page_no=34579'>34579<\/a><\/li>\n\n\n\n<li><a>...<\/a><\/li>\n\n\n\n<li><a href='?page_no=36999'>36999<\/a><\/li>\n\n\n\n<li><a href='?page_no=37000'>37000<\/a><\/li>\n\n    \n\t\n\n<li >\n\t<a href='?page_no=34578'>Next<\/a>\n\t<\/li>\n\n\n    \n\n<li><a href='?page_no=37000'>Last &rsaquo;&rsaquo;<\/a><\/li>\n\n<\/ul>\n\n\n--><br \/>\n<\/body><\/p>\n","protected":false},"excerpt":{"rendered":"<p>200.000 espa\u00f1oles m\u00e1s&#13; &#13; La Ley de Memoria Hist\u00f3rica desata la euforia en Argentina por la posibilidad de que los nietos de exiliados recuperen la nacionalidad &#13; BUENOS AIRES.- La Ley de Memoria Hist\u00f3rica, por la que nietos de emigrantes espa\u00f1oles podr\u00e1n recuperar la nacionalidad de sus antepasados, ha despertado expectativas en Argentina.&#13; &#13; El [&hellip;]<\/p>\n","protected":false},"author":3,"featured_media":0,"comment_status":"open","ping_status":"open","sticky":false,"template":"","format":"standard","meta":{"footnotes":""},"categories":[22],"tags":[],"class_list":["post-191829","post","type-post","status-publish","format-standard","hentry","category-politica"],"_links":{"self":[{"href":"https:\/\/diariodominicano.com\/index.php?rest_route=\/wp\/v2\/posts\/191829","targetHints":{"allow":["GET"]}}],"collection":[{"href":"https:\/\/diariodominicano.com\/index.php?rest_route=\/wp\/v2\/posts"}],"about":[{"href":"https:\/\/diariodominicano.com\/index.php?rest_route=\/wp\/v2\/types\/post"}],"author":[{"embeddable":true,"href":"https:\/\/diariodominicano.com\/index.php?rest_route=\/wp\/v2\/users\/3"}],"replies":[{"embeddable":true,"href":"https:\/\/diariodominicano.com\/index.php?rest_route=%2Fwp%2Fv2%2Fcomments&post=191829"}],"version-history":[{"count":0,"href":"https:\/\/diariodominicano.com\/index.php?rest_route=\/wp\/v2\/posts\/191829\/revisions"}],"wp:attachment":[{"href":"https:\/\/diariodominicano.com\/index.php?rest_route=%2Fwp%2Fv2%2Fmedia&parent=191829"}],"wp:term":[{"taxonomy":"category","embeddable":true,"href":"https:\/\/diariodominicano.com\/index.php?rest_route=%2Fwp%2Fv2%2Fcategories&post=191829"},{"taxonomy":"post_tag","embeddable":true,"href":"https:\/\/diariodominicano.com\/index.php?rest_route=%2Fwp%2Fv2%2Ftags&post=191829"}],"curies":[{"name":"wp","href":"https:\/\/api.w.org\/{rel}","templated":true}]}}