{"id":191827,"date":"2007-12-18T05:59:58","date_gmt":"2007-12-18T05:59:58","guid":{"rendered":"http:\/\/diariodominicano.ddns.net\/?p=191827"},"modified":"2007-12-18T05:59:58","modified_gmt":"2007-12-18T05:59:58","slug":"tribunal-supremo-dc-resolvera-el-miercoles-26-expulsion-de-zaldivar","status":"publish","type":"post","link":"https:\/\/diariodominicano.com\/?p=191827","title":{"rendered":"Tribunal Supremo DC resolver\u00e1 el mi\u00e9rcoles 26 expulsi\u00f3n de Zald\u00edvar"},"content":{"rendered":"<p><body><\/p>\n<h1 align=\"justify\" class=\"titulogrande1\">Tribunal Supremo DC resolver\u00e1 el mi\u00e9rcoles 26 expulsi\u00f3n de Zald\u00edvar<\/h1>\n<p>&#13;<\/p>\n<p align=\"justify\"><strong>Durante la sesi\u00f3n de hoy, los 15 integrantes del TS se dedicaron a analizar  la presentaci\u00f3n de las partes, tanto del senador color\u00edn como de la mesa  directiva.<\/strong><\/p>\n<p>&#13;<\/p>\n<p align=\"justify\" class=\"text1noticias\"><img loading=\"lazy\" decoding=\"async\" src=\"http:\/\/localhost:8080\/pictures\/carlos figueroa.jpg\" width=\"269\" height=\"202\" hspace=\"4\" align=\"left\" \/>El presidente del Tribunal Supremo (TS) de la Democracia Cristiana,\u00a0Carlos  Figueroa, inform\u00f3 que la instancia disciplinaria reci\u00e9n comenzar\u00e1 a  redactar el fallo en el proceso que analiza la expulsi\u00f3n del  senador\u00a0Adolfo Zald\u00edvar\u00a0el rp\u00f3ximo mi\u00e9rcoles 26 de diciembre.<br \/>&#13;<br \/>\n  <br \/>&#13;<br \/>\n  Durante la sesi\u00f3n de hoy, los 15 integrantes del TS se dedicaron a analizar  la presentaci\u00f3n de las partes, tanto del senador color\u00edn como de la mesa  directiva.<br \/>&#13;<br \/>\n  <br \/>&#13;<br \/>\n  El titular del TS explic\u00f3 adem\u00e1s que ya no se realizar\u00e1n m\u00e1s diligencias que  la del pr\u00f3ximo mi\u00e9rcoles, y aunque lo m\u00e1s probable es que ese d\u00eda se llegue a  un acuerdo y se emita un fallo, \u00e9ste no podr\u00e1 ser dado a conocer en su  totalidad debido a que s\u00f3lo entonces comenzar\u00e1 su redacci\u00f3n.<br \/>&#13;<br \/>\n  <br \/>&#13;<br \/>\n  Fgueroa descart\u00f3 nuevamente que el tribunal est\u00e9 siendo objeto de presiones.  \u00abYo ya dije una vez, pocas veces en mi vida he estado m\u00e1s tranquilo que  ahora\u00bb, se\u00f1al\u00f3, al tiempo de destacar la acuciosidad con que trabaja la  instancia.<br \/>&#13;<br \/>\n  <br \/>&#13;<br \/>\n  El martes pasado fue el turno de presentar sus descargos ante el tribunal  del propio Zald\u00edvar y su abogado Hern\u00e1n Bosselin.<br \/>&#13;<br \/>\n  <br \/>&#13;<br \/>\n  En la oportunidad, el senador color\u00edn critic\u00f3 duramente al TS, por avalar la  \u00abmentira\u00bb de la directiva para iniciar un proceso de expulsi\u00f3n en su  contra.<br \/>&#13;<br \/>\n  <br \/>&#13;<br \/>\n  La directiva, presidida por Soledad Alvear, est\u00e1 firmemente convencida de  que el parlamentario ha llegado muy lejos y debe ser expulsado de la falange.  Esto, luego que el ex presidente de la colectividad rechazara en conjunto con  la derecha los recursos para el Transantiago en el marco de la discusi\u00f3n de la  ley de Presupuesto y luego, tras ser suspendido en su militancia, se\u00f1alara que  la mesa es una \u00abasociaci\u00f3n il\u00edcita\u00bb que \u00abest\u00e1 coludida con la  corrupci\u00f3n\u00bb.<br \/>&#13;<br \/>\n  <br \/>&#13;<br \/>\n  El l\u00edder del sector color\u00edn, en tanto,\u00a0se encuentra preparando su  ofensiva en caso de ser expulsado, evaluando recurrir a la Corte de Apelaciones, al  Tribunal Constitucional o al Tribunal Calificador\u00a0de Elecciones.<br \/>&#13;<br \/>\n  <br \/>&#13;<br \/>\n  <strong>Francisco Aguila A\/La Tercera<\/strong><\/p>\n<p>&#13;<\/p>\n<h6> 2007-12-18 05:59:58 <\/h6>\n<p><!--\n<link rel=\"stylesheet\" href=\"css\/bootstrap.min.css\">\n\n\n<ul class=\"pagination\">\n\t    \n\t\n\n<li >\n\t<a href='?page_no=34574'>Previous<\/a>\n\t<\/li>\n\n\n       \n    \n\n<li><a href='?page_no=1'>1<\/a><\/li>\n\n\n\n<li><a href='?page_no=2'>2<\/a><\/li>\n\n\n\n<li><a>...<\/a><\/li>\n\n\n\n<li><a href='?page_no=34573'>34573<\/a><\/li>\n\n\n\n<li><a href='?page_no=34574'>34574<\/a><\/li>\n\n\n\n<li class='active'><a>34575<\/a><\/li>\n\n\n\n<li><a href='?page_no=34576'>34576<\/a><\/li>\n\n\n\n<li><a href='?page_no=34577'>34577<\/a><\/li>\n\n\n\n<li><a>...<\/a><\/li>\n\n\n\n<li><a href='?page_no=36999'>36999<\/a><\/li>\n\n\n\n<li><a href='?page_no=37000'>37000<\/a><\/li>\n\n    \n\t\n\n<li >\n\t<a href='?page_no=34576'>Next<\/a>\n\t<\/li>\n\n\n    \n\n<li><a href='?page_no=37000'>Last &rsaquo;&rsaquo;<\/a><\/li>\n\n<\/ul>\n\n\n--><br \/>\n<\/body><\/p>\n","protected":false},"excerpt":{"rendered":"<p>Tribunal Supremo DC resolver\u00e1 el mi\u00e9rcoles 26 expulsi\u00f3n de Zald\u00edvar &#13; Durante la sesi\u00f3n de hoy, los 15 integrantes del TS se dedicaron a analizar la presentaci\u00f3n de las partes, tanto del senador color\u00edn como de la mesa directiva. &#13; El presidente del Tribunal Supremo (TS) de la Democracia Cristiana,\u00a0Carlos Figueroa, inform\u00f3 que la instancia [&hellip;]<\/p>\n","protected":false},"author":3,"featured_media":0,"comment_status":"open","ping_status":"open","sticky":false,"template":"","format":"standard","meta":{"footnotes":""},"categories":[22],"tags":[],"class_list":["post-191827","post","type-post","status-publish","format-standard","hentry","category-politica"],"_links":{"self":[{"href":"https:\/\/diariodominicano.com\/index.php?rest_route=\/wp\/v2\/posts\/191827","targetHints":{"allow":["GET"]}}],"collection":[{"href":"https:\/\/diariodominicano.com\/index.php?rest_route=\/wp\/v2\/posts"}],"about":[{"href":"https:\/\/diariodominicano.com\/index.php?rest_route=\/wp\/v2\/types\/post"}],"author":[{"embeddable":true,"href":"https:\/\/diariodominicano.com\/index.php?rest_route=\/wp\/v2\/users\/3"}],"replies":[{"embeddable":true,"href":"https:\/\/diariodominicano.com\/index.php?rest_route=%2Fwp%2Fv2%2Fcomments&post=191827"}],"version-history":[{"count":0,"href":"https:\/\/diariodominicano.com\/index.php?rest_route=\/wp\/v2\/posts\/191827\/revisions"}],"wp:attachment":[{"href":"https:\/\/diariodominicano.com\/index.php?rest_route=%2Fwp%2Fv2%2Fmedia&parent=191827"}],"wp:term":[{"taxonomy":"category","embeddable":true,"href":"https:\/\/diariodominicano.com\/index.php?rest_route=%2Fwp%2Fv2%2Fcategories&post=191827"},{"taxonomy":"post_tag","embeddable":true,"href":"https:\/\/diariodominicano.com\/index.php?rest_route=%2Fwp%2Fv2%2Ftags&post=191827"}],"curies":[{"name":"wp","href":"https:\/\/api.w.org\/{rel}","templated":true}]}}