{"id":191826,"date":"2007-12-18T15:09:54","date_gmt":"2007-12-18T15:09:54","guid":{"rendered":"http:\/\/diariodominicano.ddns.net\/?p=191826"},"modified":"2007-12-18T15:09:54","modified_gmt":"2007-12-18T15:09:54","slug":"candidato-presidencial-del-prd-cabeza-cena-de-mcr","status":"publish","type":"post","link":"https:\/\/diariodominicano.com\/?p=191826","title":{"rendered":"Candidato presidencial del PRD cabeza cena de MCR"},"content":{"rendered":"<p><body><\/p>\n<p align=\"justify\"><strong class=\"titulogrande1\">Candidato presidencial del  PRD cabeza cena de MCR <\/strong><br \/>&#13;<br \/>\n    <br \/>&#13;<br \/>\n    <span class=\"text1noticias\"><strong><img loading=\"lazy\" decoding=\"async\" src=\"http:\/\/localhost:8080\/pictures\/vargas maldonado pic.jpg\" width=\"269\" height=\"330\" hspace=\"4\" align=\"left\" \/>SANTO DOMINGO.- <\/strong>El candidato  presidencial del Partido Revolucionario Dominicano (PRD), Miguel Vargas  Maldonado, encabez\u00f3 la cena de gala navide\u00f1a del Movimiento C\u00edvico Renovador,  en el Club del Legislador en Santo Domingo Este. <br \/>&#13;<br \/>\n    <br \/>&#13;<br \/>\n    En una nota informativa el MCR indic\u00f3 que el aspirante presidencial fue  recibido por el anfitri\u00f3n, el mayor general retirado, Jorge Zorrilla Ozuna,  presidente del MCR.<br \/>&#13;<br \/>\n    <br \/>&#13;<br \/>\n    El documento se\u00f1al\u00f3 que lugar fue engalanado por una vistosa decoraci\u00f3n de las  mesas y montaron un escenario de luces con efectos especiales y fuegos  artificiales, para el disfrute de los presentes. <br \/>&#13;<br \/>\n    <br \/>&#13;<br \/>\n    Manifest\u00f3 que asistieron adem\u00e1s, los coordinadores nacionales de ese movimiento  pol\u00edtico, invitados especiales y diputados perrede\u00edstas de esa demarcaci\u00f3n  territorial.<br \/>&#13;<br \/>\n    <\/span><\/p>\n<p>&#13;<\/p>\n<div align=\"justify\" class=\"text1noticias\">\u201cDurante el discurso, el ingeniero Vargas Maldonado,  elogi\u00f3 el trabajo que hace el movimiento del ex jefe del Ej\u00e9rcito en todos los  rincones del pa\u00eds\u201d, explic\u00f3 el despacho de prensa. <br \/>&#13;<br \/>\n    <br \/>&#13;<br \/>\n    Manifest\u00f3 que el MCR naci\u00f3 desde antes de la convenci\u00f3n del PRD y ha trazado la  pauta a los dem\u00e1s movimientos externos en materia de organizaci\u00f3n y sacrificio.<br \/>&#13;<br \/>\n    <br \/>&#13;<br \/>\n    De su lado Zorrilla Ozuna, resalt\u00f3 las cualidades del candidato perrede\u00edsta  para ocupar la presidencia de la   Rep\u00fablica a partir del pr\u00f3ximo 16 de agosto. <br \/>&#13;<br \/>\n    <br \/>&#13;<br \/>\n    El militar en retiro, dijo que el MCR continuar\u00e1 sin descansar conquistando el  voto externo y de los indecisos, no importa lo lejano del lugar donde se  encuentren.<br \/>&#13;<br \/>\n    <br \/>&#13;<br \/>\n\u201dEl acto culmin\u00f3 con un show musical a cargo de solistas y bailarines de  ballet, salsa y bachata\u201d, se\u00f1al\u00f3 el documento. <br \/>&#13;\n<\/div>\n<p>&#13;<\/p>\n<h6> 2007-12-18 15:09:54 <\/h6>\n<p><!--\n<link rel=\"stylesheet\" href=\"css\/bootstrap.min.css\">\n\n\n<ul class=\"pagination\">\n\t    \n\t\n\n<li >\n\t<a href='?page_no=34573'>Previous<\/a>\n\t<\/li>\n\n\n       \n    \n\n<li><a href='?page_no=1'>1<\/a><\/li>\n\n\n\n<li><a href='?page_no=2'>2<\/a><\/li>\n\n\n\n<li><a>...<\/a><\/li>\n\n\n\n<li><a href='?page_no=34572'>34572<\/a><\/li>\n\n\n\n<li><a href='?page_no=34573'>34573<\/a><\/li>\n\n\n\n<li class='active'><a>34574<\/a><\/li>\n\n\n\n<li><a href='?page_no=34575'>34575<\/a><\/li>\n\n\n\n<li><a href='?page_no=34576'>34576<\/a><\/li>\n\n\n\n<li><a>...<\/a><\/li>\n\n\n\n<li><a href='?page_no=36999'>36999<\/a><\/li>\n\n\n\n<li><a href='?page_no=37000'>37000<\/a><\/li>\n\n    \n\t\n\n<li >\n\t<a href='?page_no=34575'>Next<\/a>\n\t<\/li>\n\n\n    \n\n<li><a href='?page_no=37000'>Last &rsaquo;&rsaquo;<\/a><\/li>\n\n<\/ul>\n\n\n--><br \/>\n<\/body><\/p>\n","protected":false},"excerpt":{"rendered":"<p>Candidato presidencial del PRD cabeza cena de MCR &#13; &#13; SANTO DOMINGO.- El candidato presidencial del Partido Revolucionario Dominicano (PRD), Miguel Vargas Maldonado, encabez\u00f3 la cena de gala navide\u00f1a del Movimiento C\u00edvico Renovador, en el Club del Legislador en Santo Domingo Este. &#13; &#13; En una nota informativa el MCR indic\u00f3 que el aspirante presidencial [&hellip;]<\/p>\n","protected":false},"author":3,"featured_media":0,"comment_status":"open","ping_status":"open","sticky":false,"template":"","format":"standard","meta":{"footnotes":""},"categories":[22],"tags":[],"class_list":["post-191826","post","type-post","status-publish","format-standard","hentry","category-politica"],"_links":{"self":[{"href":"https:\/\/diariodominicano.com\/index.php?rest_route=\/wp\/v2\/posts\/191826","targetHints":{"allow":["GET"]}}],"collection":[{"href":"https:\/\/diariodominicano.com\/index.php?rest_route=\/wp\/v2\/posts"}],"about":[{"href":"https:\/\/diariodominicano.com\/index.php?rest_route=\/wp\/v2\/types\/post"}],"author":[{"embeddable":true,"href":"https:\/\/diariodominicano.com\/index.php?rest_route=\/wp\/v2\/users\/3"}],"replies":[{"embeddable":true,"href":"https:\/\/diariodominicano.com\/index.php?rest_route=%2Fwp%2Fv2%2Fcomments&post=191826"}],"version-history":[{"count":0,"href":"https:\/\/diariodominicano.com\/index.php?rest_route=\/wp\/v2\/posts\/191826\/revisions"}],"wp:attachment":[{"href":"https:\/\/diariodominicano.com\/index.php?rest_route=%2Fwp%2Fv2%2Fmedia&parent=191826"}],"wp:term":[{"taxonomy":"category","embeddable":true,"href":"https:\/\/diariodominicano.com\/index.php?rest_route=%2Fwp%2Fv2%2Fcategories&post=191826"},{"taxonomy":"post_tag","embeddable":true,"href":"https:\/\/diariodominicano.com\/index.php?rest_route=%2Fwp%2Fv2%2Ftags&post=191826"}],"curies":[{"name":"wp","href":"https:\/\/api.w.org\/{rel}","templated":true}]}}