{"id":191825,"date":"2007-12-19T01:20:59","date_gmt":"2007-12-19T01:20:59","guid":{"rendered":"http:\/\/diariodominicano.ddns.net\/?p=191825"},"modified":"2007-12-19T01:20:59","modified_gmt":"2007-12-19T01:20:59","slug":"amable-aristy-dice-es-evidente-que-hubo-negligencia-en-liberacion-agua-presa-de-tavera","status":"publish","type":"post","link":"https:\/\/diariodominicano.com\/?p=191825","title":{"rendered":"Amable Aristy dice: Es evidente que hubo negligencia en liberaci\u00f3n agua presa de Tavera"},"content":{"rendered":"<p><body><\/p>\n<p align=\"justify\" class=\"titulogrande1\">Amable Aristy  dice: <strong>Es evidente que hubo negligencia<\/strong> <strong>en liberaci\u00f3n agua presa de Tavera<\/strong><\/p>\n<p>&#13;<\/p>\n<p align=\"justify\"><strong>ASEGURA  INVESTIGACION DISPUESTA POR LEONEL ES TACTICA DILATORIA PARA QUE SE OLVIDE  TRAGEDIA<\/strong><\/p>\n<p>&#13;<\/p>\n<p align=\"justify\" class=\"text1noticias\"><img loading=\"lazy\" decoding=\"async\" src=\"http:\/\/localhost:8080\/pictures\/amable rifa.jpg\" width=\"269\" height=\"184\" hspace=\"4\" align=\"left\" \/>El candidato  presidencial del Partido Reformista Social Cristiano (PRSC) declar\u00f3\u00a0 que qued\u00f3 \u201cm\u00e1s que demostrado\u201d con los  informes de t\u00e9cnicos calificados locales y de la NASA, la negligente en la  liberaci\u00f3n de una cantidad exorbitante de agua de la presa de Tavera que  provoc\u00f3 decenas de muertos, desaparecidos y destrucciones de viviendas,  negocios y plantaciones agr\u00edcolas.<\/p>\n<p>&#13;<\/p>\n<p align=\"justify\" class=\"text1noticias\">Amable Aristy  dijo que la decisi\u00f3n del presidente Leonel Fern\u00e1ndez de designar una comisi\u00f3n  para que rinda un informe en tres meses sobre lo ocurrido con el desag\u00fce de la  presa \u201ces una t\u00e1ctica dilatoria que busca diluir el impacto de este crimen y  evitar que los afectados reclamen indemnizaciones\u201d.<\/p>\n<p>&#13;<\/p>\n<p align=\"justify\" class=\"text1noticias\">\u201cNadie duda que  los muertos y desaparecidos, los destrozos a viviendas, comercios y sembrad\u00edos  agr\u00edcolas, fue\u00a0 consecuencia del desag\u00fce  irresponsable del embalse por parte de funcionarios del gobierno, entre ellos  el director del INDRHI\u201d, expres\u00f3.<\/p>\n<p>&#13;<\/p>\n<p align=\"justify\" class=\"text1noticias\">Aristy Castro  entiende que decirle a los dominicanos que en abril de 2008 se informar\u00e1 si  hubo o no mal manejo en la liberaci\u00f3n del agua de la presa de Tavera, \u201clo \u00fanico  que busca es darle larga al tiempo y distraer a la opini\u00f3n p\u00fablica\u201d.<\/p>\n<p>&#13;<\/p>\n<p align=\"justify\" class=\"text1noticias\">Llam\u00f3 a los  afectados a no esperar el informe de la referida comisi\u00f3n y constituirse en  parte civil y demandar la indemnizaci\u00f3n por los da\u00f1os que esta negligencia le  ha provocado.<\/p>\n<p>&#13;<\/p>\n<p align=\"justify\" class=\"text1noticias\">Anunci\u00f3 asimismo  que \u00a0instruy\u00f3 a los bloques  parlamentarios del PRSC plantear modificaciones al proyecto de ley de Presupuesto  de Ingresos y Gastos P\u00fablicos de 2008 para que se incluya una partida de 2 mil  millones de pesos para tales fines.<\/p>\n<p>&#13;<\/p>\n<p align=\"justify\" class=\"text1noticias\">Dijo que los  abogados del Partido Reformista est\u00e1n listos para instrumentar los expedientes  en requerimiento de los afectados y que en una verdadera democracia el Estado  tiene que responder por los errores que se cometen en perjuicio de los  gobernados.<\/p>\n<p>&#13;<\/p>\n<h6> 2007-12-19 01:20:59 <\/h6>\n<p><!--\n<link rel=\"stylesheet\" href=\"css\/bootstrap.min.css\">\n\n\n<ul class=\"pagination\">\n\t    \n\t\n\n<li >\n\t<a href='?page_no=34572'>Previous<\/a>\n\t<\/li>\n\n\n       \n    \n\n<li><a href='?page_no=1'>1<\/a><\/li>\n\n\n\n<li><a href='?page_no=2'>2<\/a><\/li>\n\n\n\n<li><a>...<\/a><\/li>\n\n\n\n<li><a href='?page_no=34571'>34571<\/a><\/li>\n\n\n\n<li><a href='?page_no=34572'>34572<\/a><\/li>\n\n\n\n<li class='active'><a>34573<\/a><\/li>\n\n\n\n<li><a href='?page_no=34574'>34574<\/a><\/li>\n\n\n\n<li><a href='?page_no=34575'>34575<\/a><\/li>\n\n\n\n<li><a>...<\/a><\/li>\n\n\n\n<li><a href='?page_no=36999'>36999<\/a><\/li>\n\n\n\n<li><a href='?page_no=37000'>37000<\/a><\/li>\n\n    \n\t\n\n<li >\n\t<a href='?page_no=34574'>Next<\/a>\n\t<\/li>\n\n\n    \n\n<li><a href='?page_no=37000'>Last &rsaquo;&rsaquo;<\/a><\/li>\n\n<\/ul>\n\n\n--><br \/>\n<\/body><\/p>\n","protected":false},"excerpt":{"rendered":"<p>Amable Aristy dice: Es evidente que hubo negligencia en liberaci\u00f3n agua presa de Tavera &#13; ASEGURA INVESTIGACION DISPUESTA POR LEONEL ES TACTICA DILATORIA PARA QUE SE OLVIDE TRAGEDIA &#13; El candidato presidencial del Partido Reformista Social Cristiano (PRSC) declar\u00f3\u00a0 que qued\u00f3 \u201cm\u00e1s que demostrado\u201d con los informes de t\u00e9cnicos calificados locales y de la NASA, [&hellip;]<\/p>\n","protected":false},"author":3,"featured_media":0,"comment_status":"open","ping_status":"open","sticky":false,"template":"","format":"standard","meta":{"footnotes":""},"categories":[22],"tags":[],"class_list":["post-191825","post","type-post","status-publish","format-standard","hentry","category-politica"],"_links":{"self":[{"href":"https:\/\/diariodominicano.com\/index.php?rest_route=\/wp\/v2\/posts\/191825","targetHints":{"allow":["GET"]}}],"collection":[{"href":"https:\/\/diariodominicano.com\/index.php?rest_route=\/wp\/v2\/posts"}],"about":[{"href":"https:\/\/diariodominicano.com\/index.php?rest_route=\/wp\/v2\/types\/post"}],"author":[{"embeddable":true,"href":"https:\/\/diariodominicano.com\/index.php?rest_route=\/wp\/v2\/users\/3"}],"replies":[{"embeddable":true,"href":"https:\/\/diariodominicano.com\/index.php?rest_route=%2Fwp%2Fv2%2Fcomments&post=191825"}],"version-history":[{"count":0,"href":"https:\/\/diariodominicano.com\/index.php?rest_route=\/wp\/v2\/posts\/191825\/revisions"}],"wp:attachment":[{"href":"https:\/\/diariodominicano.com\/index.php?rest_route=%2Fwp%2Fv2%2Fmedia&parent=191825"}],"wp:term":[{"taxonomy":"category","embeddable":true,"href":"https:\/\/diariodominicano.com\/index.php?rest_route=%2Fwp%2Fv2%2Fcategories&post=191825"},{"taxonomy":"post_tag","embeddable":true,"href":"https:\/\/diariodominicano.com\/index.php?rest_route=%2Fwp%2Fv2%2Ftags&post=191825"}],"curies":[{"name":"wp","href":"https:\/\/api.w.org\/{rel}","templated":true}]}}