{"id":191823,"date":"2007-12-19T04:49:30","date_gmt":"2007-12-19T04:49:30","guid":{"rendered":"http:\/\/diariodominicano.ddns.net\/?p=191823"},"modified":"2007-12-19T04:49:30","modified_gmt":"2007-12-19T04:49:30","slug":"la-disidencia-cree-que-la-penuria-economica-impondra-el-cambio","status":"publish","type":"post","link":"https:\/\/diariodominicano.com\/?p=191823","title":{"rendered":"La disidencia cree que la penuria econ\u00f3mica impondr\u00e1 el cambio"},"content":{"rendered":"<p><body><\/p>\n<p><strong class=\"titulogrande1\">La disidencia  cree que la penuria econ\u00f3mica impondr\u00e1 el cambio<\/strong><br \/>&#13;<br \/>\n  <br \/>&#13;<br \/>\n    <strong>Los opositores exigen  m\u00e1s hechos y menos declaraciones <\/strong><\/p>\n<p>&#13;<\/p>\n<p align=\"justify\" class=\"text1noticias\">Pasaba el mediod\u00eda habanero cuando Oswaldo Pay\u00e1, fundador del  Movimiento Cristiano de Liberaci\u00f3n, entregaba en la Asamblea Nacional  un proyecto de amnist\u00eda para los presos pol\u00edticos cubanos.<br \/>&#13;<br \/>\n  <br \/>\u00abFidel  se ha dado cuenta de que le ha llegado su hora\u00bb, se\u00f1ala Marta Frayde<br \/>&#13;<br \/>\n  <br \/>\u00abCastro  seguir\u00e1 intentando influir\u00bb, dice el economista \u00d3scar Espinosa<br \/>&#13;<br \/>\n  <br \/>&#13;<br \/>\nA esa hora, los analistas se devanaban los sesos tratando de  dilucidar el significado de las palabras de Fidel Castro sobre su \u00abdeber  de no aferrarse a cargos\u00bb -que ha ostentado durante medio siglo- y de dar  paso a \u00abpersonas m\u00e1s j\u00f3venes\u00bb. Pero Pay\u00e1, premio Sajarov del  Parlamento Europeo e infatigable promotor de iniciativas que han ido permeando  en la sociedad cubana, como el Proyecto Valera o los comit\u00e9s de reconciliaci\u00f3n,  no presta o\u00eddos a declaraciones, sobre todo cuando tantos de sus compa\u00f1eros  cumplen condenas por promover la democratizaci\u00f3n. \u00abFidel puede decir lo  que quiera. \u00bfSus palabras son s\u00edntoma de algo? Tal vez. El problema es el  r\u00e9gimen. La situaci\u00f3n real no ha cambiado\u00bb. Habla Carlos Pay\u00e1, hermano de  Oswaldo, que vive en Madrid desde hace 21 a\u00f1os.<br \/>&#13;<br \/>\n<br \/>&#13;<br \/>\nCurtidos en cinco d\u00e9cadas de espera, los disidentes cubanos de  dentro y de fuera de la isla toman las declaraciones de Castro con escepticismo  y desconfianza. Porque si algo ha ofrecido el L\u00edder M\u00e1ximo en 49 a\u00f1os de  dictadura son discursos, prolijos y eternos.<br \/>&#13;<br \/>\n<br \/>&#13;<br \/>\n\u00abFidel tiene un gran poder de simulaci\u00f3n que le ha  permitido mantenerse en el poder\u00bb, se\u00f1ala la pedagoga Marta Frayde, ex  embajadora de Cuba ante la   Unesco y fundadora del Comit\u00e9 Cubano Pro Derechos Humanos,  antes de partir al exilio en Espa\u00f1a en 1979. \u00abSe ha dado cuenta de que le  ha llegado su hora, y quiere dejar las cosas bien amarradas\u00bb. A sus 87  a\u00f1os, Frayde ya no quiere o\u00edr hablar de declaraciones. \u00abLo que tiene que  haber es una rectificaci\u00f3n de los errores pol\u00edticos y econ\u00f3micos que han  cometido, y que nos han causado tantos a\u00f1os de sufrimiento. Y esa rectificaci\u00f3n  no se ve por ninguna parte\u00bb.<br \/>&#13;<br \/>\n<br \/>&#13;<br \/>\n\u00abCambios sustanciales no ha habido, es cierto. Pero se  est\u00e1n dando movimientos in\u00e9ditos\u00bb, se\u00f1ala desde La Habana el economista y  diplom\u00e1tico \u00d3scar Espinosa Chepe. \u00abEn su discurso del pasado 26 de julio,  Ra\u00fal Castro se comprometi\u00f3 con una serie de reformas, y si no los hace ser\u00eda  suicida. Dentro del partido hay mucha presi\u00f3n. Un dirigente hablaba este fin de  semana en Juventud Rebelde de la necesidad del cambio agrario y entregar  tierras a los campesinos. Estamos en una situaci\u00f3n desesperada de  desabastecimiento. Cuba, que es un pa\u00eds agr\u00edcola, est\u00e1 importando el 84% de los  alimentos que necesita, fundamentalmente de Estados Unidos. El salario, en  t\u00e9rminos reales, es el 24% de los niveles de 1989. Est\u00e1n obligados a hacer  reformas, lo quieran o no, porque esto es insostenible\u00bb.<br \/>&#13;<br \/>\n<br \/>&#13;<br \/>\nEl cambio econ\u00f3mico es la antesala de la democratizaci\u00f3n, dice  Espinosa, condenado a 20 a\u00f1os y en libertad condicional por sus problemas de  salud. La derrota de la reforma constitucional del presidente venezolano, Hugo  Ch\u00e1vez, principal abastecedor de la isla, es otro factor que preocupa a la  c\u00fapula cubana, se\u00f1ala Espinosa.<br \/>&#13;<br \/>\n<br \/>&#13;<br \/>\n\u00abTodo es muy sutil. Pero Fidel se acab\u00f3. No aparece por  ning\u00fan lado. Las fotos est\u00e1n retocadas. Est\u00e1 muy mal de salud. El problema es  que mientras est\u00e9 respirando, seguir\u00e1 tratando de influir en la pol\u00edtica.  Adem\u00e1s, tiene un grupo de colaboradores, los talibanes, cuyo poder  depende de que Fidel siga influyendo\u00bb, explica.<br \/>&#13;<br \/>\n<br \/>&#13;<br \/>\nOtros disidentes, como el periodista Carlos Alberto Montaner,  encuentra un contrasentido que Fidel sugiera una retirada cuando al mismo  tiempo acepta su postulaci\u00f3n para las elecciones de enero a la Asamblea Nacional.  Para Montaner, las palabras de Fidel podr\u00edan revelar problemas internos.  \u00abEn \u00faltimos 16 meses, Ra\u00fal le ha presentado en tres ocasiones reformas que  \u00e9l ha rechazado\u00bb. Castro expres\u00f3 recientemente sus reservas sobre la firma  de convenciones internacionales de derechos humanos, anunciada por el ministro  de Exteriores, Felipe P\u00e9rez Roque. Al margen de los tira y afloja, Montaner  vaticina un \u00abcambio acelerado\u00bb tras la muerte de Castro. \u00abCuando  cambia el Estado, las instituciones cambian. Esos Estados totalitarios son  teatros, donde cada uno ejecuta su papel. Los cuadros est\u00e1n desmoralizados. <br \/>&#13;<br \/>\n<br \/>&#13;<br \/>\nHay  50 Adolfo Su\u00e1rez que esperan su momento\u00bb.<br \/>&#13;<br \/>\n<br \/>&#13;<br \/>\n  <strong>Extractos de la carta de Fidel Castro<\/strong><br \/>&#13;<br \/>\n  <br \/>&#13;<br \/>\n  &#8211; \u00abMi deber elemental no es  aferrarme a cargos y mucho menos obstruir el paso a personas m\u00e1s j\u00f3venes, sino  aportar experiencias e ideas cuyo modesto valor proviene de la \u00e9poca excepcional  que me toc\u00f3 vivir\u00bb, afirma el dirigente cubano en la carta.<br \/>&#13;<br \/>\n  <br \/>&#13;<br \/>\n  &#8211; \u00abNo albergo ilusiones, mi m\u00e1s  profunda convicci\u00f3n es que las respuestas a los problemas actuales de la  sociedad cubana, que posee un promedio educacional cercano al 12\u00ba grado, casi  un mill\u00f3n de graduados universitarios (&#8230;) requieren m\u00e1s variantes de  respuesta para cada problema concreto que las contenidas en un tablero de  ajedrez\u00bb.<br \/>&#13;<br \/>\n  <br \/>&#13;<br \/>\n  &#8211; \u00abNi un solo detalle se puede  ignorar, y no se trata de un camino f\u00e1cil si es que la inteligencia del ser  humano en una sociedad revolucionaria ha de prevalecer sobre sus  instintos\u00bb.<br \/>&#13;<br \/>\n  <br \/>&#13;<br \/>\n  <strong>MAITE RICO<\/strong> &#8211; Madrid &#8211; 19\/12\/2007 \/El Pa\u00eds<\/p>\n<p>&#13;<\/p>\n<h6> 2007-12-19 04:49:30 <\/h6>\n<p><!--\n<link rel=\"stylesheet\" href=\"css\/bootstrap.min.css\">\n\n\n<ul class=\"pagination\">\n\t    \n\t\n\n<li >\n\t<a href='?page_no=34570'>Previous<\/a>\n\t<\/li>\n\n\n       \n    \n\n<li><a href='?page_no=1'>1<\/a><\/li>\n\n\n\n<li><a href='?page_no=2'>2<\/a><\/li>\n\n\n\n<li><a>...<\/a><\/li>\n\n\n\n<li><a href='?page_no=34569'>34569<\/a><\/li>\n\n\n\n<li><a href='?page_no=34570'>34570<\/a><\/li>\n\n\n\n<li class='active'><a>34571<\/a><\/li>\n\n\n\n<li><a href='?page_no=34572'>34572<\/a><\/li>\n\n\n\n<li><a href='?page_no=34573'>34573<\/a><\/li>\n\n\n\n<li><a>...<\/a><\/li>\n\n\n\n<li><a href='?page_no=36999'>36999<\/a><\/li>\n\n\n\n<li><a href='?page_no=37000'>37000<\/a><\/li>\n\n    \n\t\n\n<li >\n\t<a href='?page_no=34572'>Next<\/a>\n\t<\/li>\n\n\n    \n\n<li><a href='?page_no=37000'>Last &rsaquo;&rsaquo;<\/a><\/li>\n\n<\/ul>\n\n\n--><br \/>\n<\/body><\/p>\n","protected":false},"excerpt":{"rendered":"<p>La disidencia cree que la penuria econ\u00f3mica impondr\u00e1 el cambio&#13; &#13; Los opositores exigen m\u00e1s hechos y menos declaraciones &#13; Pasaba el mediod\u00eda habanero cuando Oswaldo Pay\u00e1, fundador del Movimiento Cristiano de Liberaci\u00f3n, entregaba en la Asamblea Nacional un proyecto de amnist\u00eda para los presos pol\u00edticos cubanos.&#13; \u00abFidel se ha dado cuenta de que le [&hellip;]<\/p>\n","protected":false},"author":3,"featured_media":0,"comment_status":"open","ping_status":"open","sticky":false,"template":"","format":"standard","meta":{"footnotes":""},"categories":[22],"tags":[],"class_list":["post-191823","post","type-post","status-publish","format-standard","hentry","category-politica"],"_links":{"self":[{"href":"https:\/\/diariodominicano.com\/index.php?rest_route=\/wp\/v2\/posts\/191823","targetHints":{"allow":["GET"]}}],"collection":[{"href":"https:\/\/diariodominicano.com\/index.php?rest_route=\/wp\/v2\/posts"}],"about":[{"href":"https:\/\/diariodominicano.com\/index.php?rest_route=\/wp\/v2\/types\/post"}],"author":[{"embeddable":true,"href":"https:\/\/diariodominicano.com\/index.php?rest_route=\/wp\/v2\/users\/3"}],"replies":[{"embeddable":true,"href":"https:\/\/diariodominicano.com\/index.php?rest_route=%2Fwp%2Fv2%2Fcomments&post=191823"}],"version-history":[{"count":0,"href":"https:\/\/diariodominicano.com\/index.php?rest_route=\/wp\/v2\/posts\/191823\/revisions"}],"wp:attachment":[{"href":"https:\/\/diariodominicano.com\/index.php?rest_route=%2Fwp%2Fv2%2Fmedia&parent=191823"}],"wp:term":[{"taxonomy":"category","embeddable":true,"href":"https:\/\/diariodominicano.com\/index.php?rest_route=%2Fwp%2Fv2%2Fcategories&post=191823"},{"taxonomy":"post_tag","embeddable":true,"href":"https:\/\/diariodominicano.com\/index.php?rest_route=%2Fwp%2Fv2%2Ftags&post=191823"}],"curies":[{"name":"wp","href":"https:\/\/api.w.org\/{rel}","templated":true}]}}