{"id":191822,"date":"2007-12-20T03:36:25","date_gmt":"2007-12-20T03:36:25","guid":{"rendered":"http:\/\/diariodominicano.ddns.net\/?p=191822"},"modified":"2007-12-20T03:36:25","modified_gmt":"2007-12-20T03:36:25","slug":"mvm-dice-lf-es-responsable-exclusivo-proyecto-de-presupuesto","status":"publish","type":"post","link":"https:\/\/diariodominicano.com\/?p=191822","title":{"rendered":"MVM dice LF es responsable exclusivo proyecto de presupuesto"},"content":{"rendered":"<p><body><\/p>\n<p><strong>\u00abPretende  culpar FMI\u00bb<\/strong><\/p>\n<p>&#13;<\/p>\n<p class=\"titulogrande1\">MVM  dice LF es responsable exclusivo proyecto de presupuesto<\/p>\n<p>&#13;<\/p>\n<p align=\"justify\" class=\"text1noticias\"><strong><img loading=\"lazy\" decoding=\"async\" src=\"http:\/\/localhost:8080\/pictures\/maldonado nueva.jpg\" width=\"269\" height=\"190\" hspace=\"4\" align=\"left\" \/>Santo Domingo.- <\/strong>El ingeniero  Miguel Vargas Maldonado asegur\u00f3 que el gobierno del presidente Leonel Fern\u00e1ndez  falta el respeto al pa\u00eds al culpar al Fondo Monetario Internacional (FMI), de  lo que es una responsabilidad exclusiva de su administraci\u00f3n por elaborar un  proyecto de presupuesto violador de las leyes, que no sirve a la lucha contra  la pobreza ni es un instrumento de desarrollo. <\/p>\n<p>&#13;<\/p>\n<p align=\"justify\" class=\"text1noticias\">El candidato presidencial del  Partido Revolucionario Dominicano destac\u00f3 que el FMI no establece condiciones  sobre la composici\u00f3n del gasto ni la inversi\u00f3n p\u00fablica sino que su inter\u00e9s est\u00e1  centrado fundamentalmente en el balance o saldo de las finanzas p\u00fablicas, por  lo que es incierto afirmar que se incumple con la Ley de Autonom\u00eda  Presupuestaria, por presiones del FMI.<\/p>\n<p>&#13;<\/p>\n<p align=\"justify\" class=\"text1noticias\">Cita que es conocido el hecho  de que entre sus condicionalidades el FMI plantea que para el a\u00f1o 2008 el saldo  de las finanzas nacionales alcance un super\u00e1vit primario equivalente a un 1.3%  del Producto Interno Bruto, pero en modo alguno el organismo financiero  internacional se opone al monto del presupuesto que se le asigna a la Suprema Corte de  Justicia, a la Junta   Central Electoral y al Congreso Nacional.<\/p>\n<p>&#13;<\/p>\n<p align=\"justify\" class=\"text1noticias\">\u201cTampoco obliga ni pone  camisa de fuerza alguna al presidente Leonel Fern\u00e1ndez\u201d, puntualiza Vargas  Maldonado, \u201cpara que viole la   Ley General de Educaci\u00f3n, que dispone la inversi\u00f3n del 16%  del Presupuesto Nacional en esa \u00e1rea esencial para el desarrollo y la competitividad  del pa\u00eds, y a la que de nuevo le asigna\u00a0  menos de un 10%\u201d.<\/p>\n<p>&#13;<\/p>\n<p align=\"justify\" class=\"text1noticias\">Sostuvo que en vez de  invertir m\u00e1s en educaci\u00f3n y m\u00e1s en salud, en vez de invertir m\u00e1s en la  seguridad social y ciudadana, en vez de invertir m\u00e1s en el desarrollo humano y  el combate a la pobreza, el candidato presidente ha formulado un presupuesto a  la medida de sus ambiciones continuistas, pues el monto asignado a la Presidencia de la Rep\u00fablica supera con  creces el presupuesto de la   Secretar\u00eda de Educaci\u00f3n.<\/p>\n<p>&#13;<\/p>\n<p align=\"justify\" class=\"text1noticias\">Expuso el candidato  presidencial perrede\u00edsta, lo cierto es que con los recortes de presupuesto a la Junta Central  Electoral, a la Suprema   Corte de Justicia, a los ayuntamientos y a la C\u00e1mara de Cuentas el  presidente candidato procura que se vean obligados a acudir a \u00e9l de manera  personal para\u00a0 conseguir sus recursos,  con la pretensi\u00f3n de favorecer as\u00ed su proyecto reeleccionista.<\/p>\n<p>&#13;<\/p>\n<p align=\"justify\" class=\"text1noticias\">\u201cEn estos tiempos de consenso  y participaci\u00f3n\u201d, puntualiza Vargas Maldonado, \u201ces un verdadero desprop\u00f3sito  que un presidente de la   Rep\u00fablica pretenda usar a su antojo y en funci\u00f3n de sus  ambiciones personales los dineros que pagamos en impuestos todos los ciudadanos  y ciudadanas, y que encima de ello trate de culpar a terceros, como hace con el  FMI, de lo que es su visi\u00f3n atrasada y\u00a0  excluyente\u201d.<\/p>\n<p>&#13;<\/p>\n<p align=\"justify\" class=\"text1noticias\">Dijo que en oposici\u00f3n a esa  concepci\u00f3n de ejercer el poder de espaldas a la sociedad con que gobierna el  presidente Fern\u00e1ndez, \u00e9l est\u00e1 articulando las alianzas y consensos necesarios  para conformar un proyecto de pa\u00eds que a partir del 16 de agosto inaugure un  nuevo cap\u00edtulo en la historia de la Rep\u00fablica Dominicana,  en el que la equidad, el desarrollo humano y el respeto a la Constituci\u00f3n y las  leyes sean objetivos fundamentales del Estado.<\/p>\n<p>&#13;<\/p>\n<h6> 2007-12-20 03:36:25 <\/h6>\n<p><!--\n<link rel=\"stylesheet\" href=\"css\/bootstrap.min.css\">\n\n\n<ul class=\"pagination\">\n\t    \n\t\n\n<li >\n\t<a href='?page_no=34569'>Previous<\/a>\n\t<\/li>\n\n\n       \n    \n\n<li><a href='?page_no=1'>1<\/a><\/li>\n\n\n\n<li><a href='?page_no=2'>2<\/a><\/li>\n\n\n\n<li><a>...<\/a><\/li>\n\n\n\n<li><a href='?page_no=34568'>34568<\/a><\/li>\n\n\n\n<li><a href='?page_no=34569'>34569<\/a><\/li>\n\n\n\n<li class='active'><a>34570<\/a><\/li>\n\n\n\n<li><a href='?page_no=34571'>34571<\/a><\/li>\n\n\n\n<li><a href='?page_no=34572'>34572<\/a><\/li>\n\n\n\n<li><a>...<\/a><\/li>\n\n\n\n<li><a href='?page_no=36999'>36999<\/a><\/li>\n\n\n\n<li><a href='?page_no=37000'>37000<\/a><\/li>\n\n    \n\t\n\n<li >\n\t<a href='?page_no=34571'>Next<\/a>\n\t<\/li>\n\n\n    \n\n<li><a href='?page_no=37000'>Last &rsaquo;&rsaquo;<\/a><\/li>\n\n<\/ul>\n\n\n--><br \/>\n<\/body><\/p>\n","protected":false},"excerpt":{"rendered":"<p>\u00abPretende culpar FMI\u00bb &#13; MVM dice LF es responsable exclusivo proyecto de presupuesto &#13; Santo Domingo.- El ingeniero Miguel Vargas Maldonado asegur\u00f3 que el gobierno del presidente Leonel Fern\u00e1ndez falta el respeto al pa\u00eds al culpar al Fondo Monetario Internacional (FMI), de lo que es una responsabilidad exclusiva de su administraci\u00f3n por elaborar un proyecto [&hellip;]<\/p>\n","protected":false},"author":3,"featured_media":0,"comment_status":"open","ping_status":"open","sticky":false,"template":"","format":"standard","meta":{"footnotes":""},"categories":[22],"tags":[],"class_list":["post-191822","post","type-post","status-publish","format-standard","hentry","category-politica"],"_links":{"self":[{"href":"https:\/\/diariodominicano.com\/index.php?rest_route=\/wp\/v2\/posts\/191822","targetHints":{"allow":["GET"]}}],"collection":[{"href":"https:\/\/diariodominicano.com\/index.php?rest_route=\/wp\/v2\/posts"}],"about":[{"href":"https:\/\/diariodominicano.com\/index.php?rest_route=\/wp\/v2\/types\/post"}],"author":[{"embeddable":true,"href":"https:\/\/diariodominicano.com\/index.php?rest_route=\/wp\/v2\/users\/3"}],"replies":[{"embeddable":true,"href":"https:\/\/diariodominicano.com\/index.php?rest_route=%2Fwp%2Fv2%2Fcomments&post=191822"}],"version-history":[{"count":0,"href":"https:\/\/diariodominicano.com\/index.php?rest_route=\/wp\/v2\/posts\/191822\/revisions"}],"wp:attachment":[{"href":"https:\/\/diariodominicano.com\/index.php?rest_route=%2Fwp%2Fv2%2Fmedia&parent=191822"}],"wp:term":[{"taxonomy":"category","embeddable":true,"href":"https:\/\/diariodominicano.com\/index.php?rest_route=%2Fwp%2Fv2%2Fcategories&post=191822"},{"taxonomy":"post_tag","embeddable":true,"href":"https:\/\/diariodominicano.com\/index.php?rest_route=%2Fwp%2Fv2%2Ftags&post=191822"}],"curies":[{"name":"wp","href":"https:\/\/api.w.org\/{rel}","templated":true}]}}